{"id":114354,"date":"2025-05-20T12:58:13","date_gmt":"2025-05-20T12:58:13","guid":{"rendered":"https:\/\/www.europesays.com\/fr\/114354\/"},"modified":"2025-05-20T12:58:13","modified_gmt":"2025-05-20T12:58:13","slug":"vous-savez-quand-ils-rouvrent-a-paris-le-retour-de-la-gaite-lyrique-suscite-une-vive-impatience","status":"publish","type":"post","link":"https:\/\/www.europesays.com\/fr\/114354\/","title":{"rendered":"\u00ab\u00a0Vous savez quand ils rouvrent\u00a0?\u00a0\u00bb\u00a0: \u00e0 Paris, le retour de la Ga\u00eet\u00e9 lyrique suscite une vive impatience"},"content":{"rendered":"<p class=\"paragraph text_align_left\">C\u2018est \u00e0 ce m\u00eame \u00e9tage que dormaient ces jeunes, essentiellement des hommes venus d\u2019Afrique subsaharienne, dans des conditions d\u2019hygi\u00e8ne d\u00e9plorables, <a href=\"https:\/\/www.leparisien.fr\/paris-75\/paris-intervention-des-forces-de-lordre-a-la-gaite-lyrique-occupee-par-de-jeunes-migrants-18-03-2025-64RUMPG4LNG5VGQSMBGCUVG5ZA.php\" target=\"_self\" rel=\"nofollow noopener\">avant leur \u00e9vacuation manu militari le 18 mars<\/a>. Entre-temps, les \u00e9quipes de la Ga\u00eet\u00e9, \u00e0 bout, qui s\u00e9curisaient comme elles le pouvaient le lieu jusqu\u2019alors, <a href=\"https:\/\/www.leparisien.fr\/paris-75\/hate-que-la-situation-se-debloque-a-paris-les-equipes-de-la-gaite-lyrique-a-bout-appellent-a-laide-28-02-2025-4VKMKFAGLRGMTCYVR4PLYEKO3Q.php\" target=\"_self\" rel=\"nofollow noopener\">avaient rendu les cl\u00e9s \u00e0 la Ville<\/a>, qui en est propri\u00e9taire. Deux mois apr\u00e8s cette \u00e9vacuation, les salari\u00e9s, prestataires et intermittents ont enfin pu y rentrer \u00e0 nouveau.<\/p>\n","protected":false},"excerpt":{"rendered":"C\u2018est \u00e0 ce m\u00eame \u00e9tage que dormaient ces jeunes, essentiellement des hommes venus d\u2019Afrique subsaharienne, dans des conditions&hellip;\n","protected":false},"author":2,"featured_media":114355,"comment_status":"","ping_status":"","sticky":false,"template":"","format":"standard","meta":{"footnotes":""},"categories":[1888],"tags":[11,1777,674,1011,27,1944,12,626,25],"class_list":{"0":"post-114354","1":"post","2":"type-post","3":"status-publish","4":"format-standard","5":"has-post-thumbnail","7":"category-paris","8":"tag-actualites","9":"tag-eu","10":"tag-europe","11":"tag-fr","12":"tag-france","13":"tag-ma-ville","14":"tag-news","15":"tag-paris","16":"tag-republique-francaise"},"share_on_mastodon":{"url":"https:\/\/pubeurope.com\/@fr\/114540282161316579","error":""},"_links":{"self":[{"href":"https:\/\/www.europesays.com\/fr\/wp-json\/wp\/v2\/posts\/114354","targetHints":{"allow":["GET"]}}],"collection":[{"href":"https:\/\/www.europesays.com\/fr\/wp-json\/wp\/v2\/posts"}],"about":[{"href":"https:\/\/www.europesays.com\/fr\/wp-json\/wp\/v2\/types\/post"}],"author":[{"embeddable":true,"href":"https:\/\/www.europesays.com\/fr\/wp-json\/wp\/v2\/users\/2"}],"replies":[{"embeddable":true,"href":"https:\/\/www.europesays.com\/fr\/wp-json\/wp\/v2\/comments?post=114354"}],"version-history":[{"count":0,"href":"https:\/\/www.europesays.com\/fr\/wp-json\/wp\/v2\/posts\/114354\/revisions"}],"wp:featuredmedia":[{"embeddable":true,"href":"https:\/\/www.europesays.com\/fr\/wp-json\/wp\/v2\/media\/114355"}],"wp:attachment":[{"href":"https:\/\/www.europesays.com\/fr\/wp-json\/wp\/v2\/media?parent=114354"}],"wp:term":[{"taxonomy":"category","embeddable":true,"href":"https:\/\/www.europesays.com\/fr\/wp-json\/wp\/v2\/categories?post=114354"},{"taxonomy":"post_tag","embeddable":true,"href":"https:\/\/www.europesays.com\/fr\/wp-json\/wp\/v2\/tags?post=114354"}],"curies":[{"name":"wp","href":"https:\/\/api.w.org\/{rel}","templated":true}]}}