{"id":114358,"date":"2025-05-20T13:00:15","date_gmt":"2025-05-20T13:00:15","guid":{"rendered":"https:\/\/www.europesays.com\/fr\/114358\/"},"modified":"2025-05-20T13:00:15","modified_gmt":"2025-05-20T13:00:15","slug":"tregor-solidarite-ukraine-appelle-a-un-rassemblement-ce-jeudi-a-lannion","status":"publish","type":"post","link":"https:\/\/www.europesays.com\/fr\/114358\/","title":{"rendered":"Tr\u00e9gor solidarit\u00e9 Ukraine appelle \u00e0 un rassemblement ce jeudi \u00e0 Lannion"},"content":{"rendered":"<p><a href=\"https:\/\/www.letelegramme.fr\/cotes-d-armor\/lannion-22300\/a-lannion-trois-ans-apres-le-debut-du-conflit-deux-temps-forts-en-soutien-a-lukraine-6763546.php\" target=\"_blank\" rel=\"noopener\">L\u2019association Tr\u00e9gor solidarit\u00e9 Ukraine<\/a> organise une nouvelle manifestation ce jeudi 22 mai \u00e0 18\u00a0h, devant la mairie de Lannion. \u00ab\u00a0Malgr\u00e9 l\u2019insistance des Europ\u00e9ens pour obtenir une tr\u00eave des combats et des bombardements, ceux-ci s\u2019accentuent chaque jour, sp\u00e9cialement sur les quartiers d\u2019habitation, la Russie sabote les tentatives de cessez-le-feu et menace des voisins de l\u2019Ukraine\u00a0\u00bb, ont d\u00e9clar\u00e9 les organisateurs. Un point sur la situation, un bilan des actions de solidarit\u00e9 en cours dans le Tr\u00e9gor ainsi que le programme des activit\u00e9s du mois \u00e0 venir seront pr\u00e9sent\u00e9s ce jeudi. Bernard Lasbleiz interpr\u00e9tera ensuite deux gwerz.<\/p>\n<p>Pratique<\/p>\n<p class=\"note\">Rassemblement en faveur de l\u2019Ukraine, jeudi 22 mai, \u00e0 18\u00a0h, devant la mairie de Lannion.<\/p>\n","protected":false},"excerpt":{"rendered":"L\u2019association Tr\u00e9gor solidarit\u00e9 Ukraine organise une nouvelle manifestation ce jeudi 22 mai \u00e0 18\u00a0h, devant la mairie de&hellip;\n","protected":false},"author":2,"featured_media":114359,"comment_status":"","ping_status":"","sticky":false,"template":"","format":"standard","meta":{"footnotes":""},"categories":[1590],"tags":[11,1777,674,5862,12,220],"class_list":{"0":"post-114358","1":"post","2":"type-post","3":"status-publish","4":"format-standard","5":"has-post-thumbnail","7":"category-ukraine","8":"tag-actualites","9":"tag-eu","10":"tag-europe","11":"tag-lannion","12":"tag-news","13":"tag-ukraine"},"share_on_mastodon":{"url":"https:\/\/pubeurope.com\/@fr\/114540290019317015","error":""},"_links":{"self":[{"href":"https:\/\/www.europesays.com\/fr\/wp-json\/wp\/v2\/posts\/114358","targetHints":{"allow":["GET"]}}],"collection":[{"href":"https:\/\/www.europesays.com\/fr\/wp-json\/wp\/v2\/posts"}],"about":[{"href":"https:\/\/www.europesays.com\/fr\/wp-json\/wp\/v2\/types\/post"}],"author":[{"embeddable":true,"href":"https:\/\/www.europesays.com\/fr\/wp-json\/wp\/v2\/users\/2"}],"replies":[{"embeddable":true,"href":"https:\/\/www.europesays.com\/fr\/wp-json\/wp\/v2\/comments?post=114358"}],"version-history":[{"count":0,"href":"https:\/\/www.europesays.com\/fr\/wp-json\/wp\/v2\/posts\/114358\/revisions"}],"wp:featuredmedia":[{"embeddable":true,"href":"https:\/\/www.europesays.com\/fr\/wp-json\/wp\/v2\/media\/114359"}],"wp:attachment":[{"href":"https:\/\/www.europesays.com\/fr\/wp-json\/wp\/v2\/media?parent=114358"}],"wp:term":[{"taxonomy":"category","embeddable":true,"href":"https:\/\/www.europesays.com\/fr\/wp-json\/wp\/v2\/categories?post=114358"},{"taxonomy":"post_tag","embeddable":true,"href":"https:\/\/www.europesays.com\/fr\/wp-json\/wp\/v2\/tags?post=114358"}],"curies":[{"name":"wp","href":"https:\/\/api.w.org\/{rel}","templated":true}]}}