{"id":114362,"date":"2025-05-20T13:02:15","date_gmt":"2025-05-20T13:02:15","guid":{"rendered":"https:\/\/www.europesays.com\/fr\/114362\/"},"modified":"2025-05-20T13:02:15","modified_gmt":"2025-05-20T13:02:15","slug":"du-motogp-2022-au-royaume-uni-ce-week-end","status":"publish","type":"post","link":"https:\/\/www.europesays.com\/fr\/114362\/","title":{"rendered":"du MotoGP 2022 au Royaume-Uni ce week-end"},"content":{"rendered":"<p>ARTA \u2013 La course MotoGP 2022 se poursuivra au Grand Prix d\u2019Angleterre ce week-end, pr\u00e9cis\u00e9ment sur le circuit de Silverstone. La course est la septi\u00e8me s\u00e9rie du calendrier de cette saison.<\/p>\n<p>MotoGP du Royaume-Uni est pr\u00e9vu du 23 au 25 mai 2025. La s\u00e9rie de comp\u00e9titions commencera par Free pratique 1 (FP1) de 16h00 \u00e0 18h30 WIB pour toutes les classes.<\/p>\n<p>de 20h15 WIB \u00e0 23h00 WIB. Par cons\u00e9quent, il commence \u00e0 partir de Moto3, Moto2 et se termine par MotoGP.<\/p>\n<p>, le deuxi\u00e8me jour de la mise en \u0153uvre, le samedi 24 mai 2025, la s\u00e9rie sera ouverte avec une deuxi\u00e8me s\u00e9ance d\u2019entra\u00eenement gratuit (FP2) qui commence de 15h40 WIB \u00e0 17h40 WIB.<\/p>\n<p>Apr\u00e8s cela, la premi\u00e8re qualification (Q1) et la deuxi\u00e8me qualification (Q2) seront effectu\u00e9es \u00e0 17h50 WIB \u00e0 21h25 WIB. La s\u00e9rie a ensuite \u00e9t\u00e9 ferm\u00e9e avec le MotoGP Sprint Race en 10 tours \u00e0 22h00 WIB.<\/p>\n<p>, le dernier jour, le dimanche 25 mai 2025, un pic de course a eu lieu. La course s\u2019ouvrira avec le Moto2, suivi du MotoGP, puis se cl\u00f4tera avec le Moto3.<\/p>\n<p>Moto2 aura lieu \u00e0 17h15 WIB en 17 tours, puis MotoGP \u00e0 19h00 WIB en 20 tours, et la s\u00e9rie s\u2019est ensuite termin\u00e9e avec Moto3 jusqu\u2019\u00e0 15 tours \u00e0 20h30 WIB.<\/p>\n<p>Marc Marquez est toujours en t\u00eate du classement avec une collection de 171 points. L\u2019Espagnol a 22 points surpris sur sa s\u0153ur, Alex Marquez, \u00e0 la deuxi\u00e8me place.<\/p>\n<p>oris en troisi\u00e8me place est le co\u00e9quipier de Marquez dans l\u2019\u00e9quipe Ducati LIVO, \u00e0 savoir Francesco Bagnaia. La double championne du monde a r\u00e9colt\u00e9 120 points.<\/p>\n<p>du MotoGP 2022 au Royaume-Uni<\/p>\n<p>, vendredi 23 mai 2025<\/p>\n<p>, samedi 24 mai 2025<\/p>\n<p>, dimanche 25 mai 2025<\/p>\n<p>The English, Chinese, Japanese, Arabic, and French versions are automatically generated by the AI. So there may still be inaccuracies in translating, please always see Indonesian as our main language.<br \/>\n                                    (system supported by DigitalSiber.id)<\/p>\n","protected":false},"excerpt":{"rendered":"ARTA \u2013 La course MotoGP 2022 se poursuivra au Grand Prix d\u2019Angleterre ce week-end, pr\u00e9cis\u00e9ment sur le circuit&hellip;\n","protected":false},"author":2,"featured_media":114363,"comment_status":"","ping_status":"","sticky":false,"template":"","format":"standard","meta":{"footnotes":""},"categories":[1588],"tags":[11,1777,674,1461,1458,19713,23429,23430,12,473,1853,1851,1850,1852],"class_list":{"0":"post-114362","1":"post","2":"type-post","3":"status-publish","4":"format-standard","5":"has-post-thumbnail","7":"category-royaume-uni","8":"tag-actualites","9":"tag-eu","10":"tag-europe","11":"tag-marc-marquez","12":"tag-motogp","13":"tag-motogp-2025","14":"tag-motogp-grande-bretagne","15":"tag-motogp-grande-bretagne-2025","16":"tag-news","17":"tag-royaume-uni","18":"tag-royaume-uni-de-grande-bretagne-et-dirlande-du-nord","19":"tag-uk","20":"tag-united-kingdom","21":"tag-united-kingdom-of-great-britain-and-northern-ireland"},"share_on_mastodon":{"url":"https:\/\/pubeurope.com\/@fr\/114540297828590797","error":""},"_links":{"self":[{"href":"https:\/\/www.europesays.com\/fr\/wp-json\/wp\/v2\/posts\/114362","targetHints":{"allow":["GET"]}}],"collection":[{"href":"https:\/\/www.europesays.com\/fr\/wp-json\/wp\/v2\/posts"}],"about":[{"href":"https:\/\/www.europesays.com\/fr\/wp-json\/wp\/v2\/types\/post"}],"author":[{"embeddable":true,"href":"https:\/\/www.europesays.com\/fr\/wp-json\/wp\/v2\/users\/2"}],"replies":[{"embeddable":true,"href":"https:\/\/www.europesays.com\/fr\/wp-json\/wp\/v2\/comments?post=114362"}],"version-history":[{"count":0,"href":"https:\/\/www.europesays.com\/fr\/wp-json\/wp\/v2\/posts\/114362\/revisions"}],"wp:featuredmedia":[{"embeddable":true,"href":"https:\/\/www.europesays.com\/fr\/wp-json\/wp\/v2\/media\/114363"}],"wp:attachment":[{"href":"https:\/\/www.europesays.com\/fr\/wp-json\/wp\/v2\/media?parent=114362"}],"wp:term":[{"taxonomy":"category","embeddable":true,"href":"https:\/\/www.europesays.com\/fr\/wp-json\/wp\/v2\/categories?post=114362"},{"taxonomy":"post_tag","embeddable":true,"href":"https:\/\/www.europesays.com\/fr\/wp-json\/wp\/v2\/tags?post=114362"}],"curies":[{"name":"wp","href":"https:\/\/api.w.org\/{rel}","templated":true}]}}