{"id":1143692,"date":"2026-08-23T07:12:16","date_gmt":"2026-08-23T07:12:16","guid":{"rendered":"https:\/\/www.europesays.com\/fr\/1143692\/"},"modified":"2026-08-23T07:12:16","modified_gmt":"2026-08-23T07:12:16","slug":"les-nouveaux-visages-de-lyon-cinthya-muller-ramene-la-coupe-a-son-salon","status":"publish","type":"post","link":"https:\/\/www.europesays.com\/fr\/1143692\/","title":{"rendered":"Les nouveaux visages de Lyon. Cinthya M\u00fcller ram\u00e8ne la coupe \u00e0 son salon"},"content":{"rendered":"<p>\t\t\t\t<img fetchpriority=\"high\" decoding=\"async\" width=\"900\" height=\"675\" src=\"https:\/\/www.europesays.com\/fr\/wp-content\/uploads\/2026\/08\/IMG_2783.jpg\" alt=\"\" title=\"Cinthya Muller\"   class=\"wp-image-180108\"\/><\/p>\n<p>Photos \u00a9 Lyon People et DR <\/p>\n<p><strong>Texte\u00a0: Morgan Couturier \u2013<\/strong> \u00c0 37 ans, la belle Napolitaine s\u2019est fait une place de choix aux Brotteaux, o\u00f9 son salon de coiffure fait le bonheur des Lyonnais du 6e arrondissement. Un an apr\u00e8s son installation, celle qui a fait ses armes chez le MOF S\u00e9bastien Allary et c\u00f4toy\u00e9 quelques beaux festivals du cin\u00e9ma, brille par son coup de ciseau. Le but\u00a0: r\u00e9v\u00e9ler le meilleur des clients.<\/p>\n<p>\u00ab J\u2019ai toujours aim\u00e9 la mode, la beaut\u00e9. Je suis Italienne quoi \u00bb, vante-t-elle, avec la voix portante que sa nationalit\u00e9 laisse sous-entendre ! Alors forc\u00e9ment, devant la porte de son salon, rue Professeur Weill, difficile d\u2019\u00e9chapper \u00e0 la gouaille de cette Napolitaine, capable de vous attraper avec un \u00ab ciaooo \u00bb et de vous enfermer derri\u00e8re les portes de son institut capillaire. Un raccourci facile avec les fantasmes de la mafia s\u00e9vissant sur ses terres originelles. Il faut dire qu\u2019\u00e0 la voir d\u00e9gainer ses ciseaux depuis sa hanche, comme on extirpe un revolver de son holster, on pourrait croire que <strong>Cinthya<\/strong><strong>\u00a0M\u00fcller<\/strong> se pla\u00eet \u00e0 entretenir la comparaison.<\/p>\n<p><a href=\"https:\/\/www.lyonpeople.com\/?attachment_id=180111\" rel=\"attachment wp-att-180111 nofollow noopener\" target=\"_blank\"><img loading=\"lazy\" decoding=\"async\" class=\"alignnone size-full wp-image-180111\" src=\"data:image\/svg+xml,%3Csvg%20xmlns=\" http:=\"\" alt=\"\" width=\"900\" height=\"675\" data-lazy- data-lazy- data-lazy-src=\"https:\/\/www.europesays.com\/fr\/wp-content\/uploads\/2026\/08\/IMG_2761.jpg\"\/><\/a><\/p>\n<p>Pas question pour autant d\u2019esquinter le visage des Lyonnais. Depuis le 1er septembre 2025, la coiffeuse est plut\u00f4t d\u2019humeur \u00e0 faire l\u2019inverse. \u00c0 analyser leur forme m\u00eame, l\u2019essence m\u00eame du m\u00e9tier \u00e9tant de faire ressortir la beaut\u00e9 de chaque client. \u00ab\u00a0Quand tu fais une coupe, il faut que tous les volumes correspondent aux visages. C\u2019est unique, parce que chaque personne a ses \u00e9pis, sa forme du visage. Tu es oblig\u00e9e de faire du personnalis\u00e9. C\u2019est \u00e7a la vraie coiffure\u00a0\u00bb, pr\u00e9sente-t-elle avec l\u2019assurance d\u2019une professionnelle form\u00e9e \u00e0 la bonne \u00e9cole.<\/p>\n<p><strong>\u00ab\u00a0Mon outil num\u00e9ro un, c\u2019est le ciseau\u00a0\u00bb<\/strong><\/p>\n<p>Chez l\u2019ancien propri\u00e9taire des murs, connu \u00e0 l\u2019\u00e9poque pour la d\u00e9coration tr\u00e8s \u00ab chaotique \u00bb de son salon. Alors aujourd\u2019hui, pouvoir se r\u00e9jouir de prendre la suite du salon fait office de joyeux clin d\u2019\u0153il au pass\u00e9. \u00ab Il voulait vendre et je trouvais que l\u2019histoire \u00e9tait belle de racheter le salon o\u00f9 j\u2019ai commenc\u00e9 \u00bb, raconte Cinthya M\u00fcller.<\/p>\n<p><a href=\"https:\/\/www.lyonpeople.com\/?attachment_id=180110\" rel=\"attachment wp-att-180110 nofollow noopener\" target=\"_blank\"><img loading=\"lazy\" decoding=\"async\" class=\"alignnone size-full wp-image-180110\" src=\"data:image\/svg+xml,%3Csvg%20xmlns=\" http:=\"\" alt=\"\" width=\"900\" height=\"667\" data-lazy- data-lazy- data-lazy-src=\"https:\/\/www.europesays.com\/fr\/wp-content\/uploads\/2026\/08\/IMG_2440-4.jpg\"\/><\/a><\/p>\n<p>Mais qu\u2019\u00e0 cela ne tienne, si la coiffeuse s\u00e9duit aujourd\u2019hui clients et clientes, la raison est surtout \u00e0 trouver du c\u00f4t\u00e9 de son passage entre les mains du meilleur ouvrier de France, <strong>S\u00e9bastien Allary<\/strong>. \u00ab\u00a0J\u2019ai \u00e9t\u00e9 form\u00e9e \u00e0 des techniques anglaises o\u00f9 l\u2019on va travailler l\u2019int\u00e9rieur du cheveu pour que tout s\u2019emboite bien. La coupe vieillit mieux\u00a0\u00bb, expose-t-elle encore.<\/p>\n<p><strong>Adapter les coiffures \u00e0 la forme des visages<\/strong><\/p>\n<p>Alors derri\u00e8re la d\u00e9monstration toujours impressionnante de ces lames de ciseaux qui s\u2019enroulent entre ses doigts et s\u2019entrechoquent entre chaque coup, Cinthya M\u00fcller poss\u00e8de quelques cordes \u00e0 son arc. Sa grand-m\u00e8re <strong>Christine<\/strong> n\u2019est d\u2019ailleurs jamais bien loin \u00e0 l\u2019heure de vanter les m\u00e9rites de sa petite-fille, sans que celle-ci n\u2019ait \u00e0 s\u2019exprimer. \u00ab Cinthya, c\u2019est une bonne coiffeuse \u00bb, loue-t-elle discr\u00e8tement \u00e0 chacune de ses visites improvis\u00e9es.<\/p>\n<p><a href=\"https:\/\/www.lyonpeople.com\/?attachment_id=180109\" rel=\"attachment wp-att-180109 nofollow noopener\" target=\"_blank\"><img loading=\"lazy\" decoding=\"async\" aria-describedby=\"caption-attachment-180109\" class=\"size-full wp-image-180109\" src=\"data:image\/svg+xml,%3Csvg%20xmlns=\" http:=\"\" alt=\"\" width=\"900\" height=\"793\" data-lazy- data-lazy- data-lazy-src=\"https:\/\/www.europesays.com\/fr\/wp-content\/uploads\/2026\/08\/IMG_0068-2.jpg\"\/><\/a><\/p>\n<p id=\"caption-attachment-180109\" class=\"wp-caption-text\">Cinthya M\u00fcller en compagnie d\u2019Alison Arngrim, alias Nellie Oleson dans la Petite maison de la prairie.<\/p>\n<p>Puis vient un CV bien garni, fait de mod\u00e8les \u00e0 coiffer pour des d\u00e9fil\u00e9s L\u2019Or\u00e9al, de cr\u00e9ations artistiques et d\u2019acteurs du 7e art \u00e0 magnifier. \u00ab\u00a0J\u2019ai coiff\u00e9 toute l\u2019\u00e9quipe d\u2019H\u00e9l\u00e8ne et les gar\u00e7ons, <strong>Anthony Joubert<\/strong>, <strong>Benoit Allemane<\/strong> (la voix fran\u00e7aise de <strong>Morgan Freeman<\/strong>, ndlr), la voix fran\u00e7aise de The Rock, de The Mask ou de Captain America\u00a0\u00bb, \u00e9voque cette ancienne pensionnaire d\u2019une \u00e9cole de styliste.<\/p>\n<p>\u00ab Je me suis \u00e9clat\u00e9e \u00bb, encha\u00eene-t-elle avec joie. Peut-\u00eatre est-ce pour cela que Cinthya M\u00fcller aime \u00e0 coiffer avec style. Avec soin aussi, alors que dans les bacs \u00e0 shampoing, nombreux sont les clients \u00e0 profiter des massages cr\u00e2niens pour s\u2019\u00e9vader le temps d\u2019un instant. En Italie ? Prego ! Comptez sur Cinthya M\u00fcller pour vous y emporter !<\/p>\n","protected":false},"excerpt":{"rendered":"Photos \u00a9 Lyon People et DR Texte\u00a0: Morgan Couturier \u2013 \u00c0 37 ans, la belle Napolitaine s\u2019est fait&hellip;\n","protected":false},"author":2,"featured_media":1143693,"comment_status":"","ping_status":"","sticky":false,"template":"","format":"standard","meta":{"footnotes":"","_share_on_mastodon":"0"},"categories":[1889],"tags":[4257,1111,47,4258,11,2430,117050,1777,674,1011,27,2428,12,25],"class_list":["post-1143692","post","type-post","status-publish","format-standard","has-post-thumbnail","category-lyon","tag-0top","tag-actu","tag-actualite","tag-actualite-lyon","tag-actualites","tag-auvergne-rhone-alpes","tag-cynthia-muller","tag-eu","tag-europe","tag-fr","tag-france","tag-lyon","tag-news","tag-republique-francaise"],"share_on_mastodon":{"url":"https:\/\/pubeurope.com\/@fr\/117143584710519791","error":""},"_links":{"self":[{"href":"https:\/\/www.europesays.com\/fr\/wp-json\/wp\/v2\/posts\/1143692","targetHints":{"allow":["GET"]}}],"collection":[{"href":"https:\/\/www.europesays.com\/fr\/wp-json\/wp\/v2\/posts"}],"about":[{"href":"https:\/\/www.europesays.com\/fr\/wp-json\/wp\/v2\/types\/post"}],"author":[{"embeddable":true,"href":"https:\/\/www.europesays.com\/fr\/wp-json\/wp\/v2\/users\/2"}],"replies":[{"embeddable":true,"href":"https:\/\/www.europesays.com\/fr\/wp-json\/wp\/v2\/comments?post=1143692"}],"version-history":[{"count":0,"href":"https:\/\/www.europesays.com\/fr\/wp-json\/wp\/v2\/posts\/1143692\/revisions"}],"wp:featuredmedia":[{"embeddable":true,"href":"https:\/\/www.europesays.com\/fr\/wp-json\/wp\/v2\/media\/1143693"}],"wp:attachment":[{"href":"https:\/\/www.europesays.com\/fr\/wp-json\/wp\/v2\/media?parent=1143692"}],"wp:term":[{"taxonomy":"category","embeddable":true,"href":"https:\/\/www.europesays.com\/fr\/wp-json\/wp\/v2\/categories?post=1143692"},{"taxonomy":"post_tag","embeddable":true,"href":"https:\/\/www.europesays.com\/fr\/wp-json\/wp\/v2\/tags?post=1143692"}],"curies":[{"name":"wp","href":"https:\/\/api.w.org\/{rel}","templated":true}]}}