{"id":114370,"date":"2025-05-20T13:06:13","date_gmt":"2025-05-20T13:06:13","guid":{"rendered":"https:\/\/www.europesays.com\/fr\/114370\/"},"modified":"2025-05-20T13:06:13","modified_gmt":"2025-05-20T13:06:13","slug":"le-departement-des-hauts-de-seine-victime-dune-cyberattaque-de-grande-ampleur","status":"publish","type":"post","link":"https:\/\/www.europesays.com\/fr\/114370\/","title":{"rendered":"Le d\u00e9partement des Hauts-de-Seine victime d\u2019une cyberattaque \u00abde grande ampleur\u00bb"},"content":{"rendered":"<p>\u00abL\u2019ensemble des syst\u00e8mes d\u2019information et des moyens de communication habituels ont \u00e9t\u00e9 d\u00e9sactiv\u00e9s pour une p\u00e9riode ind\u00e9termin\u00e9e\u00bb, indique la collectivit\u00e9 locale sur X.<\/p>\n<p class=\"fig-paragraph\">Les entreprises ne sont pas les seules entit\u00e9s vis\u00e9es par des attaques informatiques. La preuve avec cette\u00a0<a href=\"http:\/\/www.lefigaro.fr\/societes\/payer-la-rancon-ne-garantit-pas-de-pouvoir-recuperer-les-donnees-comment-l-entreprise-laaab-a-affronte-une-cyberattaque-20250501\" target=\"_blank\" data-fig-type=\"Article\" rel=\"noopener nofollow\" data-gtm-custom-categorie=\"navigation\" data-gtm-custom-action=\"crossclick\" data-gtm-custom-label=\"Contextuel\" data-gtm-event=\"customEventSPE\" data-fig-domain=\"LEFIGARO\">cyberattaque<\/a>\u00a0\u00abde grande ampleur\u00bb, dont est victime le d\u00e9partement des Hauts-de-Seine ce mardi. \u00abL\u2019ensemble des syst\u00e8mes d\u2019information et des moyens de communication habituels ont \u00e9t\u00e9 d\u00e9sactiv\u00e9s pour une p\u00e9riode ind\u00e9termin\u00e9e\u00bb, indique la collectivit\u00e9 locale francilienne dans un post sur X (ex-Twitter).<\/p>\n<p class=\"fig-paragraph\">\u00c0 cause de cette attaque, l\u2019administration du d\u00e9partement &#8211; qui compte plusieurs villes importantes (Boulogne-Billancourt, Nanterre, Levallois-Perret, Neuilly-sur-Seine&#8230;) ainsi que le quartier d\u2019affaires de La D\u00e9fense &#8211; est au ralenti. Selon nos confr\u00e8res de La Tribune, les responsables informatiques des collectivit\u00e9s proches des Hauts-de-Seine et des communes du d\u00e9partement ont \u00e9t\u00e9 alert\u00e9es.<\/p>\n<p>D\u00e9j\u00e0 victime d\u2019une \u00abintrusion informatique\u00bb en 2023<\/p>\n<p class=\"fig-paragraph\">\u00abLes moyens de t\u00e9l\u00e9communications ont \u00e9t\u00e9 coup\u00e9s par pr\u00e9caution\u00bb, indique ainsi au m\u00e9dia \u00e9conomique le maire de Neuilly-sur-Seine, Jean-Christophe Fromantin. \u00abToutes les mesures sont mises en \u0153uvre pour \u00e9valuer l\u2019impact, prot\u00e9ger les donn\u00e9es des agents et des usagers et r\u00e9tablir les acc\u00e8s au r\u00e9seau et aux applications. Les \u00e9quipes et les prestataires SI (syst\u00e8mes d\u2019information, NDLR) sont pleinement mobilis\u00e9s en ce sens\u00bb, indique le d\u00e9partement au Figaro.<\/p>\n<p class=\"fig-paragraph\">La collectivit\u00e9, situ\u00e9e \u00e0 l\u2019ouest de Paris, avait d\u00e9j\u00e0 \u00e9t\u00e9 la cible d\u2019une \u00abintrusion informatique\u00bb en f\u00e9vrier 2023. Par pr\u00e9caution, le d\u00e9partement avait alors \u00abpris l\u2019initiative de bloquer temporairement les acc\u00e8s au syst\u00e8me d\u2019information\u00bb, affectant le r\u00e9seau t\u00e9l\u00e9phonique. Plusieurs communes du d\u00e9partement ont \u00e9galement d\u00e9j\u00e0 \u00e9t\u00e9 touch\u00e9es par des cyberattaques ces derni\u00e8res ann\u00e9es. La derni\u00e8re en date a vis\u00e9 la ville de Bois-Colombes, en f\u00e9vrier dernier, paralysant l\u2019ensemble de ses syst\u00e8mes informatiques.<\/p>\n","protected":false},"excerpt":{"rendered":"\u00abL\u2019ensemble des syst\u00e8mes d\u2019information et des moyens de communication habituels ont \u00e9t\u00e9 d\u00e9sactiv\u00e9s pour une p\u00e9riode ind\u00e9termin\u00e9e\u00bb, indique&hellip;\n","protected":false},"author":2,"featured_media":114371,"comment_status":"","ping_status":"","sticky":false,"template":"","format":"standard","meta":{"footnotes":""},"categories":[2],"tags":[47,11,722,723,2481,1011,27,727,726,3314,142,310,655,720,12,719,25,724,725,717,718,721,728],"class_list":{"0":"post-114370","1":"post","2":"type-post","3":"status-publish","4":"format-standard","5":"has-post-thumbnail","7":"category-actualites","8":"tag-actualite","9":"tag-actualites","10":"tag-blog","11":"tag-blogs","12":"tag-cyberattaque","13":"tag-fr","14":"tag-france","15":"tag-gadget","16":"tag-gadgets","17":"tag-hauts-de-seine","18":"tag-high-tech","19":"tag-internet","20":"tag-iphone","21":"tag-multimedia","22":"tag-news","23":"tag-nouvelles-technolgies","24":"tag-republique-francaise","25":"tag-smartphone","26":"tag-tablette","27":"tag-technologie","28":"tag-tic","29":"tag-web","30":"tag-widgets"},"share_on_mastodon":{"url":"https:\/\/pubeurope.com\/@fr\/114540313664360517","error":""},"_links":{"self":[{"href":"https:\/\/www.europesays.com\/fr\/wp-json\/wp\/v2\/posts\/114370","targetHints":{"allow":["GET"]}}],"collection":[{"href":"https:\/\/www.europesays.com\/fr\/wp-json\/wp\/v2\/posts"}],"about":[{"href":"https:\/\/www.europesays.com\/fr\/wp-json\/wp\/v2\/types\/post"}],"author":[{"embeddable":true,"href":"https:\/\/www.europesays.com\/fr\/wp-json\/wp\/v2\/users\/2"}],"replies":[{"embeddable":true,"href":"https:\/\/www.europesays.com\/fr\/wp-json\/wp\/v2\/comments?post=114370"}],"version-history":[{"count":0,"href":"https:\/\/www.europesays.com\/fr\/wp-json\/wp\/v2\/posts\/114370\/revisions"}],"wp:featuredmedia":[{"embeddable":true,"href":"https:\/\/www.europesays.com\/fr\/wp-json\/wp\/v2\/media\/114371"}],"wp:attachment":[{"href":"https:\/\/www.europesays.com\/fr\/wp-json\/wp\/v2\/media?parent=114370"}],"wp:term":[{"taxonomy":"category","embeddable":true,"href":"https:\/\/www.europesays.com\/fr\/wp-json\/wp\/v2\/categories?post=114370"},{"taxonomy":"post_tag","embeddable":true,"href":"https:\/\/www.europesays.com\/fr\/wp-json\/wp\/v2\/tags?post=114370"}],"curies":[{"name":"wp","href":"https:\/\/api.w.org\/{rel}","templated":true}]}}