{"id":1143701,"date":"2026-08-23T07:18:15","date_gmt":"2026-08-23T07:18:15","guid":{"rendered":"https:\/\/www.europesays.com\/fr\/1143701\/"},"modified":"2026-08-23T07:18:15","modified_gmt":"2026-08-23T07:18:15","slug":"dalice-prin-a-kiki-reine-de-montparnasse","status":"publish","type":"post","link":"https:\/\/www.europesays.com\/fr\/1143701\/","title":{"rendered":"D&rsquo;Alice Prin \u00e0 Kiki, Reine de Montparnasse"},"content":{"rendered":"<p>&#13;<br \/>\n\t\t\tKiki prend la pose pour Man Ray.\t\t\t &#8211; \u00a9 Notre correspondante Marie-Odile Buchschmid-Rosticher\t\t<\/p>\n<p><strong>.  Le mus\u00e9e de Ch\u00e2tillon fait revivre les ann\u00e9es folles \u00e0 travers le destin hors du commun d&rsquo;une enfant de la ville.<\/strong><\/p>\n<p>La meilleure fa\u00e7on de soutenir le mus\u00e9e du Pays Ch\u00e2tillonnais-Tr\u00e9sor de Vix dans la p\u00e9riode actuelle (vol du torque en or\u00a0; notre hebdo du jeudi 30\u00a0juillet) est encore de s&rsquo;y rendre\u00a0!<\/p>\n<p>Jusqu&rsquo;au 30\u00a0d\u00e9cembre, au 14 rue de la Lib\u00e9ration \u00e0 Ch\u00e2tillon-sur-Seine, Kiki de Montparnasse dispute la vedette \u00e0 la princesse de Vix. Apr\u00e8s l&rsquo;exposition d\u00e9di\u00e9e l&rsquo;an pass\u00e9 avec le succ\u00e8s que l&rsquo;on sait au couturier Marc Bohan, la directrice C\u00e9cile Zicot et ses&#8230;<\/p>\n<p>Cet article est r\u00e9serv\u00e9 aux abonn\u00e9s.<\/p>\n","protected":false},"excerpt":{"rendered":"&#13; Kiki prend la pose pour Man Ray. &#8211; \u00a9 Notre correspondante Marie-Odile Buchschmid-Rosticher . Le mus\u00e9e de&hellip;\n","protected":false},"author":2,"featured_media":1143702,"comment_status":"","ping_status":"","sticky":false,"template":"","format":"standard","meta":{"footnotes":"","_share_on_mastodon":"0"},"categories":[1888],"tags":[10720,47,11,1777,674,1011,27,4662,12,626,10719,25],"class_list":["post-1143701","post","type-post","status-publish","format-standard","has-post-thumbnail","category-paris","tag-abonnement","tag-actualite","tag-actualites","tag-eu","tag-europe","tag-fr","tag-france","tag-journal","tag-news","tag-paris","tag-petites-annonces","tag-republique-francaise"],"share_on_mastodon":{"url":"https:\/\/pubeurope.com\/@fr\/117143608144363724","error":""},"_links":{"self":[{"href":"https:\/\/www.europesays.com\/fr\/wp-json\/wp\/v2\/posts\/1143701","targetHints":{"allow":["GET"]}}],"collection":[{"href":"https:\/\/www.europesays.com\/fr\/wp-json\/wp\/v2\/posts"}],"about":[{"href":"https:\/\/www.europesays.com\/fr\/wp-json\/wp\/v2\/types\/post"}],"author":[{"embeddable":true,"href":"https:\/\/www.europesays.com\/fr\/wp-json\/wp\/v2\/users\/2"}],"replies":[{"embeddable":true,"href":"https:\/\/www.europesays.com\/fr\/wp-json\/wp\/v2\/comments?post=1143701"}],"version-history":[{"count":0,"href":"https:\/\/www.europesays.com\/fr\/wp-json\/wp\/v2\/posts\/1143701\/revisions"}],"wp:featuredmedia":[{"embeddable":true,"href":"https:\/\/www.europesays.com\/fr\/wp-json\/wp\/v2\/media\/1143702"}],"wp:attachment":[{"href":"https:\/\/www.europesays.com\/fr\/wp-json\/wp\/v2\/media?parent=1143701"}],"wp:term":[{"taxonomy":"category","embeddable":true,"href":"https:\/\/www.europesays.com\/fr\/wp-json\/wp\/v2\/categories?post=1143701"},{"taxonomy":"post_tag","embeddable":true,"href":"https:\/\/www.europesays.com\/fr\/wp-json\/wp\/v2\/tags?post=1143701"}],"curies":[{"name":"wp","href":"https:\/\/api.w.org\/{rel}","templated":true}]}}