{"id":114378,"date":"2025-05-20T13:12:13","date_gmt":"2025-05-20T13:12:13","guid":{"rendered":"https:\/\/www.europesays.com\/fr\/114378\/"},"modified":"2025-05-20T13:12:13","modified_gmt":"2025-05-20T13:12:13","slug":"atp-marc-rosset-jai-vu-roger-federer-tellement-triste-imaginez-quil-pleurait-et-disait-alors-quil-naurait-plus-jamais-la-chance-de-remporter-un-titre","status":"publish","type":"post","link":"https:\/\/www.europesays.com\/fr\/114378\/","title":{"rendered":"ATP > Marc Rosset : \u00ab\u00a0J&rsquo;ai vu Roger Federer tellement triste. Imaginez qu&rsquo;il pleurait et disait alors qu&rsquo;il n&rsquo;aurait plus jamais la chance de remporter un titre\u00a0\u00bb"},"content":{"rendered":"<p>Ancien 8e\u00a0mondial et vain\u00adqueur des Jeux Olympiques de Barcelone en 1992, Marc Rosset a accord\u00e9 une inter\u00adview \u00e0 la <a href=\"https:\/\/www.rts.ch\/sport\/tennis\/2025\/article\/champion-olympique-marc-rosset-revient-sur-sa-carriere-en-livrant-de-merveilleuses-anecdotes-28873701.html\" data-wpel-link=\"external\" target=\"_blank\" rel=\"nofollow external noopener\">RTS<\/a> au cours de laquelle il est revenu sur sa victoire \u00e0 Marseille, en 2000, face \u00e0 son compa\u00adtriote Roger Federer qui dispu\u00adtait sa premi\u00e8re finale ATP.\u00a0<\/p>\n<p><strong>\u00ab\u202fIl s\u2019agit de l\u2019avant\u2010dernier titre de ma carri\u00e8re et, pour \u00eatre franc, j\u2019en garde un souvenir mitig\u00e9, car je ne pouvais pas \u00eatre content d\u2019avoir battu un ami. Roger dispu\u00adtait sa premi\u00e8re finale ATP et je l\u2019ai vu telle\u00adment triste apr\u00e8s la rencontre. Imaginez qu\u2019il pleu\u00adrait et disait alors qu\u2019il n\u2019au\u00adrait plus jamais la chance de remporter un titre. Je l\u2019avais longue\u00adment r\u00e9con\u00adfort\u00e9. Je n\u2019ai jamais f\u00eat\u00e9 cette victoire\u202f\u00bb<\/strong>, a racont\u00e9 Marc Rosset, membre de l\u2019or\u00adga\u00adni\u00adsa\u00adtion de l\u2019ATP 250 de Gen\u00e8ve (18 au 25 mai) o\u00f9 Novak Djokovic \u00e9voluera cette semaine avant Roland\u2010Garros (25 mai au 8\u00a0juin).<\/p>\n<p class=\"post-published-date\" style=\"color: silver; font-size: 75%; text-align: left;\">Publi\u00e9 le mardi 20 mai 2025 \u00e0 13:11<\/p>\n","protected":false},"excerpt":{"rendered":"Ancien 8e\u00a0mondial et vain\u00adqueur des Jeux Olympiques de Barcelone en 1992, Marc Rosset a accord\u00e9 une inter\u00adview \u00e0&hellip;\n","protected":false},"author":2,"featured_media":114379,"comment_status":"","ping_status":"","sticky":false,"template":"","format":"standard","meta":{"footnotes":""},"categories":[1415],"tags":[105,2199,1011,27,60,1467],"class_list":{"0":"post-114378","1":"post","2":"type-post","3":"status-publish","4":"format-standard","5":"has-post-thumbnail","7":"category-tennis","8":"tag-djokovic","9":"tag-federer","10":"tag-fr","11":"tag-france","12":"tag-sports","13":"tag-tennis"},"share_on_mastodon":{"url":"https:\/\/pubeurope.com\/@fr\/114540337096442202","error":""},"_links":{"self":[{"href":"https:\/\/www.europesays.com\/fr\/wp-json\/wp\/v2\/posts\/114378","targetHints":{"allow":["GET"]}}],"collection":[{"href":"https:\/\/www.europesays.com\/fr\/wp-json\/wp\/v2\/posts"}],"about":[{"href":"https:\/\/www.europesays.com\/fr\/wp-json\/wp\/v2\/types\/post"}],"author":[{"embeddable":true,"href":"https:\/\/www.europesays.com\/fr\/wp-json\/wp\/v2\/users\/2"}],"replies":[{"embeddable":true,"href":"https:\/\/www.europesays.com\/fr\/wp-json\/wp\/v2\/comments?post=114378"}],"version-history":[{"count":0,"href":"https:\/\/www.europesays.com\/fr\/wp-json\/wp\/v2\/posts\/114378\/revisions"}],"wp:featuredmedia":[{"embeddable":true,"href":"https:\/\/www.europesays.com\/fr\/wp-json\/wp\/v2\/media\/114379"}],"wp:attachment":[{"href":"https:\/\/www.europesays.com\/fr\/wp-json\/wp\/v2\/media?parent=114378"}],"wp:term":[{"taxonomy":"category","embeddable":true,"href":"https:\/\/www.europesays.com\/fr\/wp-json\/wp\/v2\/categories?post=114378"},{"taxonomy":"post_tag","embeddable":true,"href":"https:\/\/www.europesays.com\/fr\/wp-json\/wp\/v2\/tags?post=114378"}],"curies":[{"name":"wp","href":"https:\/\/api.w.org\/{rel}","templated":true}]}}