{"id":1143838,"date":"2026-08-23T09:07:18","date_gmt":"2026-08-23T09:07:18","guid":{"rendered":"https:\/\/www.europesays.com\/fr\/1143838\/"},"modified":"2026-08-23T09:07:18","modified_gmt":"2026-08-23T09:07:18","slug":"sept-a-huit-tf1-qui-est-linvite-du-portrait-daudrey-crespo-4","status":"publish","type":"post","link":"https:\/\/www.europesays.com\/fr\/1143838\/","title":{"rendered":"Sept \u00e0 Huit (TF1) : qui est l\u2019invit\u00e9 du portrait d\u2019Audrey Crespo- &#8230;"},"content":{"rendered":"<ul class=\"en-bref-list\">\n<li>Ce dimanche 23 ao\u00fbt 2026, Sept \u00e0 Huit sur TF1 propose son<br \/>\nmagazine d&rsquo;information dominical avec, en fin d&rsquo;apr\u00e8s-midi, le<br \/>\nPortrait de la semaine.<\/li>\n<li>TF1 garde secret l&rsquo;invit\u00e9 Sept \u00e0 Huit 23 ao\u00fbt pour renforcer le<br \/>\nsuspense autour du t\u00eate-\u00e0-t\u00eate d\u2019Audrey Crespo-Mara, diffus\u00e9 vers<br \/>\n19h30.<\/li>\n<li>Le portrait est ensuite disponible en replay et streaming sur<br \/>\nTF1+, tandis que les audiences d\u2019Audrey Crespo-Mara assurent une<br \/>\nvisibilit\u00e9 maximale \u00e0 son invit\u00e9.<\/li>\n<li>Ce r\u00e9sum\u00e9 g\u00e9n\u00e9r\u00e9 par IA a \u00e9t\u00e9 valid\u00e9 par les journalistes de la<br \/>\nr\u00e9daction.<\/li>\n<\/ul>\n<p>Ce dimanche 23 ao\u00fbt 2026, les t\u00e9l\u00e9spectateurs de<br \/>\n<strong>TF1<\/strong> auront les yeux tourn\u00e9s vers le magazine<br \/>\nd&rsquo;information <strong>Sept \u00e0 Huit<\/strong> et son moment fort, le<br \/>\nface-\u00e0-face men\u00e9 par <strong><a href=\"https:\/\/www.telestar.fr\/actu_tv\/audrey-crespo-mara-remplacante-danne-claire-coudray-sur-tf1-pourquoi-elle-refuse-de-prendre-sa-place-au-20h-1762181\" rel=\"nofollow noopener\" target=\"_blank\"><br \/>\nAudrey Crespo-Mara<\/a><\/strong>. Beaucoup veulent d\u00e9j\u00e0 conna\u00eetre<br \/>\nl&rsquo;invit\u00e9 du Sept \u00e0 Huit programm\u00e9 ce 23 ao\u00fbt. Toutefois, la cha\u00eene<br \/>\nchoisit une nouvelle fois de jouer sur le suspense et le<br \/>\nmyst\u00e8re.<\/p>\n<p>L&rsquo;identit\u00e9 de l&rsquo;invit\u00e9 du portrait d&rsquo;Audrey Crespo-Mara du 23<br \/>\nao\u00fbt 2026 reste inconnue. En effet, TF1 garde volontairement le<br \/>\nsecret jusqu&rsquo;\u00e0 la diffusion pour entretenir la curiosit\u00e9. Le<br \/>\n<strong>Portrait de la semaine<\/strong> sera donc propos\u00e9 dans Sept<br \/>\n\u00e0 Huit vers <strong>19h30.<\/strong><\/p>\n<p>Qui est l&rsquo;invit\u00e9 de Sept \u00e0 Huit ce dimanche ?<\/p>\n<p>La question \u00ab\u00a0qui est dans 7 \u00e0 8 ce dimanche\u00a0\u00bb revient<br \/>\nchez les fid\u00e8les de Sept \u00e0 Huit, mais TF1 applique la m\u00eame r\u00e8gle<br \/>\nchaque semaine. Le nom de l&rsquo;invit\u00e9 n&rsquo;est communiqu\u00e9 que tr\u00e8s tard.<br \/>\nParfois le jour m\u00eame, afin de pr\u00e9server l&rsquo;effet de r\u00e9v\u00e9lation et de<br \/>\ngarder une part d&rsquo;exclusivit\u00e9 autour de cette interview.<\/p>\n<p>Qui passe dans sept \u00e0 huit ce dimanche 23 ao\u00fbt 2026 ?<\/p>\n<p>Pour savoir qui passe dans sept \u00e0 huit ce dimanche 23 ao\u00fbt 2026,<br \/>\nil faudra patienter jusqu&rsquo;au direct. Impossible de conna\u00eetre<br \/>\nl&rsquo;<strong>invit\u00e9 7 \u00e0 8 aujourd&rsquo;hui<\/strong> plusieurs jours \u00e0<br \/>\nl&rsquo;avance, le <strong>prochain invit\u00e9 sept a huit<\/strong> \u00e9tant<br \/>\nd\u00e9voil\u00e9 au compte-gouttes. Cette strat\u00e9gie r\u00e9pond \u00e0 plusieurs<br \/>\nobjectifs tr\u00e8s concrets pour la cha\u00eene.<\/p>\n<ul style=\"margin: 1em 0; padding-left: 1.5em;\">\n<li style=\"margin-bottom: 0.5em;\"><strong>Entretenir la<br \/>\ncuriosit\u00e9<\/strong> : le myst\u00e8re pousse les t\u00e9l\u00e9spectateurs \u00e0 rester<br \/>\njusqu&rsquo;\u00e0 la r\u00e9v\u00e9lation finale du nom durant le Portrait de la<br \/>\nsemaine.<\/li>\n<li style=\"margin-bottom: 0.5em;\"><strong>Limiter les<br \/>\nfuites<\/strong> : en annon\u00e7ant tard, TF1 r\u00e9duit les risques de<br \/>\ndivulgation sur les r\u00e9seaux sociaux et conserve l&rsquo;exclusivit\u00e9 des<br \/>\nconfidences film\u00e9es sur le plateau.<\/li>\n<li style=\"margin-bottom: 0.5em;\"><strong>Fid\u00e9liser<br \/>\nl&rsquo;audience<\/strong> : en attendant le portrait, le public suit les<br \/>\nreportages d&rsquo;actualit\u00e9, les enqu\u00eates et les t\u00e9moignages qui<br \/>\nstructurent l&rsquo;\u00e9mission jusqu&rsquo;\u00e0 19h30.<\/li>\n<\/ul>\n<p>Qui est interview\u00e9 par audrey crespo mara habituellement ?<\/p>\n<p>Au fil des semaines, l&rsquo;invit\u00e9 du portrait d&rsquo;Audrey Crespo-Mara<br \/>\nsur TF1 peut \u00eatre une <strong>personnalit\u00e9<\/strong> tr\u00e8s connue,<br \/>\nmasi pas seulement. En effet, m\u00eame un anonyme marqu\u00e9 par<br \/>\nl&rsquo;actualit\u00e9 peut \u00eatre interview\u00e9. <strong>Pascal Obispo<\/strong>,<br \/>\n<strong>Audrey Fleurot<\/strong>, <a href=\"https:\/\/www.telestar.fr\/people\/qui-veut-etre-mon-associe-tony-parker-accuse-par-une-entrepreneuse-sa-reponse-va-faire-parler-1712564\" rel=\"nofollow noopener\" target=\"_blank\"><br \/>\nl&rsquo;ancien basketteur <strong>Tony Parker<\/strong><\/a> ou<br \/>\n<strong>H\u00e9l\u00e8ne Mercier-Arnault<\/strong> se sont d\u00e9j\u00e0 pr\u00eat\u00e9s \u00e0 cette<br \/>\ninterview en t\u00eate-\u00e0-t\u00eate.<\/p>\n<p>Ce Portrait de la semaine alterne confessions intimes et regard<br \/>\nsur les grands enjeux, dans la lign\u00e9e des t\u00e9moignages et des<br \/>\nenqu\u00eates propos\u00e9s par le magazine d&rsquo;information. Savoir qui est<br \/>\ninterview\u00e9 par audrey crespo mara chaque dimanche est donc devenu<br \/>\nun rituel pour le public.<\/p>\n<p>A quelle heure passe le portrait sept a huit ?<\/p>\n<p><strong>Sept \u00e0 Huit<\/strong> est diffus\u00e9 chaque dimanche en fin<br \/>\nd&rsquo;apr\u00e8s-midi, entre <strong>18h<\/strong> et <strong>20h<\/strong>,<br \/>\navec <strong>Harry Roselmack<\/strong> au poste de pr\u00e9sentateur. Le<br \/>\n23 ao\u00fbt 2026, la programmation restera identique : le Portrait de<br \/>\nla semaine d&rsquo;Audrey Crespo-Mara devrait commencer vers 19h30. En<br \/>\neffet, celui-ci survient apr\u00e8s plusieurs reportages et enqu\u00eates<br \/>\nconsacr\u00e9s \u00e0 l&rsquo;actualit\u00e9 et aux t\u00e9moignages.<\/p>\n<tr>\nHoraire approximatif<br \/>\nS\u00e9quence<br \/>\nCe qu&rsquo;il faut savoir<br \/>\n<\/tr>\n<tr>\n<td style=\"padding: 12px 14px; border: 1px solid #e0e0e0; text-align: left; vertical-align: top;\">\n18h00<\/td>\n<td style=\"padding: 12px 14px; border: 1px solid #e0e0e0; text-align: left; vertical-align: top;\">\nD\u00e9but de Sept \u00e0 Huit<\/td>\n<td style=\"padding: 12px 14px; border: 1px solid #e0e0e0; text-align: left; vertical-align: top;\">\nOuverture du magazine d&rsquo;information et premiers reportages<br \/>\nd&rsquo;actualit\u00e9.<\/td>\n<\/tr>\n<tr style=\"background-color: #fafafa;\">\n<td style=\"padding: 12px 14px; border: 1px solid #e0e0e0; text-align: left; vertical-align: top;\">\n18h05 &#8211; 19h15<\/td>\n<td style=\"padding: 12px 14px; border: 1px solid #e0e0e0; text-align: left; vertical-align: top;\">\nReportages et enqu\u00eates<\/td>\n<td style=\"padding: 12px 14px; border: 1px solid #e0e0e0; text-align: left; vertical-align: top;\">\nGrands r\u00e9cits, enqu\u00eates de soci\u00e9t\u00e9 et t\u00e9moignages forts.<\/td>\n<\/tr>\n<tr>\n<td style=\"padding: 12px 14px; border: 1px solid #e0e0e0; text-align: left; vertical-align: top;\">\nVers 19h30<\/td>\n<td style=\"padding: 12px 14px; border: 1px solid #e0e0e0; text-align: left; vertical-align: top;\">\nPortrait de la semaine<\/td>\n<td style=\"padding: 12px 14px; border: 1px solid #e0e0e0; text-align: left; vertical-align: top;\">\nT\u00eate-\u00e0-t\u00eate d&rsquo;Audrey Crespo-Mara avec son invit\u00e9 du jour, moment de<br \/>\nconfidences et de r\u00e9v\u00e9lation.<\/td>\n<\/tr>\n<tr style=\"background-color: #fafafa;\">\n<td style=\"padding: 12px 14px; border: 1px solid #e0e0e0; text-align: left; vertical-align: top;\">\nJusqu&rsquo;\u00e0 20h00<\/td>\n<td style=\"padding: 12px 14px; border: 1px solid #e0e0e0; text-align: left; vertical-align: top;\">\nFin de l&rsquo;\u00e9mission<\/td>\n<td style=\"padding: 12px 14px; border: 1px solid #e0e0e0; text-align: left; vertical-align: top;\">\nCl\u00f4ture du rendez-vous dominical avant le <a href=\"https:\/\/www.telestar.fr\/actu_tv\/jt-de-20h-sur-tf1-audrey-crespo-mara-au-sommet-son-premier-week-end-estival-face-a-laurent-delahousse-defie-les-attentes-1774162\" rel=\"nofollow noopener\" target=\"_blank\"><br \/>\nJT de 20h<\/a> sur TF1.<\/td>\n<\/tr>\n<p>Comment regarder le replay portrait de la semaine Sept \u00e0 Huit<br \/>\n?<\/p>\n<p>Pour revoir le replay du Portrait de la semaine de Sept \u00e0 Huit,<br \/>\nil suffit d&rsquo;attendre <a href=\"https:\/\/www.tf1.fr\/tf1\/sept-a-huit\" rel=\"nofollow noopener\" target=\"_blank\">sa mise en ligne sur la<br \/>\nplateforme <strong>TF1+<\/strong><\/a>. L&rsquo;\u00e9mission et le portrait<br \/>\nsont propos\u00e9s en streaming quelques heures apr\u00e8s la diffusion t\u00e9l\u00e9.<br \/>\nCeux qui pr\u00e9f\u00e8rent le direct n&rsquo;ont qu&rsquo;\u00e0 se rendre sur TF1 lors du<br \/>\ncr\u00e9neau habituel du dimanche.<\/p>\n<p>Audrey Crespo-Mara, le joker<br \/>\nincontournable des week-ends de TF1<\/p>\n<p>Venue de <strong>LCI<\/strong>, Audrey Crespo-Mara s&rsquo;est impos\u00e9e<br \/>\ncomme le joker des JT de TF1 le week-end, en rempla\u00e7ant<br \/>\n<strong>Anne-Claire Coudray<\/strong> au 13h et au JT de 20h. En<br \/>\nparall\u00e8le, elle m\u00e8ne chaque dimanche le Portrait de la semaine, le<br \/>\nportrait audrey crespo mara 23 aout inclus, ce qui renforce encore<br \/>\nson r\u00f4le central sur le plateau.<\/p>\n<p>Des audiences records face \u00e0 France 2<\/p>\n<p>Le 19 juillet 2026, Audrey Crespo-Mara a r\u00e9uni environ<br \/>\n<strong>5,5 millions<\/strong> de t\u00e9l\u00e9spectateurs pour son JT de<br \/>\n20h. Soit <strong>35,4 % de part d&rsquo;audience<\/strong>, loin devant<br \/>\n<strong>Laurent Delahousse<\/strong> sur <strong>France 2<\/strong><br \/>\net ses 3,79 millions de fid\u00e8les. Ces performances donnent \u00e0<br \/>\nl&rsquo;invit\u00e9 du Portrait de la semaine une visibilit\u00e9 importante et<br \/>\npermettent \u00e0 TF1 de convier des personnalit\u00e9s de tout premier<br \/>\nplan.<\/p>\n","protected":false},"excerpt":{"rendered":"Ce dimanche 23 ao\u00fbt 2026, Sept \u00e0 Huit sur TF1 propose son magazine d&rsquo;information dominical avec, en fin&hellip;\n","protected":false},"author":2,"featured_media":1143839,"comment_status":"","ping_status":"","sticky":false,"template":"","format":"standard","meta":{"footnotes":"","_share_on_mastodon":"0"},"categories":[1356],"tags":[58,59,1011,27,502,252,65861,1364],"class_list":["post-1143838","post","type-post","status-publish","format-standard","has-post-thumbnail","category-television","tag-divertissement","tag-entertainment","tag-fr","tag-france","tag-programme-tv","tag-television","tag-trend","tag-tv"],"share_on_mastodon":{"url":"https:\/\/pubeurope.com\/@fr\/117144037173623423","error":""},"_links":{"self":[{"href":"https:\/\/www.europesays.com\/fr\/wp-json\/wp\/v2\/posts\/1143838","targetHints":{"allow":["GET"]}}],"collection":[{"href":"https:\/\/www.europesays.com\/fr\/wp-json\/wp\/v2\/posts"}],"about":[{"href":"https:\/\/www.europesays.com\/fr\/wp-json\/wp\/v2\/types\/post"}],"author":[{"embeddable":true,"href":"https:\/\/www.europesays.com\/fr\/wp-json\/wp\/v2\/users\/2"}],"replies":[{"embeddable":true,"href":"https:\/\/www.europesays.com\/fr\/wp-json\/wp\/v2\/comments?post=1143838"}],"version-history":[{"count":0,"href":"https:\/\/www.europesays.com\/fr\/wp-json\/wp\/v2\/posts\/1143838\/revisions"}],"wp:featuredmedia":[{"embeddable":true,"href":"https:\/\/www.europesays.com\/fr\/wp-json\/wp\/v2\/media\/1143839"}],"wp:attachment":[{"href":"https:\/\/www.europesays.com\/fr\/wp-json\/wp\/v2\/media?parent=1143838"}],"wp:term":[{"taxonomy":"category","embeddable":true,"href":"https:\/\/www.europesays.com\/fr\/wp-json\/wp\/v2\/categories?post=1143838"},{"taxonomy":"post_tag","embeddable":true,"href":"https:\/\/www.europesays.com\/fr\/wp-json\/wp\/v2\/tags?post=1143838"}],"curies":[{"name":"wp","href":"https:\/\/api.w.org\/{rel}","templated":true}]}}