{"id":114394,"date":"2025-05-20T13:21:11","date_gmt":"2025-05-20T13:21:11","guid":{"rendered":"https:\/\/www.europesays.com\/fr\/114394\/"},"modified":"2025-05-20T13:21:11","modified_gmt":"2025-05-20T13:21:11","slug":"pblvepb-spoiler-boher-et-patrick-sinquietent-pour-ariane","status":"publish","type":"post","link":"https:\/\/www.europesays.com\/fr\/114394\/","title":{"rendered":"PBLVEPB &#8211; [SPOILER] &#8211; Boher et Patrick s&rsquo;inqui\u00e8tent pour Ariane"},"content":{"rendered":"<p id=\"descriptionPanel\" aria-labelledby=\"descriptionArrow\" aria-expanded=\"false\" class=\"mr-2 line-clamp-2 pr-2.5 text-secondary overflow-visible\">Au commissariat, l&rsquo;ambiance est plus que tendue. Ariane Hersant s&rsquo;est fait suspendre par Nebout, alors m\u00eame qu&rsquo;elle \u00e9tait la victime d&rsquo;un odieux harc\u00e8lement de la part du procureur. Sans preuve, personne ne s&rsquo;est rang\u00e9 de son c\u00f4t\u00e9. Ariane a d\u00fb se battre seule contre un homme puissant et respect\u00e9, qui lui faisait vivre un enfer&#8230; Pourtant, les faits sont l\u00e0. Jean-Paul Boher et Patrick Nebout commencent \u00e0 ouvrir les yeux sur Durieux. Les deux coll\u00e8gues culpabilisent beaucoup&#8230; Spoiler de l&rsquo;\u00e9pisode 339 de Plus belle la vie, encore plus belle.<\/p>\n<p><a class=\"shrink-0\" href=\"https:\/\/www.tf1.fr\/tf1\/plus-belle-la-vie\" target=\"_blank\" rel=\"noopener\"><img decoding=\"async\" src=\"https:\/\/www.europesays.com\/fr\/wp-content\/uploads\/2025\/04\/program-card-portrait-2-8555fd-e96a65-0@1x.jpg\" width=\"138\" height=\"184\" alt=\"\" loading=\"eager\" fetchpriority=\"auto\" class=\"aspect-[3\/4] h-24 w-auto rounded-3px\" aria-hidden=\"true\"\/><\/a><\/p>\n","protected":false},"excerpt":{"rendered":"Au commissariat, l&rsquo;ambiance est plus que tendue. Ariane Hersant s&rsquo;est fait suspendre par Nebout, alors m\u00eame qu&rsquo;elle \u00e9tait&hellip;\n","protected":false},"author":2,"featured_media":114395,"comment_status":"","ping_status":"","sticky":false,"template":"","format":"standard","meta":{"footnotes":""},"categories":[1356],"tags":[58,1367,23434,59,3483,23433,1011,27,1368,1371,252,1364,1372,1370],"class_list":{"0":"post-114394","1":"post","2":"type-post","3":"status-publish","4":"format-standard","5":"has-post-thumbnail","7":"category-television","8":"tag-divertissement","9":"tag-encore-plus-belle","10":"tag-encore-plus-belle-extrait","11":"tag-entertainment","12":"tag-extrait","13":"tag-extrait-plus-belle-la-vie","14":"tag-fr","15":"tag-france","16":"tag-plus-belle-la-vie","17":"tag-streaming-plus-belle-la-vie","18":"tag-television","19":"tag-tv","20":"tag-video-en-streaming-plus-belle-la-vie","21":"tag-video-plus-belle-la-vie"},"share_on_mastodon":{"url":"https:\/\/pubeurope.com\/@fr\/114540372533578631","error":""},"_links":{"self":[{"href":"https:\/\/www.europesays.com\/fr\/wp-json\/wp\/v2\/posts\/114394","targetHints":{"allow":["GET"]}}],"collection":[{"href":"https:\/\/www.europesays.com\/fr\/wp-json\/wp\/v2\/posts"}],"about":[{"href":"https:\/\/www.europesays.com\/fr\/wp-json\/wp\/v2\/types\/post"}],"author":[{"embeddable":true,"href":"https:\/\/www.europesays.com\/fr\/wp-json\/wp\/v2\/users\/2"}],"replies":[{"embeddable":true,"href":"https:\/\/www.europesays.com\/fr\/wp-json\/wp\/v2\/comments?post=114394"}],"version-history":[{"count":0,"href":"https:\/\/www.europesays.com\/fr\/wp-json\/wp\/v2\/posts\/114394\/revisions"}],"wp:featuredmedia":[{"embeddable":true,"href":"https:\/\/www.europesays.com\/fr\/wp-json\/wp\/v2\/media\/114395"}],"wp:attachment":[{"href":"https:\/\/www.europesays.com\/fr\/wp-json\/wp\/v2\/media?parent=114394"}],"wp:term":[{"taxonomy":"category","embeddable":true,"href":"https:\/\/www.europesays.com\/fr\/wp-json\/wp\/v2\/categories?post=114394"},{"taxonomy":"post_tag","embeddable":true,"href":"https:\/\/www.europesays.com\/fr\/wp-json\/wp\/v2\/tags?post=114394"}],"curies":[{"name":"wp","href":"https:\/\/api.w.org\/{rel}","templated":true}]}}