{"id":1143971,"date":"2026-08-23T10:44:18","date_gmt":"2026-08-23T10:44:18","guid":{"rendered":"https:\/\/www.europesays.com\/fr\/1143971\/"},"modified":"2026-08-23T10:44:18","modified_gmt":"2026-08-23T10:44:18","slug":"ligue-2-saint-etienne-plane-nantes-en-crise-et-deja-des-polemiques-ce-quil-faut-retenir-de-la-3e-journee-de-ligue-2","status":"publish","type":"post","link":"https:\/\/www.europesays.com\/fr\/1143971\/","title":{"rendered":"Ligue 2. Saint-\u00c9tienne plane, Nantes en crise\u2026 et d\u00e9j\u00e0 des pol\u00e9miques\u00a0: ce qu\u2019il faut retenir de la 3e journ\u00e9e de Ligue 2"},"content":{"rendered":"<p>                            Nantes pique d\u00e9j\u00e0 sa crise<\/p>\n<p>Pourtant bien parti contre Rodez (les Nantais menaient 2-1), le FC Nantes a explos\u00e9 en vol en deuxi\u00e8me p\u00e9riode (2-5), conc\u00e9dant sa troisi\u00e8me d\u00e9faite en autant de matchs de Ligue 2. Bons derniers, les Canaris pourraient changer d\u2019entra\u00eeneur dans les prochains jours, tant Michel Der Zakarian appara\u00eet fragilis\u00e9, deux mois \u00e0 peine apr\u00e8s son retour sur le banc. \u00ab\u00a0Si je me fais renvoyer, j\u2019irai \u00e0 la retraite\u00a0\u00bb, a ironis\u00e9 l\u2019int\u00e9ress\u00e9 apr\u00e8s la rencontre, tout en invitant les joueurs \u00e0 \u00ab\u00a0se bouger le cul\u00a0\u00bb. Ambiance\u2026<\/p>\n","protected":false},"excerpt":{"rendered":"Nantes pique d\u00e9j\u00e0 sa crise Pourtant bien parti contre Rodez (les Nantais menaient 2-1), le FC Nantes a&hellip;\n","protected":false},"author":2,"featured_media":1143972,"comment_status":"","ping_status":"","sticky":false,"template":"","format":"standard","meta":{"footnotes":"","_share_on_mastodon":"0"},"categories":[9653],"tags":[1111,11,3703,2430,1704,1777,674,8113,14186,63,1011,27,1702,1703,12,25,4001,517,14185,1700],"class_list":["post-1143971","post","type-post","status-publish","format-standard","has-post-thumbnail","category-saint-etienne","tag-actu","tag-actualites","tag-asnl","tag-auvergne-rhone-alpes","tag-edition-nancy-et-agglomeration","tag-eu","tag-europe","tag-fc-metz","tag-fc-sochaux-montbeliard","tag-football","tag-fr","tag-france","tag-nancy","tag-nancy-ville-54b","tag-news","tag-republique-francaise","tag-saint-etienne","tag-sport","tag-sport-franc-comtois","tag-sport-lorrain"],"share_on_mastodon":{"url":"https:\/\/pubeurope.com\/@fr\/117144418263898645","error":""},"_links":{"self":[{"href":"https:\/\/www.europesays.com\/fr\/wp-json\/wp\/v2\/posts\/1143971","targetHints":{"allow":["GET"]}}],"collection":[{"href":"https:\/\/www.europesays.com\/fr\/wp-json\/wp\/v2\/posts"}],"about":[{"href":"https:\/\/www.europesays.com\/fr\/wp-json\/wp\/v2\/types\/post"}],"author":[{"embeddable":true,"href":"https:\/\/www.europesays.com\/fr\/wp-json\/wp\/v2\/users\/2"}],"replies":[{"embeddable":true,"href":"https:\/\/www.europesays.com\/fr\/wp-json\/wp\/v2\/comments?post=1143971"}],"version-history":[{"count":0,"href":"https:\/\/www.europesays.com\/fr\/wp-json\/wp\/v2\/posts\/1143971\/revisions"}],"wp:featuredmedia":[{"embeddable":true,"href":"https:\/\/www.europesays.com\/fr\/wp-json\/wp\/v2\/media\/1143972"}],"wp:attachment":[{"href":"https:\/\/www.europesays.com\/fr\/wp-json\/wp\/v2\/media?parent=1143971"}],"wp:term":[{"taxonomy":"category","embeddable":true,"href":"https:\/\/www.europesays.com\/fr\/wp-json\/wp\/v2\/categories?post=1143971"},{"taxonomy":"post_tag","embeddable":true,"href":"https:\/\/www.europesays.com\/fr\/wp-json\/wp\/v2\/tags?post=1143971"}],"curies":[{"name":"wp","href":"https:\/\/api.w.org\/{rel}","templated":true}]}}