{"id":114402,"date":"2025-05-20T13:25:09","date_gmt":"2025-05-20T13:25:09","guid":{"rendered":"https:\/\/www.europesays.com\/fr\/114402\/"},"modified":"2025-05-20T13:25:09","modified_gmt":"2025-05-20T13:25:09","slug":"revue-de-presse-psg-supporters-finale-ldc-ballon-dor","status":"publish","type":"post","link":"https:\/\/www.europesays.com\/fr\/114402\/","title":{"rendered":"Revue de Presse PSG : supporters-finale LdC, Ballon d&rsquo;Or&#8230;"},"content":{"rendered":"<p><strong>Vu et lu au sujet du PSG dans la <a href=\"https:\/\/canal-supporters.com\/category\/revue-de-presse\/\" title=\"\" rel=\"nofollow noopener\" target=\"_blank\">presse hexagonale<\/a> ce mardi 20 mai 2025. Comment les<br \/>\nsupporters parisiens vont se rendre \u00e0 Munich pour la finale de<br \/>\nLigue des champions, la date de la c\u00e9r\u00e9monie du Ballon d\u2019Or<br \/>\nd\u00e9voil\u00e9e\u2026<\/strong><\/p>\n<p> <img loading=\"lazy\" decoding=\"async\" width=\"1024\" height=\"362\" src=\"https:\/\/www.europesays.com\/fr\/wp-content\/uploads\/2025\/05\/Capture-decran-2025-05-20-a-06-1024x362.jpg\" alt=\"Capture d\u2019\u00e9cran 2025 05 20 \u00e0 06\" class=\"wp-image-572805\" style=\"width:659px;height:auto\"  \/><\/p>\n<p>Dans son \u00e9dition du jour, <strong><a href=\"https:\/\/www.leparisien.fr\/sports\/football\/ligue-des-champions\/psg-voiture-car-avion-train-grande-debrouille-pour-la-grande-vadrouille-entre-paris-et-munich-20-05-2025-UGUJMHVBYZH3HFYYUKWGD7AIKA.php\" target=\"_blank\" rel=\"noopener nofollow\" title=\"\">Le<br \/>\nParisien<\/a><\/strong> \u00e9voque les diff\u00e9rents moyens de<br \/>\ntransports qui seront utilis\u00e9s par les supporters du<br \/>\n<strong>PSG<\/strong> pour la finale de la <strong>Ligue des<br \/>\nchampions<\/strong> face \u00e0 <strong>l\u2019Inter Milan<\/strong> le 31 mai<br \/>\nprochain \u00e0 <strong>Munich<\/strong>. Au total, 18.000 fans parisiens<br \/>\nrejoindront la ville allemande. \u00ab\u00a0Si l\u2019achat des billets<br \/>\npour la rencontre a parfois pris des allures de bataille pour cette<br \/>\narm\u00e9e de chanceux, la pr\u00e9paration du voyage pour se rendre dans la<br \/>\ncit\u00e9 bavaroise en est une autre, parfois tout aussi fastidieuse et<br \/>\nco\u00fbteuse, selon le moyen de transport s\u00e9lectionn\u00e9.\u00a0\u00bb Si<br \/>\nle trajet est assez rapide en avion avec 1h30 de vol,<br \/>\nl\u2019organisation de cette finale a fait flamber les tarifs. Plus<br \/>\nrapide mais plus cher, le voyage en avion a \u00e9t\u00e9 propos\u00e9 par le<br \/>\n<strong>PSG<\/strong> qui a mis en vente un pack de 695 euros pour<br \/>\nfaire le trajet aller-retour dans la journ\u00e9e avec des charters<br \/>\nsp\u00e9cialement affr\u00e9t\u00e9s pour l\u2019occasion. Une offre qui s\u2019est \u00e9puis\u00e9e<br \/>\nce lundi apr\u00e8s-midi. \u00ab\u00a0Le club pr\u00e9sente une alternative au<br \/>\nm\u00eame prix, en train et avec une nuit d\u2019h\u00f4tel \u00e0<br \/>\n<strong>Munich<\/strong>, toujours disponible\u00a0\u00bb, rapporte<br \/>\n<strong>LP<\/strong>.<\/p>\n<p>Mais pour la majorit\u00e9 des supporters, le d\u00e9placement en voiture<br \/>\nsera la solution privil\u00e9gi\u00e9e car beaucoup moins on\u00e9reuse, malgr\u00e9 un<br \/>\ntrajet qui peut durer neuf heures depuis <strong>Paris<\/strong>.<br \/>\n\u00ab\u00a0En voyageant \u00e0 quatre, on limite la fatigue sur la<br \/>\nroute, on divise les frais d\u2019essence, de p\u00e9age et d\u2019h\u00f4tel (\u2026) Au<br \/>\ntotal, cela va repr\u00e9senter un budget d\u2019environ 200 euros par<br \/>\npersonne. Cela compense avec le prix de la place achet\u00e9e 580<br \/>\neuros\u00a0\u00bb, raconte <strong>Marc<\/strong>. Enfin, il y a<br \/>\nceux qui ont choisi de se rendre \u00e0 <strong><a href=\"https:\/\/canal-supporters.com\/le-psg-lance-une-collection-speciale-road-to-munich\/\" title=\"\" rel=\"nofollow noopener\" target=\"_blank\">Munich<\/a><\/strong> en car (entre 12 et 15 heures de route<br \/>\nselon les compagnies) pour des raisons financi\u00e8res (accessible \u00e0<br \/>\npartir de 135 euros) ou par habitude comme les ultras.<br \/>\n\u00ab\u00a0Le <strong>Collectif Ultras Paris<\/strong> a propos\u00e9 \u00e0<br \/>\nses adh\u00e9rents un voyage, avec d\u00e9part le vendredi soir et retour<br \/>\ndans la nuit apr\u00e8s la finale, co\u00fbtant moins de 100<br \/>\neuros.\u00a0\u00bb<\/p>\n<p> <img loading=\"lazy\" decoding=\"async\" width=\"1024\" height=\"385\" src=\"https:\/\/www.europesays.com\/fr\/wp-content\/uploads\/2025\/05\/Capture-decran-2025-05-20-a-06-1-1024x385.jpg\" alt=\"Capture d\u2019\u00e9cran 2025 05 20 \u00e0 06\" class=\"wp-image-572806\" style=\"width:753px;height:auto\"  \/><\/p>\n<p>De son c\u00f4t\u00e9, <strong>L\u2019Equipe<\/strong> \u00e9voque la<br \/>\nc\u00e9r\u00e9monie du <strong><a href=\"https:\/\/canal-supporters.com\/ballon-dor-on-connait-la-date-de-la-ceremonie-et-les-nouvelles-recompenses\/\" title=\"\" rel=\"nofollow noopener\" target=\"_blank\">Ballon d\u2019Or<\/a><\/strong>. Et le vainqueur de l\u2019\u00e9dition<br \/>\n2025 sera connu un mois plus t\u00f4t. En effet, l\u2019\u00e9v\u00e8nement aura lieu<br \/>\nle 22 septembre prochain au th\u00e9\u00e2tre du Ch\u00e2telet, \u00e0<br \/>\n<strong>Paris<\/strong>. Les joueurs et joueuses nomm\u00e9s pour les<br \/>\ndiff\u00e9rents troph\u00e9es seront connus lors de la premi\u00e8re quinzaine<br \/>\nd\u2019ao\u00fbt. \u00ab\u00a0La c\u00e9r\u00e9monie sera marqu\u00e9e par la parit\u00e9 dans la<br \/>\ndistribution des r\u00e9compenses : tous les troph\u00e9es qui existaient<br \/>\nchez les hommes seront d\u00e9sormais d\u00e9clin\u00e9s pour les femmes<br \/>\n(meilleure gardienne, meilleure jeune, meilleure<br \/>\nbuteuse).\u00a0\u00bb<\/p>\n<\/p>\n<p>Youtube :<br \/>\n<strong><a href=\"https:\/\/www.youtube.com\/@CanalSupportersParis\" target=\"_blank\" rel=\"noopener nofollow\" title=\"\">Canal Supporters<br \/>\nParis<\/a><\/strong><\/p>\n","protected":false},"excerpt":{"rendered":"Vu et lu au sujet du PSG dans la presse hexagonale ce mardi 20 mai 2025. Comment les&hellip;\n","protected":false},"author":2,"featured_media":43795,"comment_status":"","ping_status":"","sticky":false,"template":"","format":"standard","meta":{"footnotes":""},"categories":[9],"tags":[21967,787,19161,1011,27,447,91,92,93,20357,13125,15189,60,13827,796,96],"class_list":{"0":"post-114402","1":"post","2":"type-post","3":"status-publish","4":"format-standard","5":"has-post-thumbnail","7":"category-sports","8":"tag-ballon-dor-2025","9":"tag-cs","10":"tag-finale-ldc","11":"tag-fr","12":"tag-france","13":"tag-ligue-des-champions","14":"tag-paris-saint-germain","15":"tag-paris-sg","16":"tag-psg","17":"tag-psg-inter","18":"tag-revue-de-presse","19":"tag-revue-de-presse-psg","20":"tag-sports","21":"tag-supporters-psg","22":"tag-uefa-champions-league","23":"tag-une"},"share_on_mastodon":{"url":"https:\/\/pubeurope.com\/@fr\/114540388302873885","error":""},"_links":{"self":[{"href":"https:\/\/www.europesays.com\/fr\/wp-json\/wp\/v2\/posts\/114402","targetHints":{"allow":["GET"]}}],"collection":[{"href":"https:\/\/www.europesays.com\/fr\/wp-json\/wp\/v2\/posts"}],"about":[{"href":"https:\/\/www.europesays.com\/fr\/wp-json\/wp\/v2\/types\/post"}],"author":[{"embeddable":true,"href":"https:\/\/www.europesays.com\/fr\/wp-json\/wp\/v2\/users\/2"}],"replies":[{"embeddable":true,"href":"https:\/\/www.europesays.com\/fr\/wp-json\/wp\/v2\/comments?post=114402"}],"version-history":[{"count":0,"href":"https:\/\/www.europesays.com\/fr\/wp-json\/wp\/v2\/posts\/114402\/revisions"}],"wp:featuredmedia":[{"embeddable":true,"href":"https:\/\/www.europesays.com\/fr\/wp-json\/wp\/v2\/media\/43795"}],"wp:attachment":[{"href":"https:\/\/www.europesays.com\/fr\/wp-json\/wp\/v2\/media?parent=114402"}],"wp:term":[{"taxonomy":"category","embeddable":true,"href":"https:\/\/www.europesays.com\/fr\/wp-json\/wp\/v2\/categories?post=114402"},{"taxonomy":"post_tag","embeddable":true,"href":"https:\/\/www.europesays.com\/fr\/wp-json\/wp\/v2\/tags?post=114402"}],"curies":[{"name":"wp","href":"https:\/\/api.w.org\/{rel}","templated":true}]}}