{"id":1144056,"date":"2026-08-23T11:54:18","date_gmt":"2026-08-23T11:54:18","guid":{"rendered":"https:\/\/www.europesays.com\/fr\/1144056\/"},"modified":"2026-08-23T11:54:18","modified_gmt":"2026-08-23T11:54:18","slug":"cyclisme-renewi-tour-arnaud-de-lie-ne-prendra-pas-le-depart-de-la-5e-et-derniere-etape","status":"publish","type":"post","link":"https:\/\/www.europesays.com\/fr\/1144056\/","title":{"rendered":"Cyclisme. Renewi Tour &#8211; Arnaud De Lie ne prendra pas le d\u00e9part de la 5e et derni\u00e8re \u00e9tape"},"content":{"rendered":"<p class=\"PDq2pG_selectionAnchorContainer\">Le tenant du titre du <strong><a href=\"https:\/\/www.cyclismactu.net\/Arnaud De Lie ne prendra pas le d\u00e9part de la derni\u00e8re \u00e9tape du Renewi Tour.\" target=\"_blank\" rel=\"nofollow noopener\">Renewi Tour<\/a><\/strong>, le Belge <strong>Arnaud De Lie<\/strong>, ne prendra pas le d\u00e9part de la 5e et derni\u00e8re \u00e9tape de cette \u00e9dition 2026 ! Dans un communiqu\u00e9, la formation <strong>Lotto-Intermarch\u00e9<\/strong> a annonc\u00e9 que le \u00ab\u00a0Taureau de Lescheret\u00a0\u00bb \u00e9tait souffrant, avec des sympt\u00f4mes respiratoires. Le Belge avait notamment aid\u00e9 son compatriote <strong>Jenno Berckmoes<\/strong> lors de la 4e \u00e9tape, remport\u00e9e pour rappel par le sprinteur belge de la formation <strong>Alpecin-Premier Tech, <a href=\"https:\/\/www.cyclismactu.net\/..\/news-renewi-tour-route-jasper-philipsen-mon-sprint-etait-parfaitement-time-95622.html\" target=\"_blank\" rel=\"nofollow noopener\">Jasper Philipsen<\/a><\/strong>.<\/p>\n<p>\u00a0<\/p>\n<p>Arnaud De Lie \u00ab\u00a0a \u00e9galement d\u00e9velopp\u00e9 une bronchite\u00a0\u00bb<\/p>\n<p><strong>Arnaud De Lie <\/strong>ne sera donc pas pr\u00e9sent au d\u00e9part de cette 5e \u00e9tape autour de Louvain. La formation <strong>Lotto-Intermarch\u00e9 <\/strong>a communiqu\u00e9 sur l\u2019\u00e9tat de sant\u00e9 de son coureur de 24 ans : \u00ab\u00a0Malheureusement, Arnaud De Lie ne prendra pas le d\u00e9part de la derni\u00e8re \u00e9tape du Renewi Tour. Le Belge ressentait d\u00e9j\u00e0 des sympt\u00f4mes respiratoires hier. Son \u00e9tat s\u2019est aggrav\u00e9 durant la nuit et il a \u00e9galement d\u00e9velopp\u00e9 une bronchite. Arnaud De Lie va d\u00e9sormais prendre le repos n\u00e9cessaire dans les prochains jours afin de r\u00e9cup\u00e9rer compl\u00e8tement et d\u2019\u00e9viter de compromettre ses prochaines courses. Nous lui souhaitons un prompt r\u00e9tablissement\u00a0\u00bb, a expliqu\u00e9 l\u2019\u00e9quipe belge.<\/p>\n<p>Le \u00ab\u00a0Taureau de Lescheret\u00a0\u00bb ne vit pas une saison 2026 tr\u00e8s heureuse, avec seulement deux succ\u00e8s \u00e0 son compteur : la <strong>Lotto Famenne Ardenne Classic<\/strong> et une \u00e9tape du <strong>Tour de Wallonie<\/strong>. Pour rappel, le Belge s\u2019est engag\u00e9 pour quatre saisons avec la formation suisse<strong> Tudor Pro Cycling Team<\/strong>, soit jusqu\u2019en <strong>2030<\/strong>.<\/p>\n<p>Renewi Tour &#8211; Classement g\u00e9n\u00e9ral provisoire apr\u00e8s la 4\u00e8 \u00e9tapeA lire aussi&#8230;<\/p>\n","protected":false},"excerpt":{"rendered":"Le tenant du titre du Renewi Tour, le Belge Arnaud De Lie, ne prendra pas le d\u00e9part de&hellip;\n","protected":false},"author":2,"featured_media":1144057,"comment_status":"","ping_status":"","sticky":false,"template":"","format":"standard","meta":{"footnotes":"","_share_on_mastodon":"0"},"categories":[1411],"tags":[1154,207,211,1011,27,46700,209,60,210,212,208,213],"class_list":["post-1144056","post","type-post","status-publish","format-standard","has-post-thumbnail","category-cyclisme","tag-cycling","tag-cyclisme","tag-ffc","tag-fr","tag-france","tag-renewi-tour","tag-route","tag-sports","tag-tour-de-france","tag-uci","tag-velo","tag-world-tour"],"share_on_mastodon":{"url":"https:\/\/pubeurope.com\/@fr\/117144693576208105","error":""},"_links":{"self":[{"href":"https:\/\/www.europesays.com\/fr\/wp-json\/wp\/v2\/posts\/1144056","targetHints":{"allow":["GET"]}}],"collection":[{"href":"https:\/\/www.europesays.com\/fr\/wp-json\/wp\/v2\/posts"}],"about":[{"href":"https:\/\/www.europesays.com\/fr\/wp-json\/wp\/v2\/types\/post"}],"author":[{"embeddable":true,"href":"https:\/\/www.europesays.com\/fr\/wp-json\/wp\/v2\/users\/2"}],"replies":[{"embeddable":true,"href":"https:\/\/www.europesays.com\/fr\/wp-json\/wp\/v2\/comments?post=1144056"}],"version-history":[{"count":0,"href":"https:\/\/www.europesays.com\/fr\/wp-json\/wp\/v2\/posts\/1144056\/revisions"}],"wp:featuredmedia":[{"embeddable":true,"href":"https:\/\/www.europesays.com\/fr\/wp-json\/wp\/v2\/media\/1144057"}],"wp:attachment":[{"href":"https:\/\/www.europesays.com\/fr\/wp-json\/wp\/v2\/media?parent=1144056"}],"wp:term":[{"taxonomy":"category","embeddable":true,"href":"https:\/\/www.europesays.com\/fr\/wp-json\/wp\/v2\/categories?post=1144056"},{"taxonomy":"post_tag","embeddable":true,"href":"https:\/\/www.europesays.com\/fr\/wp-json\/wp\/v2\/tags?post=1144056"}],"curies":[{"name":"wp","href":"https:\/\/api.w.org\/{rel}","templated":true}]}}