{"id":114409,"date":"2025-05-20T13:29:08","date_gmt":"2025-05-20T13:29:08","guid":{"rendered":"https:\/\/www.europesays.com\/fr\/114409\/"},"modified":"2025-05-20T13:29:08","modified_gmt":"2025-05-20T13:29:08","slug":"lue-propose-dassouplir-ses-regles-de-renvoi","status":"publish","type":"post","link":"https:\/\/www.europesays.com\/fr\/114409\/","title":{"rendered":"l\u2019UE propose d&rsquo;assouplir ses r\u00e8gles de renvoi"},"content":{"rendered":"<p>Actuellement, la loi europ\u00e9enne pr\u00e9voit que des demandeurs d\u2019asile puissent \u00eatre renvoy\u00e9s vers des pays dont ils ne sont pas originaires mais que les Etats membres consid\u00e8rent comme \u00abs\u00fbrs\u00bb.<\/p>\n<p class=\"fig-paragraph\">La Commission europ\u00e9enne a propos\u00e9 ce mardi d&rsquo;assouplir ses r\u00e8gles pour renvoyer les\u00a0<a href=\"http:\/\/www.lefigaro.fr\/actualite-france\/la-justice-annule-l-expulsion-d-un-demandeur-d-asile-au-motif-qu-il-a-entame-une-transition-de-genre-20250329\" target=\"_blank\" data-fig-type=\"Article\" rel=\"noopener nofollow\" data-gtm-custom-categorie=\"navigation\" data-gtm-custom-action=\"crossclick\" data-gtm-custom-label=\"Contextuel\" data-gtm-event=\"customEventSPE\" data-fig-domain=\"LEFIGARO\">demandeurs d&rsquo;asile<\/a>, r\u00e9pondant \u00e0 une demande r\u00e9p\u00e9t\u00e9e des \u00c9tats membres de durcir sa politique migratoire. Cette proposition inqui\u00e8te\u00a0<a href=\"http:\/\/www.lefigaro.fr\/actualite-france\/crise-migratoire-les-etats-europeens-financent-ils-les-ong-de-secours-aux-migrants-20231003\" data-fig-type=\"Article\" data-gtm-custom-categorie=\"navigation\" data-gtm-custom-action=\"crossclick\" data-gtm-custom-label=\"Contextuel\" data-gtm-event=\"customEventSPE\" data-fig-domain=\"LEFIGARO\" rel=\"nofollow noopener\" target=\"_blank\">les ONG de protection de migrants<\/a>, qui assurent que cela expose l&rsquo;Union europ\u00e9enne \u00e0 un chantage des pays qui recevront ces demandeurs d&rsquo;asile.<\/p>\n<p class=\"fig-paragraph\">Actuellement, la loi europ\u00e9enne pr\u00e9voit que des demandeurs d\u2019asile puissent \u00eatre renvoy\u00e9s vers des pays dont ils ne sont pas originaires mais que les \u00c9tats membres consid\u00e8rent comme \u00abs\u00fbrs\u00bb. Il faut cependant qu\u2019il y ait un \u00ablien\u00bb suffisant entre la personne concern\u00e9e et ce pays tiers: qu\u2019un membre de sa famille y r\u00e9side, que le demandeur d\u2019asile ait d\u00e9j\u00e0 travaill\u00e9 dans ce pays etc. Ce que l\u2019UE propose, c\u2019est de pouvoir \u00e9liminer cette obligation de \u00ablien\u00bb, ce qui permettrait d\u2019acc\u00e9l\u00e9rer les renvois.<\/p>\n<p class=\"fig-body-link\">\n            \u00c0 lire aussi<br \/>\n        <a class=\"fig-body-link__link fig-premium-mark\" href=\"http:\/\/www.lefigaro.fr\/politique\/demandeurs-d-asile-l-etat-sous-pression-20250129\" data-fig-type=\"Article\" data-gtm-custom-categorie=\"navigation\" data-gtm-custom-action=\"crossclick\" data-gtm-custom-label=\"Contextuel\" data-gtm-event=\"customEventSPE\" data-fig-domain=\"LEFIGARO\" rel=\"nofollow noopener\" target=\"_blank\">Demandeurs d\u2019asile\u00a0: l\u2019\u00c9tat sous pression<br \/>\n    <\/a>\n<\/p>\n<p>Des critiques r\u00e9fut\u00e9es par la Commission<\/p>\n<p class=\"fig-paragraph\">Le sujet inqui\u00e8te les organisations non-gouvernementales. Selon elles, la mesure est inefficace: si des demandeurs d\u2019asile sont renvoy\u00e9s vers un pays avec lequel ils n\u2019ont pas d\u2019attache, ils risquent simplement de retenter leur chance vers l\u2019Europe, arguent-elles. \u00abL\u2019UE d\u00e9forme cyniquement le concept de s\u00fbret\u00e9 pour satisfaire ses propres objectifs r\u00e9pressifs\u00bb, alerte Sarah Chander de Equinox Initiative for Racial Justice, dans un communiqu\u00e9.<\/p>\n<p class=\"fig-paragraph\">Ce concept est une \u00abfiction politique\u00bb, rench\u00e9rit Josephine Solanki du Transnational Institute. Ces associations estiment que les gouvernements europ\u00e9ens seront aussi expos\u00e9s \u00e0 un chantage par ces pays tiers, qui pourraient exiger une ribambelle de contreparties politiques et financi\u00e8res pour accueillir ces demandeurs d\u2019asile.<\/p>\n<p class=\"fig-paragraph\">La Commission r\u00e9fute ces critiques, assurant que cette proposition a pour principal objectif d\u2019acc\u00e9l\u00e9rer le traitement des demandes d\u2019asile et que les pays dans lesquels ils seront renvoy\u00e9s respectent les droits fondamentaux. Pour entrer en vigueur, cette proposition devra \u00eatre approuv\u00e9e par le Parlement europ\u00e9en et les \u00c9tats membres.<\/p>\n<p>\u00abHubs de retour\u00bb<\/p>\n<p class=\"fig-paragraph\">Bruxelles est justement sous pression des \u00c9tats membres pour durcir sa politique migratoire, face \u00e0 la pouss\u00e9e de la droite et de l\u2019extr\u00eame droite \u00e0 travers le continent. La Commission avance m\u00e9thodiquement sur ce dossier. Mi-mars, elle avait d\u00e9j\u00e0 d\u00e9voil\u00e9 de premi\u00e8res mesures pour acc\u00e9l\u00e9rer les expulsions d\u2019\u00e9trangers en situation irr\u00e9guli\u00e8re.<\/p>\n<p class=\"fig-paragraph\">L\u2019ex\u00e9cutif europ\u00e9en avait notamment propos\u00e9 un cadre l\u00e9gal \u00e0 la cr\u00e9ation de centres pour migrants en dehors de ses fronti\u00e8res, les fameux \u00abhubs de retour\u00bb. Les appels \u00e0 un durcissement de la politique migratoire europ\u00e9enne interviennent alors m\u00eame que le nombre de passages clandestins aux fronti\u00e8res de l\u2019Union a consid\u00e9rablement diminu\u00e9.<\/p>\n<p class=\"fig-paragraph\">En 2024, il a atteint le niveau le plus bas depuis 2021, lorsque les flux migratoires \u00e9taient encore perturb\u00e9s par le Covid, selon les donn\u00e9es de\u00a0<a href=\"http:\/\/www.lefigaro.fr\/politique\/europeennes-2024-l-agence-frontex-compte-t-elle-10-000-hommes-comme-l-affirme-valerie-hayer-20240606\" data-fig-type=\"Article\" data-gtm-custom-categorie=\"navigation\" data-gtm-custom-action=\"crossclick\" data-gtm-custom-label=\"Contextuel\" data-gtm-event=\"customEventSPE\" data-fig-domain=\"LEFIGARO\" rel=\"nofollow noopener\" target=\"_blank\">l\u2019agence europ\u00e9enne Frontex<\/a>.<\/p>\n","protected":false},"excerpt":{"rendered":"Actuellement, la loi europ\u00e9enne pr\u00e9voit que des demandeurs d\u2019asile puissent \u00eatre renvoy\u00e9s vers des pays dont ils ne&hellip;\n","protected":false},"author":2,"featured_media":114410,"comment_status":"","ping_status":"","sticky":false,"template":"","format":"standard","meta":{"footnotes":""},"categories":[5],"tags":[259,11,260,19046,1011,27,14,261,12,262,1778,28],"class_list":{"0":"post-114409","1":"post","2":"type-post","3":"status-publish","4":"format-standard","5":"has-post-thumbnail","7":"category-international","8":"tag-actualite-internationale","9":"tag-actualites","10":"tag-affaires-etrangeres","11":"tag-demandeurs-dasile","12":"tag-fr","13":"tag-france","14":"tag-international","15":"tag-ministere-des-affaires-etrangeres","16":"tag-news","17":"tag-politique-etrangere","18":"tag-ue","19":"tag-world"},"share_on_mastodon":{"url":"https:\/\/pubeurope.com\/@fr\/114540404079935327","error":""},"_links":{"self":[{"href":"https:\/\/www.europesays.com\/fr\/wp-json\/wp\/v2\/posts\/114409","targetHints":{"allow":["GET"]}}],"collection":[{"href":"https:\/\/www.europesays.com\/fr\/wp-json\/wp\/v2\/posts"}],"about":[{"href":"https:\/\/www.europesays.com\/fr\/wp-json\/wp\/v2\/types\/post"}],"author":[{"embeddable":true,"href":"https:\/\/www.europesays.com\/fr\/wp-json\/wp\/v2\/users\/2"}],"replies":[{"embeddable":true,"href":"https:\/\/www.europesays.com\/fr\/wp-json\/wp\/v2\/comments?post=114409"}],"version-history":[{"count":0,"href":"https:\/\/www.europesays.com\/fr\/wp-json\/wp\/v2\/posts\/114409\/revisions"}],"wp:featuredmedia":[{"embeddable":true,"href":"https:\/\/www.europesays.com\/fr\/wp-json\/wp\/v2\/media\/114410"}],"wp:attachment":[{"href":"https:\/\/www.europesays.com\/fr\/wp-json\/wp\/v2\/media?parent=114409"}],"wp:term":[{"taxonomy":"category","embeddable":true,"href":"https:\/\/www.europesays.com\/fr\/wp-json\/wp\/v2\/categories?post=114409"},{"taxonomy":"post_tag","embeddable":true,"href":"https:\/\/www.europesays.com\/fr\/wp-json\/wp\/v2\/tags?post=114409"}],"curies":[{"name":"wp","href":"https:\/\/api.w.org\/{rel}","templated":true}]}}