{"id":114411,"date":"2025-05-20T13:30:10","date_gmt":"2025-05-20T13:30:10","guid":{"rendered":"https:\/\/www.europesays.com\/fr\/114411\/"},"modified":"2025-05-20T13:30:10","modified_gmt":"2025-05-20T13:30:10","slug":"orage-de-grele-au-sud-de-toulouse-cette-commune-fait-les-comptes-et-des-escrocs-tentent-den-profiter","status":"publish","type":"post","link":"https:\/\/www.europesays.com\/fr\/114411\/","title":{"rendered":"Orage de gr\u00eale. Au sud de Toulouse, cette commune fait les comptes\u2026 et des escrocs tentent d&rsquo;en profiter"},"content":{"rendered":"<p>            Par<br \/>\n        <strong><br \/>\n            <a href=\"https:\/\/actu.fr\/auteur\/lucie-2\" title=\"Consulter tous les articles de Lucie Fraisse\" target=\"_blank\" rel=\"noopener\">Lucie Fraisse<\/a><br \/>\n        <\/strong><\/p>\n<p>        Publi\u00e9 le<\/p>\n<p>            20 mai 2025 \u00e0 12h50        <\/p>\n<p>Dix minutes de <strong>gr\u00eale<\/strong> et des <strong>milliers d\u2019euros<\/strong> de <strong>d\u00e9g\u00e2ts<\/strong>. Ce mardi 20 mai 2025, <strong>Longages<\/strong> (Haute-Garonne), au sud de <strong>Toulouse<\/strong>, compte ses plaies apr\u00e8s <a href=\"https:\/\/actu.fr\/occitanie\/toulouse_31555\/intemperies-en-haute-garonne-les-pompiers-appeles-pres-de-1500-fois-une-vigilance-aux-crues-en-cours_62659602.html\" target=\"_blank\" rel=\"noopener\">le violent orage de gr\u00eale<\/a> qui a touch\u00e9 la commune hier en milieu d\u2019apr\u00e8s-midi.<\/p>\n<p>    <a href=\"https:\/\/www.google.com\/maps\/embed?pb=!1m18!1m12!1m3!1d586232.5443298556!2d0.7589159626383319!3d43.365182618324646!2m3!1f0!2f0!3f0!3m2!1i1024!2i768!4f13.1!3m3!1m2!1s0x12a932d4a6178397%3A0x406f69c2f411ff0!2s31410%20Longages!5e0!3m2!1sfr!2sfr!4v1747736450119!5m2!1sfr!2sfr\" title=\"Ouvrie le lien\" target=\"_blank\" rel=\"noopener\">Cliquez ici pour visualiser le contenu<\/a><\/p>\n<p>\u00ab\u00a0Un ciel noir comme en pleine nuit\u00a0\u00bb<\/p>\n<p class=\" wall-content\">\u00ab\u00a0Vers 15 heures, <strong>le ciel s\u2019est obscurci<\/strong> et est <strong>devenu noir<\/strong> comme en pleine nuit\u00a0\u00bb, raconte <strong>Sarah Ben Hassen<\/strong>, la directrice g\u00e9n\u00e9rale des services de la mairie de Longages. \u00ab\u00a0Il y a eu quelques microcoupures d\u2019\u00e9lectricit\u00e9, puis une coupure d\u00e9finitive. Quelques minutes apr\u00e8s, on a eu un violent orage de gr\u00eale qui a dur\u00e9 dix minutes\u00a0\u00bb.<\/p>\n<p>\u00ab\u00a0On n\u2019avait jamais vu \u00e7a\u00a0\u00bb\u00a0<\/p>\n<blockquote class=\"tiktok-embed\" cite=\"https:\/\/www.tiktok.com\/@actutoulouse\/video\/7506513529491459350\" data-video-id=\"7506513529491459350\" data-embed-from=\"oembed\" style=\"max-width:605px; min-width:325px;\"><p>\n<a target=\"_blank\" title=\"@actutoulouse\" href=\"https:\/\/www.tiktok.com\/@actutoulouse?refer=embed\" rel=\"noopener\">@actutoulouse<\/a> <\/p>\n<p><a title=\"toulouse\" target=\"_blank\" href=\"https:\/\/www.tiktok.com\/tag\/toulouse?refer=embed\" rel=\"noopener\">#Toulouse<\/a> les images de l\u2019orage de gr\u00eale \u00e0 Longages qui a caus\u00e9 d\u2019importants d\u00e9g\u00e2ts dans la commune. plus d\u2019infos sur actu.fr\/toulouse<\/p>\n<p> <a target=\"_blank\" title=\"\u266c son original - Actu Toulouse\" href=\"https:\/\/www.tiktok.com\/music\/son-original-7506513518630193942?refer=embed\" rel=\"noopener\">\u266c son original \u2013 Actu Toulouse<\/a> <\/p>\n<\/blockquote>\n<p class=\" wall-content\">\u00ab\u00a0Les gr\u00ealons faisaient bien 7 centim\u00e8tres de diam\u00e8tre,<strong> de la taille de petites balles de tennis\u00a0\u00bb<\/strong>, estime <strong>Jean-Michel Dallard<\/strong>, le maire de la commune. \u00ab\u00a0On a d\u00e9j\u00e0 eu des orages \u00e0 Longages, surtout en \u00e9t\u00e9. Mais on n\u2019avait jamais vu \u00e7a.\u00a0\u00bb<\/p>\n<p>Vid\u00e9os : en ce moment sur Actu<\/p>\n<p class=\" wall-content\">Et l\u2019orage de gr\u00eale a caus\u00e9 de <strong>gros d\u00e9g\u00e2ts<\/strong> dans la commune, y compris dans les b\u00e2timents municipaux. La <strong>mairie<\/strong> a ainsi \u00e9t\u00e9 inond\u00e9e et <strong>l\u2019\u00e9cole primaire<\/strong> fortement touch\u00e9e.<\/p>\n<p class=\" wall-content\"><a href=\"https:\/\/www.instagram.com\/p\/DJ1lRY6IX-S\/embed\" title=\"Ouvrir le lien sur Instagram\" target=\"_blank\" rel=\"noopener\">Visualiser le contenu sur Instagram<\/a><\/p>\n<p>Les enfants de l\u2019\u00e9cole mis en s\u00e9curit\u00e9\u00a0<\/p>\n<p class=\" wall-content\">\u00ab\u00a0Il y a eu des infiltrations dans les faux-plafonds et dans les blocs de climatisation\u00a0\u00bb, \u00e9num\u00e8re Sarah Ben Hassen. \u00ab\u00a0On a tr\u00e8s vite mis en place une cellule de crise \u00e0 la mairie<strong>, les enfants ont \u00e9t\u00e9 mis en s\u00e9curit\u00e9<\/strong> par leurs enseignants qui ont tr\u00e8s bien tenu leur r\u00f4le. Il y a eu une belle r\u00e9activit\u00e9 et solidarit\u00e9 entre les professeurs, les services techniques de la mairie et les personnels de l\u2019Alae\u00a0\u00bb.<\/p>\n<p class=\" wall-content\">Dans la foul\u00e9e, le maire de Longages a activ\u00e9<strong> le plan de sauvegarde communal<\/strong>, impliquant, entre autres, la fermeture de l\u2019\u00e9cole primaire jusqu\u2019\u00e0 nouvel ordre, la fermeture des b\u00e2timents municipaux et la suspension des activit\u00e9s associatives.<\/p>\n<p>Des habitants relog\u00e9s\u00a0<\/p>\n<p class=\" wall-content\">\u00ab\u00a0On a ouvert <strong>une permanence \u00e0 la mairie<\/strong> pour recevoir les gens en difficult\u00e9\u00a0\u00bb, pr\u00e9cise Jean-Michel Dallard. \u00ab\u00a0Il y a des gens qui ont eu de gros d\u00e9g\u00e2ts sur leurs toitures qui ont d\u00fb \u00eatre relog\u00e9s.\u00a0\u00bb<\/p>\n<p class=\" wall-content\">Dans la soir\u00e9e, plusieurs \u00e9lus sont all\u00e9s v\u00e9rifier la <strong>hauteur des cours d\u2019eau<\/strong> de la commune. \u00ab\u00a0On a refait un tour ce mardi matin\u00a0\u00bb, explique le maire. \u00ab\u00a0Et on fait aussi un \u00e9tat des lieux des b\u00e2timents municipaux.\u00a0\u00bb<\/p>\n<p>La facture va \u00eatre \u00ab\u00a0tr\u00e8s lourde\u00a0\u00bb<\/p>\n<p class=\" wall-content\">La salle des f\u00eates a ainsi \u00e9t\u00e9 endommag\u00e9e, de m\u00eame que la salle des associations, la m\u00e9diath\u00e8que doit encore \u00eatre contr\u00f4l\u00e9e.\u00a0\u00ab\u00a0<strong>Notre priorit\u00e9, c\u2019est de rouvrir l\u2019\u00e9cole<\/strong> le plus rapidement possible\u00a0\u00bb, souligne Jean-Michel Dallard.<\/p>\n<p class=\" wall-content\">S\u2019il est encore trop t\u00f4t pour faire un bilan chiffr\u00e9 des d\u00e9g\u00e2ts caus\u00e9s par la gr\u00eale sur les b\u00e2timents municipaux de Longages, Sarah Ben Hassen en est certaine, <strong>la facture \u00ab\u00a0va \u00eatre tr\u00e8s lourde,<\/strong> nous allons devoir prioriser\u00a0\u00bb. La mairie va lancer une demande de reconnaissance de catastrophe naturelle aupr\u00e8s de l\u2019\u00c9tat*.<\/p>\n<p>    <img   decoding=\"async\" loading=\"lazy\" src=\"https:\/\/www.europesays.com\/fr\/wp-content\/uploads\/2025\/05\/longages-agent-960x640.jpg\" alt=\"L'heure est au nettoyage \u00e0 Longages.\" width=\"960\" height=\"640\"\/><br \/>\n    L\u2019heure est au nettoyage \u00e0 Longages. (\u00a9Mairie de Longages)L\u2019un des cygnes du lac ne s\u2019en est pas relev\u00e9<\/p>\n<p class=\" wall-content\">En attendant la douloureuse, les services techniques de Longages s\u2019activent \u00e0 <strong>d\u00e9blayer les routes de la commune<\/strong>, \u00e0 nettoyer ce qui peut l\u2019\u00eatre, \u00e0 faire tomber les faux-plafonds endommag\u00e9s des b\u00e2timents municipaux\u2026 Des agents de la communaut\u00e9 de communes sont venus en renfort.<\/p>\n<p class=\" wall-content\">\u00ab\u00a0Ma satisfaction, c\u2019est qu\u2019il n\u2019y a pas eu de bless\u00e9s graves\u00a0\u00bb, soupire le maire. \u00ab\u00a0Et puis <strong>il y a un bel \u00e9lan de solidarit\u00e9 dans la commune<\/strong>, en ces temps troubl\u00e9s, \u00e7a fait du bien\u00a0\u00bb.<\/p>\n<p class=\" wall-content\">L\u2019orage de gr\u00eale qui a touch\u00e9 Longages aura tout de m\u00eame fait une victime, qui n\u2019a pas pu se mettre \u00e0 l\u2019abri. <strong>L\u2019un des deux cygnes<\/strong> qui logeait au <strong>lac de Sabatouse<\/strong> est malheureusement d\u00e9c\u00e9d\u00e9.<\/p>\n<p>Des escrocs tentent d\u2019en profiter<\/p>\n<p class=\" wall-content\">\u00c0 la mi-journ\u00e9e, la mairie de Longages a par ailleurs lanc\u00e9<strong> \u00ab\u00a0un appel \u00e0 la vigilance\u00a0\u00bb<\/strong> aupr\u00e8s de ses habitants : \u00ab\u00a0Nous avons re\u00e7u <strong>des signalements<\/strong> concernant des personnes qui se pr\u00e9senteraient comme \u00e9tant mandat\u00e9es par la mairie, pour effectuer des travaux ou r\u00e9parations chez vous.\u00a0\u00bb<\/p>\n<blockquote class=\"ac-article-quote wall-content\">\n<p>Il n&rsquo;en est rien, ce n&rsquo;est pas le cas, il peut s&rsquo;agir de tentatives d&rsquo;escroquerie ou de fraude. N&rsquo;h\u00e9sitez pas \u00e0 les signaler aux autorit\u00e9s.<\/p>\n<p>    <strong>La mairie de Longages<\/strong>\n            <\/p><\/blockquote>\n<p class=\" wall-content\">\u00ab\u00a0ils se font passer pour une entreprise mandat\u00e9e par la mairie, explique Sarah Ben Hassen. Tr\u00e8s techniques dans leurs discours, ils laissent leur carte qui renvoie \u00e0 une entreprise inexistante.\u00a0\u00bb<\/p>\n<p class=\" wall-content\">*Les habitants de la commune sont invit\u00e9s \u00e0 contacter leurs assurances pour d\u00e9clarer les d\u00e9g\u00e2ts dont ils ont \u00e9t\u00e9 victimes dans les cinq jours, avant de contacter la mairie.<\/p>\n<p class=\" wall-content\">Suivez toute l\u2019actualit\u00e9 de vos villes et m\u00e9dias favoris en vous inscrivant \u00e0 <a href=\"https:\/\/moncompte.actu.fr\" title=\"D\u00e9couvez Mon Actu\" rel=\"nofollow noopener\" data-trk=\"{&quot;cta&quot;:{&quot;action&quot;:&quot;https:\\\/\\\/moncompte.actu.fr&quot;,&quot;category&quot;:&quot;mon compte&quot;,&quot;from&quot;:&quot;article footer&quot;,&quot;name&quot;:&quot;Mon actu&quot;,&quot;type&quot;:&quot;cta&quot;}}\" target=\"_blank\">Mon Actu<\/a>.<\/p>\n<p>                    <script async src=\"\/\/www.instagram.com\/embed.js\"><\/script><script async src=\"\/\/www.tiktok.com\/embed.js\"><\/script><\/p>\n","protected":false},"excerpt":{"rendered":"Par Lucie Fraisse Publi\u00e9 le 20 mai 2025 \u00e0 12h50 Dix minutes de gr\u00eale et des milliers d\u2019euros&hellip;\n","protected":false},"author":2,"featured_media":114412,"comment_status":"","ping_status":"","sticky":false,"template":"","format":"standard","meta":{"footnotes":""},"categories":[4],"tags":[11,1011,27,12,4594,25,104],"class_list":{"0":"post-114411","1":"post","2":"type-post","3":"status-publish","4":"format-standard","5":"has-post-thumbnail","7":"category-france","8":"tag-actualites","9":"tag-fr","10":"tag-france","11":"tag-news","12":"tag-orages","13":"tag-republique-francaise","14":"tag-societe"},"share_on_mastodon":{"url":"https:\/\/pubeurope.com\/@fr\/114540407918341273","error":""},"_links":{"self":[{"href":"https:\/\/www.europesays.com\/fr\/wp-json\/wp\/v2\/posts\/114411","targetHints":{"allow":["GET"]}}],"collection":[{"href":"https:\/\/www.europesays.com\/fr\/wp-json\/wp\/v2\/posts"}],"about":[{"href":"https:\/\/www.europesays.com\/fr\/wp-json\/wp\/v2\/types\/post"}],"author":[{"embeddable":true,"href":"https:\/\/www.europesays.com\/fr\/wp-json\/wp\/v2\/users\/2"}],"replies":[{"embeddable":true,"href":"https:\/\/www.europesays.com\/fr\/wp-json\/wp\/v2\/comments?post=114411"}],"version-history":[{"count":0,"href":"https:\/\/www.europesays.com\/fr\/wp-json\/wp\/v2\/posts\/114411\/revisions"}],"wp:featuredmedia":[{"embeddable":true,"href":"https:\/\/www.europesays.com\/fr\/wp-json\/wp\/v2\/media\/114412"}],"wp:attachment":[{"href":"https:\/\/www.europesays.com\/fr\/wp-json\/wp\/v2\/media?parent=114411"}],"wp:term":[{"taxonomy":"category","embeddable":true,"href":"https:\/\/www.europesays.com\/fr\/wp-json\/wp\/v2\/categories?post=114411"},{"taxonomy":"post_tag","embeddable":true,"href":"https:\/\/www.europesays.com\/fr\/wp-json\/wp\/v2\/tags?post=114411"}],"curies":[{"name":"wp","href":"https:\/\/api.w.org\/{rel}","templated":true}]}}