{"id":114415,"date":"2025-05-20T13:32:09","date_gmt":"2025-05-20T13:32:09","guid":{"rendered":"https:\/\/www.europesays.com\/fr\/114415\/"},"modified":"2025-05-20T13:32:09","modified_gmt":"2025-05-20T13:32:09","slug":"saint-just-malmont-epuise-et-perdu-en-moto-un-adolescent-est-secouru-dans-les-bois","status":"publish","type":"post","link":"https:\/\/www.europesays.com\/fr\/114415\/","title":{"rendered":"Saint-Just-Malmont : \u00e9puis\u00e9 et perdu en moto, un adolescent est secouru dans les bois"},"content":{"rendered":"<p>\t\t\t\t\t\t\t\t\t\t\t\t\t\t\t\t\t\t\t\t\t\t\t\t\t\t\t\t\t\t\t\t\t\t\t\t\t\t\t\t\t\t\t\t\t\t\t\t\t\t\t\t\t\t\t\t\t\t\t\t\t\t\t<a href=\"https:\/\/www.lacommere43.fr\/component\/banners\/click\/1751.html\" target=\"_blank\" title=\"Chevalier Fr\u00e8res avril 2025\" rel=\"nofollow noopener\"><br \/>\n\t\t\t\t\t\t\t<img decoding=\"async\" src=\"https:\/\/www.europesays.com\/fr\/wp-content\/uploads\/2025\/05\/chevalier-2025-suspensions.gif\" alt=\"Chevalier Fr\u00e8res avril 2025\"\/><br \/>\n\t\t\t\t\t\t<\/a><\/p>\n<p>Dimanche, les pompiers sont intervenus \u00e0 Saint-Just-Malmont, au lieu-dit \u00ab\u00a0Monservier\u00a0\u00bb, dans les ravins de Michalon. Des pompiers de Saint-Just-Malmont et Velay Sem\u00e8ne se sont d&rsquo;abord port\u00e9s au chevet d&rsquo;un adolescent de 17 ans, pas bless\u00e9 mais \u00e9puis\u00e9 et perdu en moto dans un bois.<\/p>\n<p>L&rsquo;unit\u00e9 de secours en milieu p\u00e9rilleux s&rsquo;est aussi d\u00e9plac\u00e9e pour remonter le jeune motard du ravin, sain et sauf.<\/p>\n","protected":false},"excerpt":{"rendered":"Dimanche, les pompiers sont intervenus \u00e0 Saint-Just-Malmont, au lieu-dit \u00ab\u00a0Monservier\u00a0\u00bb, dans les ravins de Michalon. Des pompiers de&hellip;\n","protected":false},"author":2,"featured_media":114416,"comment_status":"","ping_status":"","sticky":false,"template":"","format":"standard","meta":{"footnotes":""},"categories":[9653],"tags":[1111,2281,11,2430,1777,674,2282,1011,27,2280,2284,2285,2283,12,25,4001],"class_list":{"0":"post-114415","1":"post","2":"type-post","3":"status-publish","4":"format-standard","5":"has-post-thumbnail","7":"category-saint-etienne","8":"tag-actu","9":"tag-actualite-43","10":"tag-actualites","11":"tag-auvergne-rhone-alpes","12":"tag-eu","13":"tag-europe","14":"tag-faits-divers-auvergne","15":"tag-fr","16":"tag-france","17":"tag-information-haute-loire","18":"tag-infos-43","19":"tag-journal-haute-loire","20":"tag-la-commere-43","21":"tag-news","22":"tag-republique-francaise","23":"tag-saint-etienne"},"share_on_mastodon":{"url":"https:\/\/pubeurope.com\/@fr\/114540415863300769","error":""},"_links":{"self":[{"href":"https:\/\/www.europesays.com\/fr\/wp-json\/wp\/v2\/posts\/114415","targetHints":{"allow":["GET"]}}],"collection":[{"href":"https:\/\/www.europesays.com\/fr\/wp-json\/wp\/v2\/posts"}],"about":[{"href":"https:\/\/www.europesays.com\/fr\/wp-json\/wp\/v2\/types\/post"}],"author":[{"embeddable":true,"href":"https:\/\/www.europesays.com\/fr\/wp-json\/wp\/v2\/users\/2"}],"replies":[{"embeddable":true,"href":"https:\/\/www.europesays.com\/fr\/wp-json\/wp\/v2\/comments?post=114415"}],"version-history":[{"count":0,"href":"https:\/\/www.europesays.com\/fr\/wp-json\/wp\/v2\/posts\/114415\/revisions"}],"wp:featuredmedia":[{"embeddable":true,"href":"https:\/\/www.europesays.com\/fr\/wp-json\/wp\/v2\/media\/114416"}],"wp:attachment":[{"href":"https:\/\/www.europesays.com\/fr\/wp-json\/wp\/v2\/media?parent=114415"}],"wp:term":[{"taxonomy":"category","embeddable":true,"href":"https:\/\/www.europesays.com\/fr\/wp-json\/wp\/v2\/categories?post=114415"},{"taxonomy":"post_tag","embeddable":true,"href":"https:\/\/www.europesays.com\/fr\/wp-json\/wp\/v2\/tags?post=114415"}],"curies":[{"name":"wp","href":"https:\/\/api.w.org\/{rel}","templated":true}]}}