{"id":1144185,"date":"2026-08-23T13:34:15","date_gmt":"2026-08-23T13:34:15","guid":{"rendered":"https:\/\/www.europesays.com\/fr\/1144185\/"},"modified":"2026-08-23T13:34:15","modified_gmt":"2026-08-23T13:34:15","slug":"jean-luc-delarue-mort-il-y-a-14-ans-que-devient-elisabeth-bost-la-mere-de-son-fils-jean","status":"publish","type":"post","link":"https:\/\/www.europesays.com\/fr\/1144185\/","title":{"rendered":"Jean-Luc Delarue, mort il y a 14 ans : que devient \u00c9lisabeth Bost, la m\u00e8re de son fils Jean ?"},"content":{"rendered":"<p>Trois mois avant sa mort, le 23 ao\u00fbt 2012, \u00e0 l&rsquo;\u00e2ge de 48 ans,<br \/>\ndes suites d&rsquo;un cancer de l&rsquo;estomac et du p\u00e9ritoine,<br \/>\n<strong>Jean-Luc Delarue<\/strong> avait \u00e9pous\u00e9 Anissa Khelifi. Une<br \/>\nunion express qui a fait jaser \u00e0 l&rsquo;\u00e9poque et entra\u00een\u00e9 une bataille<br \/>\njudiciaire acharn\u00e9e apr\u00e8s la disparition de l&rsquo;animateur et<br \/>\nproducteur. Au c\u0153ur du d\u00e9bat ? Les int\u00e9r\u00eats financiers de Jean, n\u00e9<br \/>\nen 2006, le fils que Jean-Luc Delarue a eu avec sa pr\u00e9c\u00e9dente<br \/>\ncompagne, <strong>\u00c9lisabeth Bost<\/strong>. Cette derni\u00e8re a en<br \/>\neffet tent\u00e9 de faire annuler \u00e0 la fois le mariage et le testament,<br \/>\nen vain. Apr\u00e8s un long bras de fer, la justice a tranch\u00e9 :<br \/>\nl&rsquo;h\u00e9ritage a \u00e9t\u00e9 partag\u00e9 entre la veuve et le fils de Jean-Luc<br \/>\nDelarue.<\/p>\n<p>Qui est \u00c9lisabeth Bost, l&rsquo;ancienne compagne de Jean-Luc Delarue<br \/>\n?<\/p>\n<p>Dipl\u00f4m\u00e9e de l&rsquo;\u00c9cole des hautes \u00e9tudes en sciences de<br \/>\nl&rsquo;information et de la communication (CELSA) et titulaire d&rsquo;une<br \/>\nma\u00eetrise en information et communication \u00e0 la Sorbonne, \u00c9lisabeth<br \/>\nBost fait la connaissance de Jean-Luc Delarue en 1998, alors<br \/>\nqu&rsquo;elle n&rsquo;a que 19 ans, lors d&rsquo;un <strong>stage<\/strong> au sein de<br \/>\nsa soci\u00e9t\u00e9 R\u00e9servoir Prod. Ce n&rsquo;est toutefois que six ans plus tard<br \/>\nqu&rsquo;ils se retrouvent et que leur relation prend une tournure<br \/>\npersonnelle.<\/p>\n<p>Entre-temps, elle est rapidement devenue un visage familier du<br \/>\npetit \u00e9cran, se voyant confier plusieurs \u00e9missions : La<br \/>\nQuotidienne (T\u00e9va), Y&rsquo;a un d\u00e9but \u00e0 tout (France 2),<br \/>\naux c\u00f4t\u00e9s de Daniela Lumbroso, Belle et Zen (M6), Le<br \/>\nGrand Zapping de l&rsquo;humour et La T\u00e9l\u00e9 de A \u00e0 Z (France<br \/>\n2), avant de rejoindre LCI. Viendront ensuite \u00c0 vos<br \/>\nassiettes et Le Grand 8 avec Laurence Ferrari (Direct<br \/>\n8), puis Pr\u00eat \u00e0 porter tout de suite (Stylia), avant un<br \/>\npassage dans Punchline (C8).<\/p>\n<p>Un parcours \u00e9clectique<\/p>\n<p>Curieuse et touche-\u00e0-tout, \u00c9lisabeth Bost \u00e9crit \u00e9galement. Elle<br \/>\na travaill\u00e9 pour les s\u00e9ries Sous le soleil et Seconde<br \/>\nChance et, depuis 2017, elle est <strong>sc\u00e9nariste<\/strong><br \/>\npour le feuilleton Demain nous appartient (TF1). En 2019,<br \/>\nelle a particip\u00e9 \u00e0 un documentaire pour France 5 intitul\u00e9 Destins<br \/>\nd&rsquo;orphelin, r\u00e9alis\u00e9 par Karine Dusfour. Deux ans plus tard,<br \/>\n\u00c9lisabeth Bost et Karine Dusfour ont co\u00e9crit le livre Grandir avec<br \/>\nl&rsquo;absence, dans lequel plusieurs personnalit\u00e9s t\u00e9moignent de leur<br \/>\nparcours d&rsquo;orphelins de p\u00e8re ou de m\u00e8re.<\/p>\n<p>C&rsquo;est en octobre 2006 qu&rsquo;\u00c9lisabeth Bost et Jean-Luc Delarue sont<br \/>\ndevenus parents de Jean, un gar\u00e7on devenu grand et <strong>prot\u00e9g\u00e9<br \/>\ndes m\u00e9dias<\/strong> par sa m\u00e8re. Ils se sont s\u00e9par\u00e9s en 2009 et<br \/>\nl&rsquo;animateur vivra alors une romance aussi passionn\u00e9e qu&rsquo;\u00e9ph\u00e9m\u00e8re<br \/>\navec <a href=\"https:\/\/www.grazia.fr\/people\/que-devient-ines-sastre-le-mannequin-espagnol-qui-avait-fait-craquer-jean-luc-delarue-1230721.html\" target=\"_blank\" rel=\"noopener nofollow\">l&rsquo;Espagnole In\u00e9s Sastre<\/a>, avant<br \/>\nde rencontrer <a href=\"https:\/\/www.grazia.fr\/people\/la-veuve-de-jean-luc-delarue-sort-du-silence-283976.html\" target=\"_blank\" rel=\"noopener nofollow\">Anissa Khelifi<\/a>, qui<br \/>\nl&rsquo;accompagnera jusqu&rsquo;au bout.<\/p>\n<p>\u00c9lisabeth Bost a disparu des<br \/>\nm\u00e9dias<\/p>\n<p>En 2019, lorsque T\u00e9l\u00e9 Star avait demand\u00e9 \u00e0 la<br \/>\njournaliste quelle place tenait le d\u00e9funt animateur de \u00c7a se<br \/>\ndiscute aupr\u00e8s de leur fils, elle avait r\u00e9pondu : \u00ab\u00a0Une<br \/>\nforce bienveillante, une \u00e9toile qui le prot\u00e8ge. Quand il \u00e9tait<br \/>\npetit, je lui ai propos\u00e9 d&rsquo;envoyer des messages au ciel. Il a<br \/>\ncontinu\u00e9. Pour la f\u00eate des P\u00e8res, l&rsquo;anniversaire, No\u00ebl\u2026 (&#8230;)<br \/>\nPetit, il lui a envoy\u00e9 toutes sortes de choses, des tickets \u00e0<br \/>\ngratter, des autocollants Panini. (&#8230;) Et nous parlons beaucoup,<br \/>\nje lui rappelle des <strong>souvenirs heureux<\/strong> : en passant<br \/>\ndevant un restaurant o\u00f9 nous \u00e9tions venus tous les trois, par<br \/>\nexemple\u2026 Ou en lui disant : \u00ab\u00a0Tu as les m\u00eames cheveux que<br \/>\npapa\u00a0\u00bb.\u00a0\u00bb<\/p>\n<p>Si, aujourd&rsquo;hui encore, son nom reste indissociable de celui de<br \/>\nJean-Luc Delarue, \u00c9lisabeth Bost a largement disparu de nos \u00e9crans<br \/>\ndepuis 2017. Le Parisien a r\u00e9v\u00e9l\u00e9 en 2022 qu&rsquo;elle s&rsquo;\u00e9tait<br \/>\nremari\u00e9e deux ans plus t\u00f4t. Un indice sur le nom de son \u00e9poux ? Sur<br \/>\nInstagram, elle porte le nom d&rsquo;<strong>\u00c9lisabeth<br \/>\nBost-Philippe.<\/strong><\/p>\n","protected":false},"excerpt":{"rendered":"Trois mois avant sa mort, le 23 ao\u00fbt 2012, \u00e0 l&rsquo;\u00e2ge de 48 ans, des suites d&rsquo;un cancer&hellip;\n","protected":false},"author":2,"featured_media":1020995,"comment_status":"","ping_status":"","sticky":false,"template":"","format":"standard","meta":{"footnotes":"","_share_on_mastodon":"0"},"categories":[8],"tags":[58,59,1011,27,6055],"class_list":["post-1144185","post","type-post","status-publish","format-standard","has-post-thumbnail","category-divertissement","tag-divertissement","tag-entertainment","tag-fr","tag-france","tag-republishing"],"share_on_mastodon":{"url":"https:\/\/pubeurope.com\/@fr\/117145087860189520","error":""},"_links":{"self":[{"href":"https:\/\/www.europesays.com\/fr\/wp-json\/wp\/v2\/posts\/1144185","targetHints":{"allow":["GET"]}}],"collection":[{"href":"https:\/\/www.europesays.com\/fr\/wp-json\/wp\/v2\/posts"}],"about":[{"href":"https:\/\/www.europesays.com\/fr\/wp-json\/wp\/v2\/types\/post"}],"author":[{"embeddable":true,"href":"https:\/\/www.europesays.com\/fr\/wp-json\/wp\/v2\/users\/2"}],"replies":[{"embeddable":true,"href":"https:\/\/www.europesays.com\/fr\/wp-json\/wp\/v2\/comments?post=1144185"}],"version-history":[{"count":0,"href":"https:\/\/www.europesays.com\/fr\/wp-json\/wp\/v2\/posts\/1144185\/revisions"}],"wp:featuredmedia":[{"embeddable":true,"href":"https:\/\/www.europesays.com\/fr\/wp-json\/wp\/v2\/media\/1020995"}],"wp:attachment":[{"href":"https:\/\/www.europesays.com\/fr\/wp-json\/wp\/v2\/media?parent=1144185"}],"wp:term":[{"taxonomy":"category","embeddable":true,"href":"https:\/\/www.europesays.com\/fr\/wp-json\/wp\/v2\/categories?post=1144185"},{"taxonomy":"post_tag","embeddable":true,"href":"https:\/\/www.europesays.com\/fr\/wp-json\/wp\/v2\/tags?post=1144185"}],"curies":[{"name":"wp","href":"https:\/\/api.w.org\/{rel}","templated":true}]}}