{"id":114420,"date":"2025-05-20T13:35:19","date_gmt":"2025-05-20T13:35:19","guid":{"rendered":"https:\/\/www.europesays.com\/fr\/114420\/"},"modified":"2025-05-20T13:35:19","modified_gmt":"2025-05-20T13:35:19","slug":"le-motard-qui-a-fonce-sur-un-gendarme-pendant-un-rodeo-place-en-detention","status":"publish","type":"post","link":"https:\/\/www.europesays.com\/fr\/114420\/","title":{"rendered":"Le motard qui a fonc\u00e9 sur un gendarme pendant un rod\u00e9o plac\u00e9 en d\u00e9tention"},"content":{"rendered":"<p><strong>Proc\u00e9dure &#8211; Le jeune homme qui a percut\u00e9 \u00e0 moto un gendarme alors que le militaire tentait de l\u2019interpeller vendredi pr\u00e8s de Nancy a demand\u00e9 du temps pour pr\u00e9parer sa d\u00e9fense<\/strong><\/p>\n<p>Son jugement attendra. <a href=\"https:\/\/www.20minutes.fr\/faits_divers\/4154018-20250517-nancy-gendarme-blesse-apres-avoir-volontairement-percute-lors-rodeo-urbain?at_medium=RSS%20feed&amp;at_campaign=ynews&amp;utm_source=yahoo&amp;utm_medium=rss&amp;utm_campaign=news_feed&amp;utm_content=in_article_link\" rel=\"nofollow noopener\" target=\"_blank\" data-ylk=\"slk:Un jeune homme de 20 ans, soup\u00e7onn\u00e9 d\u2019avoir bless\u00e9 vendredi un gendarme dans un contexte de rod\u00e9o urbain \u00e0 Neuves-Maisons;elm:context_link;itc:0;sec:content-canvas\" class=\"link \">Un jeune homme de 20 ans, soup\u00e7onn\u00e9 d\u2019avoir bless\u00e9 vendredi un gendarme dans un contexte de rod\u00e9o urbain \u00e0 Neuves-Maisons<\/a> (<a href=\"https:\/\/www.20minutes.fr\/dossier\/meurthe-et-moselle?at_medium=RSS%20feed&amp;at_campaign=ynews&amp;utm_source=yahoo&amp;utm_medium=rss&amp;utm_campaign=news_feed&amp;utm_content=in_article_link\" rel=\"nofollow noopener\" target=\"_blank\" data-ylk=\"slk:Meurthe-et-Moselle;elm:context_link;itc:0;sec:content-canvas\" class=\"link \">Meurthe-et-Moselle<\/a>), a \u00e9t\u00e9 plac\u00e9 lundi en d\u00e9tention provisoire dans l\u2019attente de son proc\u00e8s, report\u00e9 au 16\u00a0juin.<\/p>\n<p>Jug\u00e9 en comparution imm\u00e9diate lundi, le pr\u00e9venu a demand\u00e9 un d\u00e9lai pour pr\u00e9parer sa d\u00e9fense. Le tribunal correctionnel de <a href=\"https:\/\/www.20minutes.fr\/dossier\/nancy?at_medium=RSS%20feed&amp;at_campaign=ynews&amp;utm_source=yahoo&amp;utm_medium=rss&amp;utm_campaign=news_feed&amp;utm_content=in_article_link\" rel=\"nofollow noopener\" target=\"_blank\" data-ylk=\"slk:Nancy;elm:context_link;itc:0;sec:content-canvas\" class=\"link \">Nancy<\/a> a ordonn\u00e9 un mandat de d\u00e9p\u00f4t, dans l\u2019attente de son jugement le 16\u00a0juin.<\/p>\n<p>Le repr\u00e9sentant du minist\u00e8re public avait requis ce placement en d\u00e9tention provisoire afin d\u2019\u00e9viter un renouvellement de l\u2019infraction, soulignant qu\u2019il a commis \u00ab\u00a0deux refus d\u2019obtemp\u00e9rer\u00a0\u00bb le m\u00eame jour et qu\u2019il \u00e9tait \u00ab\u00a0d\u00e9j\u00e0 connu pour des infractions au <a href=\"https:\/\/www.20minutes.fr\/dossier\/code_de_la_route?at_medium=RSS%20feed&amp;at_campaign=ynews&amp;utm_source=yahoo&amp;utm_medium=rss&amp;utm_campaign=news_feed&amp;utm_content=in_article_link\" rel=\"nofollow noopener\" target=\"_blank\" data-ylk=\"slk:Code de la route;elm:context_link;itc:0;sec:content-canvas\" class=\"link \">Code de la route<\/a>\u00a0\u00bb. \u00ab\u00a0C\u2019est un danger pour les usagers de la route\u00a0\u00bb, a continu\u00e9 Amaury Lac\u00f4te, le qualifiant de \u00ab\u00a0totalement inconscient\u00a0\u00bb.<\/p>\n<p>Les faits se sont produits vendredi, apr\u00e8s 21 heures, \u00e0 Neuves-Maisons, pr\u00e8s de Nancy, quand un gendarme de 24 ans, \u00e0 pied, enjoint le pr\u00e9venu, \u00e0 moto, de s\u2019arr\u00eater. Plusieurs vid\u00e9os de surveillance le montrent faisant des zigzags ou des acc\u00e9l\u00e9rations avec sa moto KTM.<\/p>\n<p>Commettant un deuxi\u00e8me refus d\u2019obtemp\u00e9rer &#8211; il avait d\u00e9j\u00e0 grill\u00e9 un feu rouge pour se soustraire \u00e0 une demande des militaires de s\u2019arr\u00eater \u2013, le jeune homme a acc\u00e9l\u00e9r\u00e9, percutant le gendarme, qui a chut\u00e9 au sol.<\/p>\n<p>\u00ab\u00a0Je suis sinc\u00e8rement d\u00e9sol\u00e9\u00a0\u00bb<\/p>\n<p>Souffrant de fractures \u00e0 une jambe, le gendarme a \u00e9t\u00e9 op\u00e9r\u00e9 et s\u2019est vu prescrire 60 jours d\u2019ITT. Il a toutefois, dans un courrier(&#8230;)<\/p>\n<p><a href=\"https:\/\/www.20minutes.fr\/faits_divers\/4154424-20250520-nancy-motard-fonce-gendarme-pendant-rodeo-place-detention?at_medium=RSS%20feed&amp;at_campaign=ynews&amp;utm_source=yahoo&amp;utm_medium=rss&amp;utm_campaign=news_feed&amp;utm_content=read_more_link&quot;\" rel=\"nofollow noopener\" target=\"_blank\" data-ylk=\"slk:Lire la suite sur 20minutes;elm:context_link;itc:0;sec:content-canvas\" class=\"link \">Lire la suite sur 20minutes<\/a><\/p>\n<p>\u00c0 lire aussi :<br \/><a href=\"https:\/\/www.20minutes.fr\/faits_divers\/4153123-20250513-nancy-homme-condamne-18-mois-sursis-avoir-voulu-abandonner-enfant-foret?at_medium=RSS%20feed&amp;at_campaign=ynews&amp;utm_source=yahoo&amp;utm_medium=rss&amp;utm_campaign=news_feed&amp;utm_content=related_content_link\" rel=\"nofollow noopener\" target=\"_blank\" data-ylk=\"slk:Nancy\u00a0: Un homme condamn\u00e9 \u00e0 18 mois de prison avec sursis pour avoir voulu abandonner son enfant en for\u00eat;elm:context_link;itc:0;sec:content-canvas\" class=\"link \">Nancy\u00a0: Un homme condamn\u00e9 \u00e0 18 mois de prison avec sursis pour avoir voulu abandonner son enfant en for\u00eat<\/a><br \/><a href=\"https:\/\/www.20minutes.fr\/planete\/4152997-20250512-dechets-radioactifs-comment-fonctionne-projet-enfouissement-cigeo-bure?at_medium=RSS%20feed&amp;at_campaign=ynews&amp;utm_source=yahoo&amp;utm_medium=rss&amp;utm_campaign=news_feed&amp;utm_content=related_content_link\" rel=\"nofollow noopener\" target=\"_blank\" data-ylk=\"slk:D\u00e9chets radioactifs\u00a0: Comment fonctionne le projet d\u2019enfouissement Cig\u00e9o de Bure\u00a0?;elm:context_link;itc:0;sec:content-canvas\" class=\"link \">D\u00e9chets radioactifs\u00a0: Comment fonctionne le projet d\u2019enfouissement Cig\u00e9o de Bure\u00a0?<\/a><\/p>\n","protected":false},"excerpt":{"rendered":"Proc\u00e9dure &#8211; Le jeune homme qui a percut\u00e9 \u00e0 moto un gendarme alors que le militaire tentait de&hellip;\n","protected":false},"author":2,"featured_media":114421,"comment_status":"","ping_status":"","sticky":false,"template":"","format":"standard","meta":{"footnotes":""},"categories":[9635],"tags":[1111,11,10786,5816,1777,674,1011,27,775,23437,1702,12,25,23438,20082],"class_list":{"0":"post-114420","1":"post","2":"type-post","3":"status-publish","4":"format-standard","5":"has-post-thumbnail","7":"category-nancy","8":"tag-actu","9":"tag-actualites","10":"tag-code-de-la-route","11":"tag-detention-provisoire","12":"tag-eu","13":"tag-europe","14":"tag-fr","15":"tag-france","16":"tag-grand-est","17":"tag-mandat-de-depot","18":"tag-nancy","19":"tag-news","20":"tag-republique-francaise","21":"tag-usagers-de-la-route","22":"tag-videos-de-surveillance"},"share_on_mastodon":{"url":"https:\/\/pubeurope.com\/@fr\/114540427526220528","error":""},"_links":{"self":[{"href":"https:\/\/www.europesays.com\/fr\/wp-json\/wp\/v2\/posts\/114420","targetHints":{"allow":["GET"]}}],"collection":[{"href":"https:\/\/www.europesays.com\/fr\/wp-json\/wp\/v2\/posts"}],"about":[{"href":"https:\/\/www.europesays.com\/fr\/wp-json\/wp\/v2\/types\/post"}],"author":[{"embeddable":true,"href":"https:\/\/www.europesays.com\/fr\/wp-json\/wp\/v2\/users\/2"}],"replies":[{"embeddable":true,"href":"https:\/\/www.europesays.com\/fr\/wp-json\/wp\/v2\/comments?post=114420"}],"version-history":[{"count":0,"href":"https:\/\/www.europesays.com\/fr\/wp-json\/wp\/v2\/posts\/114420\/revisions"}],"wp:featuredmedia":[{"embeddable":true,"href":"https:\/\/www.europesays.com\/fr\/wp-json\/wp\/v2\/media\/114421"}],"wp:attachment":[{"href":"https:\/\/www.europesays.com\/fr\/wp-json\/wp\/v2\/media?parent=114420"}],"wp:term":[{"taxonomy":"category","embeddable":true,"href":"https:\/\/www.europesays.com\/fr\/wp-json\/wp\/v2\/categories?post=114420"},{"taxonomy":"post_tag","embeddable":true,"href":"https:\/\/www.europesays.com\/fr\/wp-json\/wp\/v2\/tags?post=114420"}],"curies":[{"name":"wp","href":"https:\/\/api.w.org\/{rel}","templated":true}]}}