{"id":1144289,"date":"2026-08-23T15:08:26","date_gmt":"2026-08-23T15:08:26","guid":{"rendered":"https:\/\/www.europesays.com\/fr\/1144289\/"},"modified":"2026-08-23T15:08:26","modified_gmt":"2026-08-23T15:08:26","slug":"gros-crash-pour-verstappen-et-drapeau-rouge-dentree-a-zandvoort","status":"publish","type":"post","link":"https:\/\/www.europesays.com\/fr\/1144289\/","title":{"rendered":"Gros crash pour Verstappen et drapeau rouge d&rsquo;entr\u00e9e \u00e0 Zandvoort"},"content":{"rendered":"<p>D\u00e9but\u00e9e dans des conditions pr\u00e9caires, bien que tendant vers une piste plut\u00f4t s\u00e8che, la course du Grand Prix des Pays-Bas 2026 de F1 n&rsquo;a pas \u00e9t\u00e9 courue sous drapeau vert tr\u00e8s longtemps.<\/p>\n<p>Apr\u00e8s un d\u00e9part arr\u00eat\u00e9 agit\u00e9 mais sans incident notable, c&rsquo;est le r\u00e9gional de l&rsquo;\u00e9tape, <a href=\"https:\/\/fr.motorsport.com\/driver\/max-verstappen\/93029\/\" target=\"_blank\" rel=\"noopener nofollow\">Max Verstappen<\/a>, qui s&rsquo;est violemment accident\u00e9 dans le banking du dernier virage du premier tour, l&rsquo;une des quelques portions humides de la piste de\u00a0Zandvoort.<\/p>\n<p>\u00a0<\/p>\n<p>\u00a0<\/p>\n<p>Le pilote\u00a0<a href=\"https:\/\/fr.motorsport.com\/team\/red-bull\/553\/\" target=\"_blank\" rel=\"noopener nofollow\">Red Bull<\/a> a perdu le contr\u00f4le sur l&rsquo;int\u00e9rieur du virage avant de d\u00e9crocher et de voir sa monoplace aller droit dans le mur ext\u00e9rieur.<\/p>\n<p>Le choc, violent, n&rsquo;a heureusement pas entra\u00een\u00e9 de\u00a0suraccident majeur &#8211; si ce n&rsquo;est un t\u00eate-\u00e0-queue pour <a href=\"https:\/\/fr.motorsport.com\/driver\/gabriel-bortoleto\/947555\/\" target=\"_blank\" rel=\"noopener nofollow\">Gabriel Bortoleto<\/a>, qui ne semble toutefois pas li\u00e9 \u00e0 une r\u00e9action \u00e0 ce qui se passait devant lui -, gr\u00e2ce \u00e0 la r\u00e9activit\u00e9 des commissaires et des pilotes derri\u00e8re eux, notamment\u00a0<a href=\"https:\/\/fr.motorsport.com\/driver\/pierre-gasly\/95098\/\" target=\"_blank\" rel=\"noopener nofollow\">Pierre Gasly<\/a> et <a href=\"https:\/\/fr.motorsport.com\/driver\/nico-hulkenberg\/84891\/\" target=\"_blank\" rel=\"noopener nofollow\">Nico H\u00fclkenberg<\/a>.<\/p>\n<p>\u00a0<br \/>\n\u00a0<\/p>\n<p>Apr\u00e8s quelques secondes, la direction de course a interrompu la course au drapeau rouge. Verstappen a imm\u00e9diatement indiqu\u00e9 qu&rsquo;il allait bien \u00e0 la radio. \u00ab\u00a0I&rsquo;m OK\u00a0\u00bb, a-t-il lanc\u00e9 \u00e0 son ing\u00e9nieur de course, avant de sortir\u00a0du cockpit de la RB22 par ses propres moyens.<\/p>\n<p>La course &#8211; qui devrait repartir \u00e0 15h33 &#8211; est \u00e0 suivre en direct textuel avec live timing sur <strong>Motorsport.com<\/strong> :\u00a0<\/p>\n<p>Lire aussi :<\/p>\n<p>            Votre avis nous int\u00e9resse !<\/p>\n<p class=\"mt-auto\">Qu&rsquo;aimeriez-vous voir sur Motorsport.com ?<\/p>\n<p>            <a href=\"#\" class=\"ms-link text-link font-bold\">R\u00e9pondez \u00e0 notre enqu\u00eate en 5 minutes.<\/a><\/p>\n<p class=\"mt-1 text-body\">&#8211; L&rsquo;\u00e9quipe Motorsport.com<\/p>\n","protected":false},"excerpt":{"rendered":"D\u00e9but\u00e9e dans des conditions pr\u00e9caires, bien que tendant vers une piste plut\u00f4t s\u00e8che, la course du Grand Prix&hellip;\n","protected":false},"author":2,"featured_media":1144290,"comment_status":"","ping_status":"","sticky":false,"template":"","format":"standard","meta":{"footnotes":"","_share_on_mastodon":"0"},"categories":[9],"tags":[1454,1011,27,33818,117077,2236,2255,60,42781],"class_list":["post-1144289","post","type-post","status-publish","format-standard","has-post-thumbnail","category-sports","tag-formule-1","tag-fr","tag-france","tag-gp-des-pays-bas","tag-gros-crash-pour-verstappen-et-drapeau-rouge-dentru00e9e-u00e0-zandvoort","tag-max-verstappen","tag-red-bull","tag-sports","tag-zandvoort"],"share_on_mastodon":{"url":"https:\/\/pubeurope.com\/@fr\/117145456406978985","error":""},"_links":{"self":[{"href":"https:\/\/www.europesays.com\/fr\/wp-json\/wp\/v2\/posts\/1144289","targetHints":{"allow":["GET"]}}],"collection":[{"href":"https:\/\/www.europesays.com\/fr\/wp-json\/wp\/v2\/posts"}],"about":[{"href":"https:\/\/www.europesays.com\/fr\/wp-json\/wp\/v2\/types\/post"}],"author":[{"embeddable":true,"href":"https:\/\/www.europesays.com\/fr\/wp-json\/wp\/v2\/users\/2"}],"replies":[{"embeddable":true,"href":"https:\/\/www.europesays.com\/fr\/wp-json\/wp\/v2\/comments?post=1144289"}],"version-history":[{"count":0,"href":"https:\/\/www.europesays.com\/fr\/wp-json\/wp\/v2\/posts\/1144289\/revisions"}],"wp:featuredmedia":[{"embeddable":true,"href":"https:\/\/www.europesays.com\/fr\/wp-json\/wp\/v2\/media\/1144290"}],"wp:attachment":[{"href":"https:\/\/www.europesays.com\/fr\/wp-json\/wp\/v2\/media?parent=1144289"}],"wp:term":[{"taxonomy":"category","embeddable":true,"href":"https:\/\/www.europesays.com\/fr\/wp-json\/wp\/v2\/categories?post=1144289"},{"taxonomy":"post_tag","embeddable":true,"href":"https:\/\/www.europesays.com\/fr\/wp-json\/wp\/v2\/tags?post=1144289"}],"curies":[{"name":"wp","href":"https:\/\/api.w.org\/{rel}","templated":true}]}}