{"id":114429,"date":"2025-05-20T13:40:10","date_gmt":"2025-05-20T13:40:10","guid":{"rendered":"https:\/\/www.europesays.com\/fr\/114429\/"},"modified":"2025-05-20T13:40:10","modified_gmt":"2025-05-20T13:40:10","slug":"les-vaches-preferees-des-rouennais-de-retour-sur-leur-rond-point","status":"publish","type":"post","link":"https:\/\/www.europesays.com\/fr\/114429\/","title":{"rendered":"les vaches pr\u00e9f\u00e9r\u00e9es des Rouennais de retour sur leur rond-point"},"content":{"rendered":"<p>            Par<br \/>\n        <strong><br \/>\n            <a href=\"https:\/\/actu.fr\/auteur\/yann-rivallan\" title=\"Consulter tous les articles de Yann Rivallan\" target=\"_blank\" rel=\"noopener\">Yann Rivallan<\/a><br \/>\n        <\/strong><\/p>\n<p>        Publi\u00e9 le<\/p>\n<p>            20 mai 2025 \u00e0 14h59        <\/p>\n<p>Elles n\u2019\u00e9taient plus l\u00e0 depuis 2018 et <a href=\"https:\/\/actu.fr\/normandie\/saint-etienne-du-rouvray_76575\/vaches-arrachees-par-gilets-jaunes-maire-saint-etienne-rouvray-porte-plainte_19687161.html\" target=\"_blank\" rel=\"noopener\">le mouvement des gilets jaunes<\/a>. \u00c0 Saint-\u00c9tienne-du-Rouvray, pr\u00e8s de Rouen, les iconiques <strong>vaches en r\u00e9sine synth\u00e9tique<\/strong> sont de retour sur le tout aussi c\u00e9l\u00e8bre rond-point\u2026 des vaches\u2009!<\/p>\n<p class=\" wall-content\">Leur retour s\u2019est fait sous la douce m\u00e9lodie des klaxons de camions, dans la matin\u00e9e du mardi 20\u00a0mai 2025. Les automobilistes et chauffeurs routiers \u00e9taient nombreux \u00e0 manifester leur joie pour le retour des statues de bovins.<\/p>\n<p>Ab\u00eem\u00e9es pendant les gilets jaunes<\/p>\n<p class=\" wall-content\">Le maire de Saint-\u00c9tienne-du-Rouvray, <strong>Joachim Moyse<\/strong>, n\u2019a pu que constater\u2009: \u00ab\u2009Elles [les vaches, NDLR] \u00e9taient tr\u00e8s attendues\u2009!\u2009\u00bb Ce sont donc d\u00e9sormais <strong>quatre\u00a0vaches<\/strong> qui sont de retour sur le giratoire qui fait la jonction entre l\u2019autoroute et le boulevard industriel.<\/p>\n<p>    <img   decoding=\"async\" loading=\"lazy\" src=\"https:\/\/www.europesays.com\/fr\/wp-content\/uploads\/2025\/05\/vaches-rond-point-des-vaches-ser-moyse-960x640.jpg\" alt=\"Le maire de Saint-\u00c9tienne-du-Rouvray, Joachim Moyse, se f\u00e9licite de ce retour.\" width=\"960\" height=\"640\"\/><br \/>\n    Le maire de Saint-\u00c9tienne-du-Rouvray, Joachim Moyse, se f\u00e9licite de ce retour. (\u00a9YR\/76actu)<\/p>\n<p class=\" wall-content\">Lors de la mobilisation des gilets jaunes en 2018, l\u2019une de ces vaches <strong>\u00ab\u2009avait \u00e9t\u00e9 incendi\u00e9e\u2009\u00bb<\/strong>, rappelle le maire. Une autre avait \u00e9t\u00e9 vol\u00e9e, sur ce rond-point devenu un des lieux de rassemblement privil\u00e9gi\u00e9 du mouvement de contestation.<\/p>\n<p>Vid\u00e9os : en ce moment sur Actu<\/p>\n<p class=\" wall-content\">Par la force des choses, la municipalit\u00e9 avait retir\u00e9 celles qui restaient. Aujourd\u2019hui, les vaches en r\u00e9sine sont \u00ab\u2009toutes neuves\u2009\u00bb, assure l\u2019\u00e9dile et il aimerait bien en ajouter d\u2019ici peu <strong>\u00ab\u2009une petite cinqui\u00e8me\u2009\u00bb<\/strong>.<\/p>\n<p>\u00ab\u2009Elles sont belles et rebelles\u2009\u00bb<\/p>\n<p class=\" wall-content\">Dor\u00e9navant solidement fix\u00e9es au sol, les vaches sont de retour aussi pour symboliser \u00ab\u2009l\u2019opposition au contournement est\u2009\u00bb, assure Joachim Moyse.<\/p>\n<blockquote class=\"ac-article-quote wall-content\">\n<p>Elles sont belles et rebelles, comme la population st\u00e9phanaise.<\/p>\n<p>    <strong>Joachim Moyse<\/strong><br \/>\n        Maire communiste de Saint-\u00c9tienne-du-Rouvray    <\/p><\/blockquote>\n<p class=\" wall-content\">Et d\u2019apr\u00e8s lui, avec un brin d\u2019humour\u2009: \u00ab\u2009Elles n\u2019en veulent pas du contournement. Elles me l\u2019ont dit\u2026\u2009\u00bb Tout un symbole, puisque le poussi\u00e9reux dossier du <strong>contournement est<\/strong> \u2014 aussi connu sous le nom d\u2019autoroutes \u00e0 p\u00e9age A133-A134 \u2014 pourrait engendrer un trafic plus important sur ce rond-point.<\/p>\n<p>Suivez l\u2019actualit\u00e9 de Rouen <a href=\"https:\/\/www.whatsapp.com\/channel\/0029VaKfnf99hXF2ddApFB1D\" target=\"_blank\" rel=\"noopener\">sur notre cha\u00eene WhatsApp<\/a> et <a href=\"https:\/\/www.tiktok.com\/@76actu.fr?lang=fr\" target=\"_blank\" rel=\"noopener\">sur notre compte TikTok<\/a><\/p>\n<p class=\" wall-content\">Suivez toute l\u2019actualit\u00e9 de vos villes et m\u00e9dias favoris en vous inscrivant \u00e0 <a href=\"https:\/\/moncompte.actu.fr\" title=\"D\u00e9couvez Mon Actu\" rel=\"nofollow noopener\" data-trk=\"{&quot;cta&quot;:{&quot;action&quot;:&quot;https:\\\/\\\/moncompte.actu.fr&quot;,&quot;category&quot;:&quot;mon compte&quot;,&quot;from&quot;:&quot;article footer&quot;,&quot;name&quot;:&quot;Mon actu&quot;,&quot;type&quot;:&quot;cta&quot;}}\" target=\"_blank\">Mon Actu<\/a>.<\/p>\n<ul class=\"ac-article-tag wall-content\">\n<li><a href=\"https:\/\/actu.fr\/tag\/circulation\" data-trk=\"{&quot;cta&quot;:{&quot;action&quot;:&quot;Circulation&quot;,&quot;category&quot;:&quot;tag&quot;,&quot;from&quot;:&quot;article footer&quot;,&quot;name&quot;:&quot;Circulation&quot;,&quot;type&quot;:&quot;cta&quot;}}\" target=\"_blank\" rel=\"noopener\">#Circulation<\/a><\/li>\n<li><a href=\"https:\/\/actu.fr\/tag\/contournement-est-rouen\" data-trk=\"{&quot;cta&quot;:{&quot;action&quot;:&quot;Contournement Est Rouen&quot;,&quot;category&quot;:&quot;tag&quot;,&quot;from&quot;:&quot;article footer&quot;,&quot;name&quot;:&quot;Contournement Est Rouen&quot;,&quot;type&quot;:&quot;cta&quot;}}\" target=\"_blank\" rel=\"noopener\">#Contournement Est Rouen<\/a><\/li>\n<\/ul>\n<p>                    <script async src=\"\/\/www.tiktok.com\/embed.js\"><\/script><\/p>\n","protected":false},"excerpt":{"rendered":"Par Yann Rivallan Publi\u00e9 le 20 mai 2025 \u00e0 14h59 Elles n\u2019\u00e9taient plus l\u00e0 depuis 2018 et le&hellip;\n","protected":false},"author":2,"featured_media":114430,"comment_status":"","ping_status":"","sticky":false,"template":"","format":"standard","meta":{"footnotes":""},"categories":[9587],"tags":[1111,11,3542,21728,1777,674,1011,27,1757,12,5161,25,9590],"class_list":{"0":"post-114429","1":"post","2":"type-post","3":"status-publish","4":"format-standard","5":"has-post-thumbnail","7":"category-rouen","8":"tag-actu","9":"tag-actualites","10":"tag-circulation","11":"tag-contournement-est-rouen","12":"tag-eu","13":"tag-europe","14":"tag-fr","15":"tag-france","16":"tag-insolite","17":"tag-news","18":"tag-normandie","19":"tag-republique-francaise","20":"tag-rouen"},"share_on_mastodon":{"url":"https:\/\/pubeurope.com\/@fr\/114540447333246895","error":""},"_links":{"self":[{"href":"https:\/\/www.europesays.com\/fr\/wp-json\/wp\/v2\/posts\/114429","targetHints":{"allow":["GET"]}}],"collection":[{"href":"https:\/\/www.europesays.com\/fr\/wp-json\/wp\/v2\/posts"}],"about":[{"href":"https:\/\/www.europesays.com\/fr\/wp-json\/wp\/v2\/types\/post"}],"author":[{"embeddable":true,"href":"https:\/\/www.europesays.com\/fr\/wp-json\/wp\/v2\/users\/2"}],"replies":[{"embeddable":true,"href":"https:\/\/www.europesays.com\/fr\/wp-json\/wp\/v2\/comments?post=114429"}],"version-history":[{"count":0,"href":"https:\/\/www.europesays.com\/fr\/wp-json\/wp\/v2\/posts\/114429\/revisions"}],"wp:featuredmedia":[{"embeddable":true,"href":"https:\/\/www.europesays.com\/fr\/wp-json\/wp\/v2\/media\/114430"}],"wp:attachment":[{"href":"https:\/\/www.europesays.com\/fr\/wp-json\/wp\/v2\/media?parent=114429"}],"wp:term":[{"taxonomy":"category","embeddable":true,"href":"https:\/\/www.europesays.com\/fr\/wp-json\/wp\/v2\/categories?post=114429"},{"taxonomy":"post_tag","embeddable":true,"href":"https:\/\/www.europesays.com\/fr\/wp-json\/wp\/v2\/tags?post=114429"}],"curies":[{"name":"wp","href":"https:\/\/api.w.org\/{rel}","templated":true}]}}