{"id":1144295,"date":"2026-08-23T15:11:16","date_gmt":"2026-08-23T15:11:16","guid":{"rendered":"https:\/\/www.europesays.com\/fr\/1144295\/"},"modified":"2026-08-23T15:11:16","modified_gmt":"2026-08-23T15:11:16","slug":"leconomie-pour-les-nuls-pigasse-et-bardella-secharpent-sur-lannulation-de-la-dette-proposee-par-melenchon","status":"publish","type":"post","link":"https:\/\/www.europesays.com\/fr\/1144295\/","title":{"rendered":"\u00abL\u2019\u00e9conomie pour les nuls\u00bb : Pigasse et Bardella s\u2019\u00e9charpent sur l\u2019annulation de la dette propos\u00e9e par M\u00e9lenchon"},"content":{"rendered":"<p>\n    En \u00e9cho aux propos du candidat LFI \u00e0 la pr\u00e9sidentielle, Matthieu Pigasse a affirm\u00e9 que la dette fran\u00e7aise d\u00e9tenue par la BCE pouvait \u00eatre annul\u00e9e. Le patron du RN lui a r\u00e9pondu sur X, estimant qu\u2019il racontait \u00abn\u2019importe quoi\u00bb.<\/p>\n<p class=\"fig-paragraph\">Jean-Luc M\u00e9lenchon a trouv\u00e9 en la personne du banquier d\u2019affaires Matthieu Pigasse\u00a0<a href=\"http:\/\/www.lefigaro.fr\/politique\/on-va-gagner-en-2027-en-debat-avec-bompard-pigasse-affiche-ses-convergences-avec-lfi-20260822\" target=\"_blank\" data-fig-type=\"NewsFlash\" rel=\"noopener nofollow\" data-gtm-custom-categorie=\"navigation\" data-gtm-custom-action=\"crossclick\" data-gtm-custom-label=\"Contextuel\" data-gtm-event=\"customEventSPE\" data-fig-domain=\"LEFIGARO\">un soutien, notamment \u00e0 son programme \u00e9conomique<\/a>. Lors d\u2019un d\u00e9bat avec Manuel Bompard aux universit\u00e9s d\u2019\u00e9t\u00e9 de LFI samedi, celui qui est aussi propri\u00e9taire de Radio Nova a affirm\u00e9 que \u00abce que vous dites \u00e0 LFI c\u2019est possible, \u00e9conomiquement\u00bb. En particulier l\u2019une des propositions controvers\u00e9es mise sur la table derni\u00e8rement par le candidat Insoumis \u00e0 la pr\u00e9sidentielle\u00a0: l\u2019annulation d\u2019une partie de la dette publique fran\u00e7aise.<\/p>\n<p class=\"fig-paragraph\">\u00abIl y a \u00e0 peu pr\u00e8s 20 % de la dette fran\u00e7aise qui est d\u00e9tenue par la BCE (Banque centrale europ\u00e9enne, NDLR). Cette dette, elle peut \u00eatre annul\u00e9e\u00bb, a assur\u00e9 Matthieu Pigasse. Et ce, \u00absans aucun impact \u00e9conomique et sans aucun impact financier\u00bb, selon le banquier, homme de gauche revendiqu\u00e9. \u00abJ\u2019en tire la conclusion qu\u2019on a des marges de man\u0153uvre tr\u00e8s importantes\u00bb sur le plan budg\u00e9taire, a-t-il ajout\u00e9, alors m\u00eame que cette proposition est tr\u00e8s loin de faire consensus parmi les \u00e9conomistes.<\/p>\n<p>                                            <a class=\"fig-a11y-skip\" href=\"#fig-a11y-skip-main-inarticle\" is=\"fig-a11y-skip\" data-trigger-mode=\"visible-once\"><br \/>\n    Passer la publicit\u00e9<br \/>\n<\/a>            <\/p>\n<p class=\"fig-paragraph\">Idem de l\u2019autre c\u00f4t\u00e9 de l\u2019\u00e9chiquier politique. Sur le r\u00e9seau social X, le pr\u00e9sident du Rassemblement national (RN) Jordan Bardella a jug\u00e9 que Matthieu Pigasse \u00abracont[ait] n\u2019importe quoi\u00bb. \u00abAnnuler la dette d\u00e9tenue par la Banque de France ne donnerait pas davantage de marge de man\u0153uvre. La Banque de France est d\u00e9tenue par l\u2019\u00c9tat. Les int\u00e9r\u00eats vers\u00e9s par l\u2019\u00c9tat sur la dette d\u00e9tenue par la Banque de France sont ensuite revers\u00e9s \u00e0 l\u2019\u00c9tat sous forme de dividendes. Cela ne soulagerait donc en rien les finances publiques, et encore moins le co\u00fbt du financement de la dette\u00bb, a d\u00e9velopp\u00e9 l\u2019eurod\u00e9put\u00e9. Il estime en revanche qu\u2019\u00abune telle annulation pourrait inqui\u00e9ter les investisseurs, qui pourraient craindre que l\u2019\u00c9tat soit tent\u00e9 de faire la m\u00eame chose avec les cr\u00e9anciers priv\u00e9s\u00bb, ajoutant qu\u2019\u00abil n\u2019y a pas d\u2019argent magique\u00bb.<\/p>\n<p class=\"fig-body-link\">\n            \u00c0 lire aussi<br \/>\n        <a class=\"fig-body-link__link fig-premium-mark\" href=\"http:\/\/www.lefigaro.fr\/conjoncture\/dette-la-france-etranglee-par-la-flambee-des-taux-d-interet-20260820\" target=\"_blank\" data-fig-type=\"Article\" rel=\"noopener nofollow\" data-gtm-custom-categorie=\"navigation\" data-gtm-custom-action=\"crossclick\" data-gtm-custom-label=\"Contextuel\" data-gtm-event=\"customEventSPE\" data-fig-domain=\"LEFIGARO\"><br \/>\n                Dette\u00a0: la France \u00e9trangl\u00e9e par la flamb\u00e9e des taux d\u2019int\u00e9r\u00eat<br \/>\n    <\/a>\n<\/p>\n<p>                                            \u00abJordan Bardella d\u00e9couvre la Banque de France\u00bb<\/p>\n<p class=\"fig-paragraph\">Le d\u00e9but d\u2019une passe d\u2019armes entre les deux hommes, Matthieu Pigasse r\u00e9pondant \u00e0 son tour au patron du RN. \u00abJordan Bardella d\u00e9couvre la Banque de France. Mais pas encore son bilan. L\u2019\u00e9conomie pour les nuls&#8230;\u00bb, a-t-il ironis\u00e9. Affirmant que \u00abpr\u00e8s de 700 milliards d\u2019euros de dette publique fran\u00e7aise sont d\u00e9tenus par l\u2019Eurosyst\u00e8me\u00bb, le fondateur du groupe de presse Combat a jug\u00e9 que \u00abla question n\u2019est donc pas\u00a0: \u201cy a-t-il de l\u2019argent magique\u00a0?\u201d\u00bb. \u00abQui d\u00e9cide de ce que nous faisons de notre argent\u00a0? Nous\u00bb, a-t-il poursuivi, disant \u00eatre \u00abpr\u00eat \u00e0 en d\u00e9battre\u00bb avec le responsable frontiste.<\/p>\n<p class=\"fig-paragraph\">Jordan Bardella n\u2019est pas le seul \u00e0 s\u2019en prendre \u00e0 l\u2019annulation de la dette avanc\u00e9e par Jean-Luc M\u00e9lenchon &#8211; qu\u2019il avait d\u00e9j\u00e0 propos\u00e9e en 2020. Gabriel Attal, patron du parti Renaissance et candidat \u00e0 la pr\u00e9sidentielle, avait d\u00e9clar\u00e9 la semaine derni\u00e8re que \u00abcela nous condamnerait \u00e0 la plus grave crise que la France a jamais connue, [&#8230;] \u00e0 ne plus pouvoir nous financer sur les march\u00e9s et donc ne plus pouvoir financer nos services publics et notre mod\u00e8le social\u00bb. Dans les faits, une telle mesure se heurterait en effet \u00e0 des obstacles juridiques,\u00a0<a href=\"http:\/\/www.lefigaro.fr\/conjoncture\/il-suffit-de-prendre-les-titres-et-de-les-foutre-au-feu-pourquoi-le-projet-d-annulation-de-la-dette-de-jean-luc-melenchon-est-ruineux-et-mensonger-20260811\" target=\"_blank\" data-fig-type=\"Article\" rel=\"noopener nofollow\" data-gtm-custom-categorie=\"navigation\" data-gtm-custom-action=\"crossclick\" data-gtm-custom-label=\"Contextuel\" data-gtm-event=\"customEventSPE\" data-fig-domain=\"LEFIGARO\">en plus d\u2019avoir des effets d\u00e9l\u00e9t\u00e8res sur l\u2019\u00e9conomie<\/a>, avec un retour de l\u2019inflation et une grave rupture de confiance avec les investisseurs.<\/p>\n<p class=\"fig-paragraph\">Malgr\u00e9 ces effets pervers, Jean-Luc M\u00e9lenchon a persist\u00e9 et sign\u00e9 ce dimanche,\u00a0<a href=\"http:\/\/www.lefigaro.fr\/elections\/presidentielles\/la-victoire-est-possible-jean-luc-melenchon-assure-que-la-france-insoumise-est-prete-a-gouverner-des-2027-20260823\" target=\"_blank\" data-fig-type=\"NewsFlash\" rel=\"noopener nofollow\" data-gtm-custom-categorie=\"navigation\" data-gtm-custom-action=\"crossclick\" data-gtm-custom-label=\"Contextuel\" data-gtm-event=\"customEventSPE\" data-fig-domain=\"LEFIGARO\">lors de son discours de cl\u00f4ture des universit\u00e9s d\u2019\u00e9t\u00e9 de LFI<\/a>\u00a0\u00e0 Ch\u00e2teauneuf-sur-Is\u00e8re, pr\u00e8s de Valence, dans la Dr\u00f4me. \u00abOui, la Banque centrale europ\u00e9enne peut et doit mettre au cong\u00e9lateur les dettes des \u00c9tats, en commen\u00e7ant par celles de la p\u00e9riode Covid. Elle l\u2019a d\u00e9j\u00e0 fait dans le pass\u00e9. C\u2019est ce que viennent de faire les \u00c9tats-Unis d\u2019Am\u00e9rique avant-hier pour des milliards et des milliards\u00bb, a clam\u00e9 le leader Insoumis \u00e0 la tribune, devant une foule de partisans.<\/p>\n","protected":false},"excerpt":{"rendered":"En \u00e9cho aux propos du candidat LFI \u00e0 la pr\u00e9sidentielle, Matthieu Pigasse a affirm\u00e9 que la dette fran\u00e7aise&hellip;\n","protected":false},"author":2,"featured_media":1144296,"comment_status":"","ping_status":"","sticky":false,"template":"","format":"standard","meta":{"footnotes":"","_share_on_mastodon":"0"},"categories":[6],"tags":[35,6327,33,34,1011,27,3081,1077,52231],"class_list":["post-1144295","post","type-post","status-publish","format-standard","has-post-thumbnail","category-economie","tag-business","tag-dette","tag-economie","tag-economy","tag-fr","tag-france","tag-jean-luc-melenchon","tag-jordan-bardella","tag-matthieu-pigasse"],"share_on_mastodon":{"url":"https:\/\/pubeurope.com\/@fr\/117145468100292544","error":""},"_links":{"self":[{"href":"https:\/\/www.europesays.com\/fr\/wp-json\/wp\/v2\/posts\/1144295","targetHints":{"allow":["GET"]}}],"collection":[{"href":"https:\/\/www.europesays.com\/fr\/wp-json\/wp\/v2\/posts"}],"about":[{"href":"https:\/\/www.europesays.com\/fr\/wp-json\/wp\/v2\/types\/post"}],"author":[{"embeddable":true,"href":"https:\/\/www.europesays.com\/fr\/wp-json\/wp\/v2\/users\/2"}],"replies":[{"embeddable":true,"href":"https:\/\/www.europesays.com\/fr\/wp-json\/wp\/v2\/comments?post=1144295"}],"version-history":[{"count":0,"href":"https:\/\/www.europesays.com\/fr\/wp-json\/wp\/v2\/posts\/1144295\/revisions"}],"wp:featuredmedia":[{"embeddable":true,"href":"https:\/\/www.europesays.com\/fr\/wp-json\/wp\/v2\/media\/1144296"}],"wp:attachment":[{"href":"https:\/\/www.europesays.com\/fr\/wp-json\/wp\/v2\/media?parent=1144295"}],"wp:term":[{"taxonomy":"category","embeddable":true,"href":"https:\/\/www.europesays.com\/fr\/wp-json\/wp\/v2\/categories?post=1144295"},{"taxonomy":"post_tag","embeddable":true,"href":"https:\/\/www.europesays.com\/fr\/wp-json\/wp\/v2\/tags?post=1144295"}],"curies":[{"name":"wp","href":"https:\/\/api.w.org\/{rel}","templated":true}]}}