{"id":114433,"date":"2025-05-20T13:42:22","date_gmt":"2025-05-20T13:42:22","guid":{"rendered":"https:\/\/www.europesays.com\/fr\/114433\/"},"modified":"2025-05-20T13:42:22","modified_gmt":"2025-05-20T13:42:22","slug":"la-majorite-municipale-menace-les-collectifs-qui-manifestent","status":"publish","type":"post","link":"https:\/\/www.europesays.com\/fr\/114433\/","title":{"rendered":"LA MAJORIT\u00c9 MUNICIPALE MENACE LES COLLECTIFS QUI MANIFESTENT"},"content":{"rendered":"<p>Posted On 20 mai 2025 <\/p>\n<p style=\"text-align: justify;\">Toute la police Municipale de Grenoble \u00e9tait mobilis\u00e9e hier pour prot\u00e9ger la majorit\u00e9 municipale. Il n&rsquo;y a avait rien de mieux \u00e0 faire pour elle en faveur de la s\u00e9curit\u00e9 des Grenoblois. Comme si les collectifs pacifiques de commer\u00e7ants et de grenoblois m\u00e9contents de la politique municipale pouvaient repr\u00e9senter un danger quelconque.<\/p>\n<p style=\"text-align: justify;\">Plus de 300 personnes \u00e9taient rassembl\u00e9es devant la mairie avant le Conseil Municipal derri\u00e8re les <a href=\"https:\/\/grenoble-le-changement.fr\/2025\/05\/18\/demain-lundi-a-9-h-protestation-devant-la-mairie\/\" target=\"_blank\" rel=\"noopener\">banderoles des divers collectifs repr\u00e9sentants<\/a> les victimes de la politique municipale. Rues de Strasbourg, jeanne d&rsquo;Arc, Washington, Berriat, Notre Dame-Sainte Claire, Hoche&#8230;\u00a0<\/p>\n<p style=\"text-align: justify;\">Jean-No\u00ebl Pusel, le Pr\u00e9sident de l&rsquo;Union de Quartier Abbaye-Jouhaux qui semblait coordonner donnant la parole \u00e0 chacun sur les escaliers de l&rsquo;h\u00f4tel de ville. <a href=\"https:\/\/grenoble-le-changement.fr\/2025\/05\/16\/les-forces-vives-de-grenoble-sengagent-pour-le-changement-avec-alain-carignon\/\" target=\"_blank\" rel=\"noopener\">Alain Carignon, Nathalie B\u00e9ranger, Brigitte Boer, Charah Bentaleb , Ch\u00e9rif Boutafa et Cl\u00e9ment Chappet du groupe d&rsquo;opposition<\/a> \u00e9taient pr\u00e9sents pour \u00e9couter les interventions et soutenir les collectifs.<\/p>\n<p><img decoding=\"async\" data-id=\"82061\" src=\"https:\/\/i2.wp.com\/grenoble-le-changement.fr\/wp-content\/uploads\/2025\/05\/Capture-de\u0301cran-2025-05-19-a\u0300-19.26.40.png?w=678&amp;ssl=1\" alt=\"\" class=\"wp-image-82061 jetpack-lazy-image\" data-recalc-dims=\"1\" data-lazy-src=\"https:\/\/i2.wp.com\/grenoble-le-changement.fr\/wp-content\/uploads\/2025\/05\/Capture-de\u0301cran-2025-05-19-a\u0300-19.26.40.png?w=678&amp;is-pending-load=1#038;ssl=1\" \/><br \/>\nJean-No\u00ebl Pusel , Pr\u00e9sident de l&rsquo;Union de Quartier Abbaye-Jouhaux, d\u00e9fenseur de l&rsquo;avenue Jeanne d&rsquo;Arc et une partie des manifestants devant l&rsquo;h\u00f4tel de ville <\/p>\n<p><strong>DES GRENOBLOIS SE HEURTENT \u00c0 DES PROBL\u00c9MATIQUES INSOLUBLES<\/strong><\/p>\n<p style=\"text-align: justify;\">Chacun a r\u00e9p\u00e9t\u00e9 <a href=\"https:\/\/grenoble-le-changement.fr\/2025\/05\/15\/les-collectifs-habitants-commercants-haussent-le-ton-contre-la-municipalite\/\" target=\"_blank\" rel=\"noopener\">les probl\u00e9matiques insolubles auxquelles ils se heurtent.<\/a> Notamment la suppression syst\u00e9matique du stationnement qui ass\u00e8che la fr\u00e9quentation et rend difficile la vie de nombreux habitants. La fermeture du Parking relais de l&rsquo;esplanade ajout\u00e9e \u00e0 la d\u00e9cision de supprimer celui de la <a href=\"https:\/\/grenoble-le-changement.fr\/2025\/05\/05\/hoche-la-municipalite-veut-supprimer-arbres-stationnement-et-fermer-le-quartier\/\" target=\"_blank\" rel=\"noopener\">place Valentin Ha\u00fcy \u00e0 Hoche a aggrav\u00e9 le m\u00e9contentement<\/a>. Dans ce dernier quartier o\u00f9 la d\u00e9linquance a pris le pouvoir et est abrit\u00e9e par la fermeture de l&rsquo;entr\u00e9e c\u00f4t\u00e9 Agutte Sembat en particulier. Mais pas que.<\/p>\n<p style=\"text-align: justify;\"><strong>DES HOMMES MOD\u00c9R\u00c9S QUI VEULENT SEULEMENT \u00caTRE ENTENDUS<\/strong><\/p>\n<p style=\"text-align: justify;\">Parmi les t\u00e9moignages, celui, \u00e9mouvant d&rsquo;une commer\u00e7ante d&rsquo;une rue de la vieille ville, expliquant que son p\u00e8re \u00e2g\u00e9 et d\u00e9pendant ne puisse plus acc\u00e9der \u00e0 son commerce, ce qui \u00e9tait son plaisir et sa raison de vivre.\u00a0<\/p>\n<p style=\"text-align: justify;\">Outre le Pr\u00e9sident Pusel, les autres collectifs \u00e9taient repr\u00e9sent\u00e9s par Bruno de Lescure (Berriat), Bernard Mure-Ravaud, le c\u00e9l\u00e8bre fromager de la rue de Strasbourg, Andr\u00e9 Rocher (Washington), Erick Chatel (Hoche) Bruno Salagnat (place de Metz)&#8230; des hommes mod\u00e9r\u00e9s qui demandent seulement d&rsquo;\u00eatre entendus.<\/p>\n<p style=\"text-align: justify;\"><strong>PIOLLE FERME LA MAIRIE \u00c0 UNE PARTIE DES GRENOBLOIS<\/strong><\/p>\n<p style=\"text-align: justify;\">Fid\u00e8le \u00e0 sa m\u00e9thode, afin de faire monter la tension, <a href=\"https:\/\/grenoble-le-changement.fr\/2025\/05\/11\/centre-ville-les-habitants-nen-peuvent-plus-des-discours-et-de-la-mauvaise-foi-des-elus\/\" target=\"_blank\" rel=\"noopener\">la municipalit\u00e9 a refus\u00e9 toute \u00e9coute<\/a>, tout dialogue. Tous les collectifs jusque-l\u00e0 (biblioth\u00e9caires, th\u00e9\u00e2tres , logement&#8230;) pouvaient p\u00e9n\u00e9trer le hall de la mairie. Certains envahissant la salle du Conseil Municipal sans que jamais une plainte ne soit d\u00e9pos\u00e9e. Le barrage interdisant l&rsquo;entr\u00e9e du Conseil a incit\u00e9 une partie des manifestants \u00e0 le franchir pour aller tambouriner contre le mur de la salle o\u00f9 se tenait le Conseil Municipal.\u00a0<\/p>\n<p><video controls=\"\" src=\"https:\/\/grenoble-le-changement.fr\/wp-content\/uploads\/2025\/05\/VIDEO-2025-05-19-18-38-53.mp4\"\/><\/p>\n<p><video controls=\"\" src=\"https:\/\/grenoble-le-changement.fr\/wp-content\/uploads\/2025\/05\/VIDEO-2025-05-19-18-16-08.mp4\"\/>Une partie des protestataires s&rsquo;est introduit dans le hall de l&rsquo;h\u00f4tel de ville <a target=\"_blank\" href=\"https:\/\/www.tiktok.com\/search\/video?q=guizmaths&amp;t=1747682424018\" rel=\"noopener\">(vid\u00e9os de Guizmaths sur TikTok)<\/a><\/p>\n<p><strong>UN CRIME DE L\u00c8SE-MAJEST\u00c9 : \u00ab\u00a0PIOLLE D\u00c9MISSION\u00a0\u00bb<\/strong><\/p>\n<p style=\"text-align: justify;\">Un crime de l\u00e8se Majest\u00e9 pour le Grand Timonier qui a pourtant laiss\u00e9 envahir la salle du Conseil Municipal \u00e0 de nombreuses reprises par les biblioth\u00e9caires o\u00f9 les \u00e9trangers en situation irr\u00e9guli\u00e8re avec son entier soutien. Celui qui soutient toutes les violences d&rsquo;extr\u00eame gauche a l&rsquo;\u00e9piderme extr\u00eamement sensible quand des populations expriment un point de vue diff\u00e9rent du sien.\u00a0<\/p>\n<p style=\"text-align: justify;\">D&rsquo;autant que le slogan \u00ab\u00a0<a href=\"https:\/\/grenoble-le-changement.fr\/2025\/05\/09\/le-melon-dor-confirme-quil-na-rien-a-faire-de-grenoble\/\" target=\"_blank\" rel=\"noopener\">Piolle d\u00e9mission\u00a0\u00bb<\/a> a \u00e9t\u00e9 scand\u00e9 \u00e0 plusieurs reprises. Pour France 3 \u00e7a devient \u00ab\u00a0une intrusion, des insultes, des d\u00e9bordements\u00a0\u00bb et la ville d\u00e9nonce \u00ab\u00a0des actes violents\u00a0\u00bb et d\u00e9pose plainte ! Des policiers municipaux auraient \u00e9t\u00e9 bouscul\u00e9s au passage \u00ab\u00a0dont deux l\u00e9g\u00e8rement bless\u00e9s\u00a0\u00bb. On imagine qu&rsquo;ils sont peut \u00eatre tomb\u00e9s. Si l&rsquo;extr\u00eame gauche grenobloise n&rsquo;avait commis que ce type de \u00ab\u00a0violence\u00a0\u00bb on pourrait consid\u00e9rer qu&rsquo;elle n&rsquo;a rien fait.<\/p>\n<p style=\"text-align: justify;\"><strong>\u00ab\u00a0UNE ACTION BRUTALE QUI A RETARD\u00c9 LA S\u00c9ANCE DE 45 MN\u00a0\u00bb (!)<\/strong><\/p>\n<p style=\"text-align: justify;\">Mais la technique est toujours la m\u00eame. Piolle d\u00e9nonce \u00ab\u00a0une action brutale qui a entrain\u00e9 un retard de 45 mn de la s\u00e9ance\u00a0\u00bb (!) alors que le Conseil Municipal a parfois \u00e9t\u00e9 emp\u00each\u00e9 des heures. Les personnes auraient lanc\u00e9 \u00ab\u00a0des insultes et des menaces\u00a0\u00bb et &#8211; rendez-vous compte &#8211; lanc\u00e9 des fumig\u00e8nes depuis le parc Paul Mistral \u00ab\u00a0dont les fum\u00e9es ont caus\u00e9 des toux aux personnes pr\u00e9sentes\u00a0\u00bb. Sur T\u00e9l\u00e9Grenoble il pointe \u00ab\u00a0la carignonie\u00a0\u00bb.<\/p>\n<p style=\"text-align: justify;\">Le ridicule ne tue pas. D&rsquo;ici \u00e0 ce que \u00ab\u00a0l&rsquo;essstr\u00eame droite\u00a0\u00bb soit en route avec les ann\u00e9es noires, on n&rsquo;en est pas loin.\u00a0<\/p>\n<p><a href=\"https:\/\/i2.wp.com\/grenoble-le-changement.fr\/wp-content\/uploads\/2025\/05\/Capture-de\u0301cran-2025-05-19-a\u0300-20.33.14.png?ssl=1\" rel=\"lightbox[82058] noopener\" target=\"_blank\"><img decoding=\"async\" data-id=\"82064\" src=\"https:\/\/i2.wp.com\/grenoble-le-changement.fr\/wp-content\/uploads\/2025\/05\/Capture-de\u0301cran-2025-05-19-a\u0300-20.33.14.png?w=678&amp;ssl=1\" alt=\"\" class=\"wp-image-82064 jetpack-lazy-image\" data-recalc-dims=\"1\" data-lazy-src=\"https:\/\/i2.wp.com\/grenoble-le-changement.fr\/wp-content\/uploads\/2025\/05\/Capture-de\u0301cran-2025-05-19-a\u0300-20.33.14.png?w=678&amp;is-pending-load=1#038;ssl=1\" \/><\/a><br \/>\nBernard Mure-Ravaud, le fromager de la rue de Strasbourg sur T\u00e9l\u00e9Grenoble : \u00ab\u00a0\u00eatre oblig\u00e9 de rentrer en force dans la Mairie, ce qui n&rsquo;est jamais arriv\u00e9\u00a0\u00bb \u00a0\u00bb<\/p>\n<p><strong>DES PROPOS DE BON SENS TENUS AVEC MOD\u00c9RATION <\/strong><\/p>\n<p style=\"text-align: justify;\">Face \u00e0 cette mauvaise foi et \u00e0 ce d\u00e9ni id\u00e9ologique, tous les participants ont rappel\u00e9 qu&rsquo;ils appelaient \u00e0 un \u00e9quilibre entre les objectifs de la municipalit\u00e9 et leurs besoins vitaux. Un \u00e9quilibre dans les espaces d\u00e9di\u00e9s qui permette de pr\u00e9server du stationnement et de la circulation, dans les diff\u00e9rentes mobilit\u00e9s afin que chacun puisse vivre, m\u00eame les grenoblois qui n&rsquo;entrent pas dans les dogmes municipaux. Ces propos de bon sens \u00e9taient tenus par les responsables avec beaucoup de mod\u00e9ration.<\/p>\n<p style=\"text-align: justify;\"><strong>LA VINDICTE HAINEUSE D&rsquo;ERIC PIOLLE \u00c0 LEUR ENCONTRE<\/strong><\/p>\n<p style=\"text-align: justify;\">Au Conseil Municipal Alain Carignon a tenu \u00e0 leur rendre hommage et \u00e0 les soutenir, eux qui subissent, comme lui-m\u00eame, la vindicte haineuse d&rsquo;Eric Piolle qui ne tol\u00e8re pas le pluralisme. Son durcissement sur tous les dossiers n&rsquo;augure rien de bon pour les 11 mois qui restent. Il t\u00e9tanise sa majorit\u00e9 contrainte de s&rsquo;aligner sur cette ligne d&rsquo;intol\u00e9rance qui fait monter les col\u00e8res et n<a href=\"https:\/\/grenoble-le-changement.fr\/2024\/11\/23\/laurence-ruffin-verts-lfi-petits-mensonges-et-gros-sabots\/\" target=\"_blank\" rel=\"noopener\">&lsquo;arrange pas Laurence Ruffin<\/a> qui arrive dans un champ de mines.\u00a0<\/p>\n<p style=\"text-align: justify;\">Car les tentatives d&rsquo;intimidation se heurtent \u00e0 une d\u00e9termination n\u00e9e d&rsquo;un r\u00e9el que tous ces habitants et commer\u00e7ants connaissent et affrontent. Non les \u00ab\u00a0fumig\u00e8nes\u00a0\u00bb ne sont pas une action brutale proche des chemises brunes !\u00a0<\/p>\n<p style=\"text-align: justify;\"><strong>PIOLLE ENTRAINE CE QUI RESTE DE SA MAJORIT\u00c9 DANS UNE DERIVE<\/strong><\/p>\n<p style=\"text-align: justify;\">Hier Eric Piolle a pr\u00e9sid\u00e9 <a href=\"https:\/\/grenoble-le-changement.fr\/2025\/05\/19\/aujourdhui-conseil-municipal-houleux-pour-la-majorite\/\" target=\"_blank\" rel=\"noopener\">un Conseil Municipal qui n&rsquo;avait qu&rsquo;un v\u00e9ritable point \u00e0 l&rsquo;ordre du jour,<\/a> le projet de l&rsquo;esplanade <a href=\"https:\/\/grenoble-le-changement.fr\/2025\/05\/03\/esplanade-les-municipales-permettront-de-trancher-sur-le-projet\/\" target=\"_blank\" rel=\"noopener\">qui supprime le parking-relais.<\/a> Pour tout le reste il n&rsquo;avait rien \u00e0 dire. Sauf \u00e0 affronter tous ceux qui subissent les effets de sa politique. \u00c0 le voir d\u00e9verser son fiel, le rictus de la m\u00e9chancet\u00e9 \u00e0 la bouche, \u00e0 lire le communiqu\u00e9 d&rsquo;attaque des collectifs qu&rsquo;il a pondu en fin de journ\u00e9e pour les menacer, on comprend qu&rsquo;il n&rsquo;est plus tout \u00e0 fait dans son assiette.<\/p>\n<p style=\"text-align: justify;\">Il entraine ce qui reste de sa majorit\u00e9 dans une inqui\u00e9tante d\u00e9rive et il \u00e9claire de plus en plus de Grenoblois sur l&rsquo;impasse et l&rsquo;exacerbation des tensions dans lesquelles il entraine la ville.\u00a0<\/p>\n<p>\t\t\t\t\t\t\t\t\t\t\t<script async src=\"\/\/www.tiktok.com\/embed.js\"><\/script><\/p>\n","protected":false},"excerpt":{"rendered":"Posted On 20 mai 2025 Toute la police Municipale de Grenoble \u00e9tait mobilis\u00e9e hier pour prot\u00e9ger la majorit\u00e9&hellip;\n","protected":false},"author":2,"featured_media":114434,"comment_status":"","ping_status":"","sticky":false,"template":"","format":"standard","meta":{"footnotes":""},"categories":[9566],"tags":[1111,11,9601,23439,2430,21690,15172,12462,23440,18838,23441,14755,9607,23442,1777,674,1011,27,2731,11150,18840,12,25],"class_list":{"0":"post-114433","1":"post","2":"type-post","3":"status-publish","4":"format-standard","5":"has-post-thumbnail","7":"category-grenoble","8":"tag-actu","9":"tag-actualites","10":"tag-alain-carignon","11":"tag-andre-rocher","12":"tag-auvergne-rhone-alpes","13":"tag-bernard-mure-ravaud","14":"tag-brigitte-boer","15":"tag-bruno-de-lescure","16":"tag-bruno-salagnat","17":"tag-charah-bentaleb","18":"tag-cherif-boutafa","19":"tag-clement-chappet","20":"tag-eric-piolle","21":"tag-erick-chatel","22":"tag-eu","23":"tag-europe","24":"tag-fr","25":"tag-france","26":"tag-grenoble","27":"tag-guizmaths","28":"tag-nathalie-beranger","29":"tag-news","30":"tag-republique-francaise"},"share_on_mastodon":{"url":"https:\/\/pubeurope.com\/@fr\/114540455488215564","error":""},"_links":{"self":[{"href":"https:\/\/www.europesays.com\/fr\/wp-json\/wp\/v2\/posts\/114433","targetHints":{"allow":["GET"]}}],"collection":[{"href":"https:\/\/www.europesays.com\/fr\/wp-json\/wp\/v2\/posts"}],"about":[{"href":"https:\/\/www.europesays.com\/fr\/wp-json\/wp\/v2\/types\/post"}],"author":[{"embeddable":true,"href":"https:\/\/www.europesays.com\/fr\/wp-json\/wp\/v2\/users\/2"}],"replies":[{"embeddable":true,"href":"https:\/\/www.europesays.com\/fr\/wp-json\/wp\/v2\/comments?post=114433"}],"version-history":[{"count":0,"href":"https:\/\/www.europesays.com\/fr\/wp-json\/wp\/v2\/posts\/114433\/revisions"}],"wp:featuredmedia":[{"embeddable":true,"href":"https:\/\/www.europesays.com\/fr\/wp-json\/wp\/v2\/media\/114434"}],"wp:attachment":[{"href":"https:\/\/www.europesays.com\/fr\/wp-json\/wp\/v2\/media?parent=114433"}],"wp:term":[{"taxonomy":"category","embeddable":true,"href":"https:\/\/www.europesays.com\/fr\/wp-json\/wp\/v2\/categories?post=114433"},{"taxonomy":"post_tag","embeddable":true,"href":"https:\/\/www.europesays.com\/fr\/wp-json\/wp\/v2\/tags?post=114433"}],"curies":[{"name":"wp","href":"https:\/\/api.w.org\/{rel}","templated":true}]}}