{"id":1144358,"date":"2026-08-23T16:09:21","date_gmt":"2026-08-23T16:09:21","guid":{"rendered":"https:\/\/www.europesays.com\/fr\/1144358\/"},"modified":"2026-08-23T16:09:21","modified_gmt":"2026-08-23T16:09:21","slug":"la-cinquieme-edition-de-la-soiree-de-soutien-a-lukraine-est-lancee-a-quimper","status":"publish","type":"post","link":"https:\/\/www.europesays.com\/fr\/1144358\/","title":{"rendered":"La cinqui\u00e8me \u00e9dition de la soir\u00e9e de soutien \u00e0 l\u2019Ukraine est lanc\u00e9e \u00e0 Quimper"},"content":{"rendered":"<p>La soir\u00e9e de soutien \u00e0 l\u2019Ukraine, organis\u00e9e par l\u2019association <a href=\"https:\/\/www.letelegramme.fr\/finistere\/quimper-29000\/a-quimper-une-soiree-festive-de-soutien-au-peuple-ukrainien-organisee-a-lephemere-le-dimanche-23-aout-7097255.php\" rel=\"nofollow noopener\" target=\"_blank\">franco-ukrainienne Ouest Solidarit\u00e9<\/a> au jardin de l&rsquo;\u00c9v\u00each\u00e9, sur la sc\u00e8ne de l&rsquo;\u00c9ph\u00e9m\u00e8re ce dimanche 23 ao\u00fbt, va permettre d\u2019obtenir des fonds pour soutenir le pays en guerre. Au programme : des groupes de jazz, de l\u2019accord\u00e9on, des danses traditionnelles d\u2019Ukraine. <\/p>\n<p>Les participants peuvent go\u00fbter les diff\u00e9rents plats ukrainiens ainsi que les diverses p\u00e2tisseries du pays, cuisin\u00e9s par la quarantaine de b\u00e9n\u00e9voles, principalement ukrainiens, qui ont particip\u00e9 \u00e0 l\u2019organisation de cette soir\u00e9e. Gr\u00e2ce \u00e0 la bo\u00eete \u00e0 dons et \u00e0 la vente de sp\u00e9cialit\u00e9s culinaires ukrainiennes, l\u2019association pourra envoyer de l\u2019aide m\u00e9dicale au pays. Pour cette cinqui\u00e8me \u00e9dition, 300 \u00e0 400 personnes sont attendues. <\/p>\n","protected":false},"excerpt":{"rendered":"La soir\u00e9e de soutien \u00e0 l\u2019Ukraine, organis\u00e9e par l\u2019association franco-ukrainienne Ouest Solidarit\u00e9 au jardin de l&rsquo;\u00c9v\u00each\u00e9, sur la&hellip;\n","protected":false},"author":2,"featured_media":1144359,"comment_status":"","ping_status":"","sticky":false,"template":"","format":"standard","meta":{"footnotes":"","_share_on_mastodon":"0"},"categories":[1590],"tags":[11,1777,674,12,3319,220],"class_list":["post-1144358","post","type-post","status-publish","format-standard","has-post-thumbnail","category-ukraine","tag-actualites","tag-eu","tag-europe","tag-news","tag-quimper","tag-ukraine"],"share_on_mastodon":{"url":"https:\/\/pubeurope.com\/@fr\/117145696113366833","error":""},"_links":{"self":[{"href":"https:\/\/www.europesays.com\/fr\/wp-json\/wp\/v2\/posts\/1144358","targetHints":{"allow":["GET"]}}],"collection":[{"href":"https:\/\/www.europesays.com\/fr\/wp-json\/wp\/v2\/posts"}],"about":[{"href":"https:\/\/www.europesays.com\/fr\/wp-json\/wp\/v2\/types\/post"}],"author":[{"embeddable":true,"href":"https:\/\/www.europesays.com\/fr\/wp-json\/wp\/v2\/users\/2"}],"replies":[{"embeddable":true,"href":"https:\/\/www.europesays.com\/fr\/wp-json\/wp\/v2\/comments?post=1144358"}],"version-history":[{"count":0,"href":"https:\/\/www.europesays.com\/fr\/wp-json\/wp\/v2\/posts\/1144358\/revisions"}],"wp:featuredmedia":[{"embeddable":true,"href":"https:\/\/www.europesays.com\/fr\/wp-json\/wp\/v2\/media\/1144359"}],"wp:attachment":[{"href":"https:\/\/www.europesays.com\/fr\/wp-json\/wp\/v2\/media?parent=1144358"}],"wp:term":[{"taxonomy":"category","embeddable":true,"href":"https:\/\/www.europesays.com\/fr\/wp-json\/wp\/v2\/categories?post=1144358"},{"taxonomy":"post_tag","embeddable":true,"href":"https:\/\/www.europesays.com\/fr\/wp-json\/wp\/v2\/tags?post=1144358"}],"curies":[{"name":"wp","href":"https:\/\/api.w.org\/{rel}","templated":true}]}}