{"id":1144389,"date":"2026-08-23T16:32:19","date_gmt":"2026-08-23T16:32:19","guid":{"rendered":"https:\/\/www.europesays.com\/fr\/1144389\/"},"modified":"2026-08-23T16:32:19","modified_gmt":"2026-08-23T16:32:19","slug":"television-lila-la-fille-de-jamel-debbouze-et-melissa-theuriau-se-fait-remarquer-dans-the-voice-kids-le-dauphine-libere","status":"publish","type":"post","link":"https:\/\/www.europesays.com\/fr\/1144389\/","title":{"rendered":"T\u00e9l\u00e9vision. Lila, la fille de Jamel Debbouze et M\u00e9lissa Theuriau, se fait remarquer dans The Voice Kids &#8211; Le Dauphin\u00e9 Lib\u00e9r\u00e9"},"content":{"rendered":"<ol>\n<li><a href=\"https:\/\/news.google.com\/rss\/articles\/CBMi1gFBVV95cUxQLXFCbzRMSlVpdUtiYkhxUU5hU2hiUEVOeHVvVnZmd21NdjdfSmNzcnpGMS1rcGtrbGlHdFdzZEgwaDNUQWhSaUZMOGF0UEhKU0Y3MXE3V29tNDBBQVZHazJtV2t1emtkRkd6QW1QZDNRTEVDVk1YQUEyWm56NWJrTWtPandOMVhtazRmclpmTm9hVVNPekRJTkRJY2g5MnFJemt1UEpRV0RmOTd2RDlZNGtxN3o2OU5uTHIyUXZZZl82aEtMU2pQZE9CZ2Vqa3FnMjlVUXRR?oc=5\" target=\"_blank\" rel=\"nofollow noopener\">T\u00e9l\u00e9vision. Lila, la fille de Jamel Debbouze et M\u00e9lissa Theuriau, se fait remarquer dans The Voice Kids<\/a>&nbsp;&nbsp;Le Dauphin\u00e9 Lib\u00e9r\u00e9<\/li>\n<li><a href=\"https:\/\/news.google.com\/rss\/articles\/CBMi4gFBVV95cUxOYnRNeEV1R1ZqMGpIa2NwUnBoSGVfZk8tRDJ5bnltaFQ5YnNZSWdVQmhIOU1kbk9iSUNjZVN2TDFLNWFQSG5uT0lSR1I3NjQ2U2xndjdkbFctUXdKMFBmOFN5anFUNHZpQkdGaTBTWVlFV1NpQm04U2JpWWotMV9OVjlVc1F5cW9hbUROVEZTZzBORWgxZzJ6ejhuTlNpbzJSUE1La1pwQ3BaaXVWeXRoOF9TNW1XMTAydXRLQnRWak5OS0dhOTF4U1hlSVNmZzJYcm1oeDFyVHM0cmxTZHdzNFZB?oc=5\" target=\"_blank\" rel=\"nofollow noopener\">\u00ab The Voice Kids \u00bb : le passage remarqu\u00e9 de Lila, la fille de Jamel Debbouze et M\u00e9lissa Theuriau<\/a>&nbsp;&nbsp;Sud Ouest<\/li>\n<li><a href=\"https:\/\/news.google.com\/rss\/articles\/CBMigAFBVV95cUxNWmljOFRTTVlyQ1hqSlJ1VDNlRUpGRXY3ZWc3c2lueFRkRjZWdG1XNl8yNGlhaUN0cTJUSEFEd00wY1JUZWNQQmkteFBid2NxMlcyTEVxb004aDF4SVNWYk42Xzhsc29venNaRGVxQjhfdlh0Vzd2SWMwc0FhQnkwNQ?oc=5\" target=\"_blank\" rel=\"nofollow noopener\">\u00ab The Voice Kids \u00bb : Patrick Fiori a sorti le grand jeu pour convaincre la fille de Jamel Debbouze et M\u00e9lissa Theuriau<\/a>&nbsp;&nbsp;Yahoo Actualit\u00e9s<\/li>\n<li><a href=\"https:\/\/news.google.com\/rss\/articles\/CBMizwFBVV95cUxQR2NqYzAydlRXbGR3Yk9uTGx4R2Z0ZXRnQ2M2bGI3V3lYUWpWb3VxVXNmUFlwRzhvUkpieHpjQmR5Ql9yT2VGRXFOVEp2anlabVVNQlMwR2hCenRiZnZTampxcGVCRno2b2hrNHRBNV9rT3F6cUJFYkU2c1F5dFNUTUZ6Uks2UU9jM1JZeEFwQ1JteXFrM2xHSGVqY2pGOG5DS3g5YVo5NDR2Z3M2ckxPeWNpaGdrOU4tcmlxUHh6SVBTZkdGOHo1UFRQTVlDS2c?oc=5\" target=\"_blank\" rel=\"nofollow noopener\">\u00ab The Voice Kids \u00bb : Quel coach a choisi la fille de Jamel Debbouze ?<\/a>&nbsp;&nbsp;20 Minutes<\/li>\n<li><a href=\"https:\/\/news.google.com\/rss\/articles\/CBMi6AFBVV95cUxQUFZheHhEVkRHbC1rOVJkTElXc1R2ZC0xUENwcERWSW1waVNUaEVQdEhCV0RnQWhOOHJjZzV6QThwZWRhZGlBQTJjVXBvcVJZWEpSUVhseGl6bV9oazBBRU05UzdYbjJyX0dCNV9EQmlTektSUnZfWWhZMmloeUs1dG9oY1lZcjkxMkFKZEZCTjZab19ISWhQekhCRnBiUVgxZnYwTWJyNktIYVZKMHAyWUVGVGJTSjlWYW4xVGlFVE5sM3BOQ0RnWHY0bDctTXF3SHd1dGx5dnU2clZNTWRWQ01IQ2t0VHpD?oc=5\" target=\"_blank\" rel=\"nofollow noopener\">\u00ab\u00a0The Voice Kids\u00a0\u00bb: Kylian Mbapp\u00e9 aide Matt Pokora \u00e0 convaincre un jeune talent&#8230; en vain<\/a>&nbsp;&nbsp;RMC Sport<\/li>\n<\/ol>\n","protected":false},"excerpt":{"rendered":"T\u00e9l\u00e9vision. Lila, la fille de Jamel Debbouze et M\u00e9lissa Theuriau, se fait remarquer dans The Voice Kids&nbsp;&nbsp;Le Dauphin\u00e9&hellip;\n","protected":false},"author":2,"featured_media":1144390,"comment_status":"","ping_status":"","sticky":false,"template":"","format":"standard","meta":{"footnotes":"","_share_on_mastodon":"0"},"categories":[1356],"tags":[1687,58,9852,112,59,107,1011,27,329,108,873,973,252,2205,1364],"class_list":["post-1144389","post","type-post","status-publish","format-standard","has-post-thumbnail","category-television","tag-culture-loisirs","tag-divertissement","tag-echirolles","tag-edition-grenoble-agglomeration","tag-entertainment","tag-fil-info","tag-fr","tag-france","tag-france-monde","tag-isere","tag-musique","tag-people","tag-television","tag-television-medias","tag-tv"],"share_on_mastodon":{"url":"https:\/\/pubeurope.com\/@fr\/117145786352500376","error":""},"_links":{"self":[{"href":"https:\/\/www.europesays.com\/fr\/wp-json\/wp\/v2\/posts\/1144389","targetHints":{"allow":["GET"]}}],"collection":[{"href":"https:\/\/www.europesays.com\/fr\/wp-json\/wp\/v2\/posts"}],"about":[{"href":"https:\/\/www.europesays.com\/fr\/wp-json\/wp\/v2\/types\/post"}],"author":[{"embeddable":true,"href":"https:\/\/www.europesays.com\/fr\/wp-json\/wp\/v2\/users\/2"}],"replies":[{"embeddable":true,"href":"https:\/\/www.europesays.com\/fr\/wp-json\/wp\/v2\/comments?post=1144389"}],"version-history":[{"count":0,"href":"https:\/\/www.europesays.com\/fr\/wp-json\/wp\/v2\/posts\/1144389\/revisions"}],"wp:featuredmedia":[{"embeddable":true,"href":"https:\/\/www.europesays.com\/fr\/wp-json\/wp\/v2\/media\/1144390"}],"wp:attachment":[{"href":"https:\/\/www.europesays.com\/fr\/wp-json\/wp\/v2\/media?parent=1144389"}],"wp:term":[{"taxonomy":"category","embeddable":true,"href":"https:\/\/www.europesays.com\/fr\/wp-json\/wp\/v2\/categories?post=1144389"},{"taxonomy":"post_tag","embeddable":true,"href":"https:\/\/www.europesays.com\/fr\/wp-json\/wp\/v2\/tags?post=1144389"}],"curies":[{"name":"wp","href":"https:\/\/api.w.org\/{rel}","templated":true}]}}