{"id":114443,"date":"2025-05-20T13:47:15","date_gmt":"2025-05-20T13:47:15","guid":{"rendered":"https:\/\/www.europesays.com\/fr\/114443\/"},"modified":"2025-05-20T13:47:15","modified_gmt":"2025-05-20T13:47:15","slug":"un-homme-acquitte-lors-du-proces-fait-condamner-letat","status":"publish","type":"post","link":"https:\/\/www.europesays.com\/fr\/114443\/","title":{"rendered":"un homme acquitt\u00e9 lors du proc\u00e8s fait condamner l&rsquo;\u00c9tat"},"content":{"rendered":"<p class=\"article-p mdl\">St\u00e9phane B. a obtenu gain de cause. Acquitt\u00e9 en 2024 \u00e0 l&rsquo;issue du proc\u00e8s de\u00a0<a class=\"link\" href=\"https:\/\/www.rtl.fr\/actu\/justice-faits-divers\/strasbourg-hommage-aux-victimes-de-l-attentat-du-marche-de-noel-7796502287\" target=\"_blank\" rel=\"noopener\">l&rsquo;attentat du march\u00e9 de No\u00ebl de Strasbourg<\/a>, qui a fait <strong>5 morts et 11 bless\u00e9s<\/strong> en d\u00e9cembre 2018, il a fait condamner l&rsquo;\u00c9tat ce lundi 19 mai. Celui-ci doit lui verser 35.000 euros en r\u00e9paration des 14 mois qu&rsquo;il a pass\u00e9s en d\u00e9tention provisoire, selon une source proche du dossier.<\/p>\n<p class=\"article-p mdl\">En f\u00e9vrier dernier, Amandine Sbidian, l&rsquo;avocate de St\u00e9phane B., avait <strong>demand\u00e9 200.000 euros \u00e0 l&rsquo;\u00c9tat <\/strong>devant la cour d&rsquo;appel de Paris, au nom de la \u00ab\u00a0juste r\u00e9paration\u00a0\u00bb de ce \u00ab\u00a0raz-de-mar\u00e9e\u00a0\u00bb dans la vie de son client, sa requ\u00eate ayant \u00e9t\u00e9 d\u00e9clar\u00e9e recevable.<\/p>\n<p class=\"article-p mdl\">\u00ab\u00a0Cette indemnisation (de 35.000 euros) n&rsquo;est <strong>pas \u00e0 la hauteur du pr\u00e9judice subi par mon client<\/strong>. Jusqu&rsquo;au bout la justice ne l&rsquo;a pas consid\u00e9r\u00e9\u00a0\u00bb, a-t-elle regrett\u00e9 aupr\u00e8s de l&rsquo;AFP.<\/p>\n<p class=\"article-p mdl\">Soup\u00e7onn\u00e9 d&rsquo;avoir particip\u00e9 \u00e0 la fourniture de l&rsquo;arme utilis\u00e9e \u00e0 Strasbourg, St\u00e9phane B. avait \u00e9t\u00e9 interpell\u00e9 et plac\u00e9 en d\u00e9tention provisoire apr\u00e8s l&rsquo;attentat perp\u00e9tr\u00e9 par <strong>Ch\u00e9rif Chekatt<\/strong>.\u00a0Ce dernier a \u00e9t\u00e9 abattu par les forces de l&rsquo;ordre apr\u00e8s deux jours de traque.<\/p>\n<p>            \u00ab\u00a0Aucune participation active\u00a0\u00bb<\/p>\n<p class=\"article-p mdl\">Mais au terme du proc\u00e8s d&rsquo;avril 2024, la cour d&rsquo;assises sp\u00e9ciale avait estim\u00e9 qu&rsquo;<strong>\u00ab\u00a0aucune participation active\u00a0\u00bb<\/strong> aux faits ne pouvait lui \u00eatre imput\u00e9e et l&rsquo;avait acquitt\u00e9. La cour avait en revanche\u00a0<a class=\"link\" href=\"https:\/\/www.rtl.fr\/actu\/justice-faits-divers\/attentat-de-strasbourg-le-principal-accuse-condamne-a-30-de-reclusion-criminelle-7900370392\" target=\"_blank\" rel=\"noopener\">condamn\u00e9 \u00e0 30 ans de r\u00e9clusion criminelle<\/a>, Audrey Mondjehi, ami et ancien cod\u00e9tenu de Ch\u00e9rif Chekatt.<\/p>\n<p class=\"article-p mdl\">La d\u00e9tention provisoire a \u00e9t\u00e9 un <strong>\u00ab\u00a0cataclysme\u00a0\u00bb <\/strong>pour St\u00e9phane B., alors \u00e2g\u00e9 de 34 ans et p\u00e8re de trois enfants, selon son avocate. Il a notamment \u00e9t\u00e9 emp\u00each\u00e9 de se rendre aux obs\u00e8ques de son p\u00e8re, n&rsquo;a pu \u00eatre l\u00e0 pour les six premiers mois de vie de son dernier enfant. S&rsquo;y ajoutent les nuits pass\u00e9es dans sa camionnette pendant le proc\u00e8s.<\/p>\n<p class=\"article-p mdl\">\u00ab\u00a0La moindre des choses quand on commet <strong>une faute<\/strong>, c&rsquo;est de la r\u00e9parer justement et avec humilit\u00e9\u00a0\u00bb, avait relev\u00e9 Me Sbidian devant la cour d&rsquo;appel.\u00a0\u00a0<br \/>St\u00e9phane B. avait lui racont\u00e9 n&rsquo;avoir vu ses enfants que \u00ab\u00a0cinq fois\u00a0\u00bb pendant la dur\u00e9e de son incarc\u00e9ration.<\/p>\n<p>    La r\u00e9daction vous recommande<\/p>\n<p class=\"s-newsletter__title\">\n                L\u2019actualit\u00e9 par la r\u00e9daction de RTL dans votre bo\u00eete mail.\n            <\/p>\n<p class=\"s-newsletter__subtitle\">\n                Gr\u00e2ce \u00e0 votre compte RTL abonnez-vous \u00e0 la newsletter RTL info pour suivre toute l&rsquo;actualit\u00e9 au quotidien\n            <\/p>\n<p>\n                                    Lire la suite\n                                <\/p>\n","protected":false},"excerpt":{"rendered":"St\u00e9phane B. a obtenu gain de cause. Acquitt\u00e9 en 2024 \u00e0 l&rsquo;issue du proc\u00e8s de\u00a0l&rsquo;attentat du march\u00e9 de&hellip;\n","protected":false},"author":2,"featured_media":114444,"comment_status":"","ping_status":"","sticky":false,"template":"","format":"standard","meta":{"footnotes":""},"categories":[2820],"tags":[1111,11,23444,5581,1777,674,107,1011,27,775,303,12,25,640],"class_list":{"0":"post-114443","1":"post","2":"type-post","3":"status-publish","4":"format-standard","5":"has-post-thumbnail","7":"category-strasbourg","8":"tag-actu","9":"tag-actualites","10":"tag-attaque-a-strasbourg","11":"tag-attentat","12":"tag-eu","13":"tag-europe","14":"tag-fil-info","15":"tag-fr","16":"tag-france","17":"tag-grand-est","18":"tag-justice","19":"tag-news","20":"tag-republique-francaise","21":"tag-strasbourg"},"share_on_mastodon":{"url":"https:\/\/pubeurope.com\/@fr\/114540474820525186","error":""},"_links":{"self":[{"href":"https:\/\/www.europesays.com\/fr\/wp-json\/wp\/v2\/posts\/114443","targetHints":{"allow":["GET"]}}],"collection":[{"href":"https:\/\/www.europesays.com\/fr\/wp-json\/wp\/v2\/posts"}],"about":[{"href":"https:\/\/www.europesays.com\/fr\/wp-json\/wp\/v2\/types\/post"}],"author":[{"embeddable":true,"href":"https:\/\/www.europesays.com\/fr\/wp-json\/wp\/v2\/users\/2"}],"replies":[{"embeddable":true,"href":"https:\/\/www.europesays.com\/fr\/wp-json\/wp\/v2\/comments?post=114443"}],"version-history":[{"count":0,"href":"https:\/\/www.europesays.com\/fr\/wp-json\/wp\/v2\/posts\/114443\/revisions"}],"wp:featuredmedia":[{"embeddable":true,"href":"https:\/\/www.europesays.com\/fr\/wp-json\/wp\/v2\/media\/114444"}],"wp:attachment":[{"href":"https:\/\/www.europesays.com\/fr\/wp-json\/wp\/v2\/media?parent=114443"}],"wp:term":[{"taxonomy":"category","embeddable":true,"href":"https:\/\/www.europesays.com\/fr\/wp-json\/wp\/v2\/categories?post=114443"},{"taxonomy":"post_tag","embeddable":true,"href":"https:\/\/www.europesays.com\/fr\/wp-json\/wp\/v2\/tags?post=114443"}],"curies":[{"name":"wp","href":"https:\/\/api.w.org\/{rel}","templated":true}]}}