{"id":1144452,"date":"2026-08-23T17:10:13","date_gmt":"2026-08-23T17:10:13","guid":{"rendered":"https:\/\/www.europesays.com\/fr\/1144452\/"},"modified":"2026-08-23T17:10:13","modified_gmt":"2026-08-23T17:10:13","slug":"battles-de-danse-musiques-et-soirees-la-troisieme-edition-de-ce-festival-hip-hop-debarque-a-toulouse","status":"publish","type":"post","link":"https:\/\/www.europesays.com\/fr\/1144452\/","title":{"rendered":"Battles de danse, musiques et soir\u00e9es : la troisi\u00e8me \u00e9dition de ce festival hip-hop d\u00e9barque \u00e0 Toulouse"},"content":{"rendered":"<p>                    Par<br \/>\n        <strong><br \/>\n            <a href=\"https:\/\/actu.fr\/auteur\/jade-david\" title=\"Consulter tous les articles de Jade David\" rel=\"nofollow noopener\" target=\"_blank\">Jade David<\/a><br \/>\n                    <\/strong><\/p>\n<p>        Publi\u00e9 le<\/p>\n<p>            23 ao\u00fbt 2026 \u00e0 18h20        <\/p>\n<p>Du samedi\u00a029 au dimanche 30\u00a0ao\u00fbt 2026, la<strong> musique hip-hop et les pas de danses r\u00e9sonneront<\/strong> dans la ville de Toulouse. Le <a href=\"https:\/\/www.instagram.com\/beforebackfestival\/\" rel=\"nofollow noopener\" target=\"_blank\">Before Back Festival<\/a> revient pour une troisi\u00e8me \u00e9dition toujours sous le signe du <strong>partage et de la culture hip-hop<\/strong>. Tout ce qu\u2019il faut savoir.<\/p>\n<p>Un samedi charg\u00e9<\/p>\n<p class=\" wall-content\">Le premier jour de cette troisi\u00e8me \u00e9dition du Before Back Festival est attendu le <strong>samedi 29\u00a0ao\u00fbt 2026 au Flashback Caf\u00e9<\/strong>. Les festivit\u00e9s commenceront par un workshop \u2013 atelier de travail en fran\u00e7ais \u2013 sur le <strong>hip-hop freestyle<\/strong>. L\u2019atelier prend place de <strong>15h30 \u00e0 17h30<\/strong> avec un tarif unique de <strong>10\u00a0euros.<\/strong><\/p>\n<p class=\" wall-content\">Apr\u00e8s ce stage de danse, c\u2019est une <strong>battle<\/strong> qui est organis\u00e9e au<a href=\"https:\/\/actu.fr\/occitanie\/toulouse_31555\/toulouse-un-bar-inedit-ouvre-dans-ce-lieu-emblematique-pres-de-la-place-saint-pierre_59943415.html\" rel=\"nofollow noopener\" target=\"_blank\"> Flashback Caf\u00e9<\/a>. Cette derni\u00e8re opposera des duos, chacun compos\u00e9s d\u2019<strong>un Bboy ou d\u2019une Bgirl<\/strong> \u2013 danseur de breakdance \u2013 et <strong>un danseur debout<\/strong> \u2013 popping, locking et hip-hop. Une premi\u00e8re<strong> phase de qualification<\/strong> aura lieu d\u00e8s 17\u00a0heures, et se finira \u00e0 19\u00a0heures. C\u2019est \u00e0 21\u00a0heures que la comp\u00e9tition se termine et que <strong>les gagnants sont annonc\u00e9s.<\/strong><\/p>\n<p class=\" wall-content\">La journ\u00e9e se termine par un DJ set<strong> sp\u00e9cial hip-hop et RnB des ann\u00e9es 90 et 2000<\/strong>. C\u2019est <strong>DJ Supa<\/strong> qui sera aux platines jusqu\u2019\u00e0 3\u00a0heures du matin. La soir\u00e9e est <strong>en principe gratuite<\/strong> et propose une <strong>participation libre.<\/strong><\/p>\n<p>Un dimanche apr\u00e8s-midi festif<\/p>\n<p class=\" wall-content\">Pour la suite des festivit\u00e9s le dimanche 30\u00a0ao\u00fbt 2026, rendez-vous au <strong>Jardin Raymond VI<\/strong> pour un <strong>\u00ab\u2009Funky Sunday\u2009\u00bb<\/strong>. Toute l\u2019apr\u00e8s-midi, des d\u00e9monstrations de danse seront assur\u00e9es par la <a href=\"https:\/\/www.brigadefantometoulouse.com\/\" rel=\"nofollow noopener\" target=\"_blank\">Brigade Fant\u00f4me<\/a>, un collectif de <strong>danseurs hip-hop professionnels.<\/strong><\/p>\n<p>Vid\u00e9os : en ce moment sur Actu<\/p>\n<p class=\" wall-content\">L\u2019ambiance musicale sera quant \u00e0 elle assur\u00e9e <strong>avec de l\u2019hip-hop funk<\/strong>, par le<a href=\"https:\/\/www.instagram.com\/mmegaultier\/\" rel=\"nofollow noopener\" target=\"_blank\"> DJ Mme Gaultier<\/a>, de son vrai nom Franck Gaultier. Tous les mercredis de l\u2019\u00e9t\u00e9 2026, <strong>il mixe \u00e0 Papi Guinguette<\/strong> \u00e0 partir de 19\u00a0heures.<\/p>\n<p class=\" wall-content\">La journ\u00e9e du dimanche est moins longue que le samedi\u2009: l\u2019\u00e9v\u00e8nement commence \u00e0 <strong>15\u00a0heures<\/strong>, et se termine seulement cinq heures apr\u00e8s,<strong> \u00e0 20\u00a0heures<\/strong>. De quoi avoir le temps de r\u00e9cup\u00e9rer pour la rentr\u00e9e du lundi 31\u00a0ao\u00fbt 2026.<\/p>\n<p class=\" wall-content\">Personnalisez votre actualit\u00e9 en ajoutant vos villes et m\u00e9dias en favori avec <a href=\"https:\/\/moncompte.actu.fr\" title=\"D\u00e9couvez Mon Actu\" rel=\"nofollow noopener\" data-trk=\"{&quot;cta&quot;:{&quot;action&quot;:&quot;https:\\\/\\\/moncompte.actu.fr&quot;,&quot;category&quot;:&quot;mon compte&quot;,&quot;from&quot;:&quot;article footer&quot;,&quot;name&quot;:&quot;Mon actu&quot;,&quot;type&quot;:&quot;cta&quot;}}\" target=\"_blank\">Mon Actu<\/a>.<\/p>\n<p>                    <script async src=\"\/\/www.instagram.com\/embed.js\"><\/script><\/p>\n","protected":false},"excerpt":{"rendered":"Par Jade David Publi\u00e9 le 23 ao\u00fbt 2026 \u00e0 18h20 Du samedi\u00a029 au dimanche 30\u00a0ao\u00fbt 2026, la musique&hellip;\n","protected":false},"author":2,"featured_media":1144453,"comment_status":"","ping_status":"","sticky":false,"template":"","format":"standard","meta":{"footnotes":"","_share_on_mastodon":"0"},"categories":[2816],"tags":[1111,11,5972,1777,674,1011,27,1652,873,12,2680,25,2312],"class_list":["post-1144452","post","type-post","status-publish","format-standard","has-post-thumbnail","category-toulouse","tag-actu","tag-actualites","tag-danse","tag-eu","tag-europe","tag-fr","tag-france","tag-loisirs-culture","tag-musique","tag-news","tag-occitanie","tag-republique-francaise","tag-toulouse"],"share_on_mastodon":{"url":"https:\/\/pubeurope.com\/@fr\/117145935889411246","error":""},"_links":{"self":[{"href":"https:\/\/www.europesays.com\/fr\/wp-json\/wp\/v2\/posts\/1144452","targetHints":{"allow":["GET"]}}],"collection":[{"href":"https:\/\/www.europesays.com\/fr\/wp-json\/wp\/v2\/posts"}],"about":[{"href":"https:\/\/www.europesays.com\/fr\/wp-json\/wp\/v2\/types\/post"}],"author":[{"embeddable":true,"href":"https:\/\/www.europesays.com\/fr\/wp-json\/wp\/v2\/users\/2"}],"replies":[{"embeddable":true,"href":"https:\/\/www.europesays.com\/fr\/wp-json\/wp\/v2\/comments?post=1144452"}],"version-history":[{"count":0,"href":"https:\/\/www.europesays.com\/fr\/wp-json\/wp\/v2\/posts\/1144452\/revisions"}],"wp:featuredmedia":[{"embeddable":true,"href":"https:\/\/www.europesays.com\/fr\/wp-json\/wp\/v2\/media\/1144453"}],"wp:attachment":[{"href":"https:\/\/www.europesays.com\/fr\/wp-json\/wp\/v2\/media?parent=1144452"}],"wp:term":[{"taxonomy":"category","embeddable":true,"href":"https:\/\/www.europesays.com\/fr\/wp-json\/wp\/v2\/categories?post=1144452"},{"taxonomy":"post_tag","embeddable":true,"href":"https:\/\/www.europesays.com\/fr\/wp-json\/wp\/v2\/tags?post=1144452"}],"curies":[{"name":"wp","href":"https:\/\/api.w.org\/{rel}","templated":true}]}}