{"id":114447,"date":"2025-05-20T13:49:09","date_gmt":"2025-05-20T13:49:09","guid":{"rendered":"https:\/\/www.europesays.com\/fr\/114447\/"},"modified":"2025-05-20T13:49:09","modified_gmt":"2025-05-20T13:49:09","slug":"nice-un-arbre-tombe-sur-une-voiture-aux-moulins-les-pompiers-sur-place","status":"publish","type":"post","link":"https:\/\/www.europesays.com\/fr\/114447\/","title":{"rendered":"Nice. Un arbre tombe sur une voiture aux Moulins, les pompiers sur place"},"content":{"rendered":"<p>            Par<br \/>\n        <strong><br \/>\n            <a href=\"https:\/\/actu.fr\/auteur\/redaction-nice\" title=\"Consulter tous les articles de R\u00e9daction Nice\" target=\"_blank\" rel=\"noopener\">R\u00e9daction Nice<\/a><br \/>\n        <\/strong><\/p>\n<p>        Publi\u00e9 le<\/p>\n<p>            20 mai 2025 \u00e0 14h32        <\/p>\n<p>L\u2019image est impressionnante. Alors que la ville de <a href=\"https:\/\/actu.fr\/nice\/\" target=\"_blank\" rel=\"noopener\">Nice<\/a> et le d\u00e9partement des Alpes-Maritimes sont <a href=\"https:\/\/actu.fr\/provence-alpes-cote-d-azur\/nice_06088\/nice-orages-et-pluies-diluviennes-attendus-le-departement-en-vigilance_62659591.html\" target=\"_blank\" rel=\"noopener\">en vigilance jaune aux orages<\/a> pour le risque de pluie-inondation, c\u2019est le vent qui fait des d\u00e9g\u00e2ts.<\/p>\n<p class=\" wall-content\">\n<p class=\" wall-content\">Ce mardi 20\u00a0mai 2025, un arbre est tomb\u00e9 devant le b\u00e2timent 35 <strong>dans le quartier des Moulins<\/strong>, \u00e0 Nice-Ouest. \u00ab\u2009Aucun bless\u00e9 \u00e0 d\u00e9plorer, uniquement des d\u00e9g\u00e2ts mat\u00e9riels\u2009\u00bb, a tweet\u00e9 Anthony Borr\u00e9, le premier adjoint au maire de Nice.<\/p>\n<p>    <a href=\"https:\/\/www.google.com\/maps\/embed?pb=!1m18!1m12!1m3!1d27452.004330474072!2d7.203569086488207!3d43.67860853938726!2m3!1f0!2f0!3f0!3m2!1i1024!2i768!4f13.1!3m3!1m2!1s0x12cdd10bbf76de75%3A0xf582a3649c8cc853!2sLes%20Moulins%2C%2006200%20Nice!5e0!3m2!1sfr!2sfr!4v1747742338029!5m2!1sfr!2sfr\" title=\"Ouvrie le lien\" target=\"_blank\" rel=\"noopener\">Cliquez ici pour visualiser le contenu<\/a><\/p>\n<p class=\" wall-content\">Une information confirm\u00e9e par les pompiers des Alpes-Maritimes, pr\u00e9sents sur place. La zone a \u00e9t\u00e9 s\u00e9curis\u00e9e.<\/p>\n<p>Un arbre est tomb\u00e9 sur la promenade<\/p>\n<p class=\" wall-content\">Le matin m\u00eame, un palmier est \u00e9galement tomb\u00e9 sur la promenade des Anglais, pr\u00e9cise nos confr\u00e8res de <a href=\"https:\/\/www.nicematin.com\/faits-divers\/un-palmier-s-est-abattu-sur-la-promenade-des-anglais-ce-mardi-matin-a-nice-986598\" target=\"_blank\" rel=\"noopener\">Nice-Matin<\/a>. Sans faire de d\u00e9g\u00e2ts, cet incident a provoqu\u00e9 des ralentissements sur la route longeant le bord de mer.<\/p>\n<p>Vid\u00e9os : en ce moment sur Actu<\/p>\n<p class=\" wall-content\"><strong>Par Florine Amenta<\/strong><\/p>\n<p class=\" wall-content\">Suivez toute l\u2019actualit\u00e9 de vos villes et m\u00e9dias favoris en vous inscrivant \u00e0 <a href=\"https:\/\/moncompte.actu.fr\" title=\"D\u00e9couvez Mon Actu\" rel=\"nofollow noopener\" data-trk=\"{&quot;cta&quot;:{&quot;action&quot;:&quot;https:\\\/\\\/moncompte.actu.fr&quot;,&quot;category&quot;:&quot;mon compte&quot;,&quot;from&quot;:&quot;article footer&quot;,&quot;name&quot;:&quot;Mon actu&quot;,&quot;type&quot;:&quot;cta&quot;}}\" target=\"_blank\">Mon Actu<\/a>.<\/p>\n","protected":false},"excerpt":{"rendered":"Par R\u00e9daction Nice Publi\u00e9 le 20 mai 2025 \u00e0 14h32 L\u2019image est impressionnante. Alors que la ville de&hellip;\n","protected":false},"author":2,"featured_media":114448,"comment_status":"","ping_status":"","sticky":false,"template":"","format":"standard","meta":{"footnotes":""},"categories":[2819],"tags":[1111,11,1777,674,118,1011,27,3059,12,2401,1311,882,25],"class_list":{"0":"post-114447","1":"post","2":"type-post","3":"status-publish","4":"format-standard","5":"has-post-thumbnail","7":"category-nice","8":"tag-actu","9":"tag-actualites","10":"tag-eu","11":"tag-europe","12":"tag-faits-divers","13":"tag-fr","14":"tag-france","15":"tag-intemperies","16":"tag-news","17":"tag-nice","18":"tag-pompiers","19":"tag-provence-alpes-cote-dazur","20":"tag-republique-francaise"},"share_on_mastodon":{"url":"https:\/\/pubeurope.com\/@fr\/114540482813671188","error":""},"_links":{"self":[{"href":"https:\/\/www.europesays.com\/fr\/wp-json\/wp\/v2\/posts\/114447","targetHints":{"allow":["GET"]}}],"collection":[{"href":"https:\/\/www.europesays.com\/fr\/wp-json\/wp\/v2\/posts"}],"about":[{"href":"https:\/\/www.europesays.com\/fr\/wp-json\/wp\/v2\/types\/post"}],"author":[{"embeddable":true,"href":"https:\/\/www.europesays.com\/fr\/wp-json\/wp\/v2\/users\/2"}],"replies":[{"embeddable":true,"href":"https:\/\/www.europesays.com\/fr\/wp-json\/wp\/v2\/comments?post=114447"}],"version-history":[{"count":0,"href":"https:\/\/www.europesays.com\/fr\/wp-json\/wp\/v2\/posts\/114447\/revisions"}],"wp:featuredmedia":[{"embeddable":true,"href":"https:\/\/www.europesays.com\/fr\/wp-json\/wp\/v2\/media\/114448"}],"wp:attachment":[{"href":"https:\/\/www.europesays.com\/fr\/wp-json\/wp\/v2\/media?parent=114447"}],"wp:term":[{"taxonomy":"category","embeddable":true,"href":"https:\/\/www.europesays.com\/fr\/wp-json\/wp\/v2\/categories?post=114447"},{"taxonomy":"post_tag","embeddable":true,"href":"https:\/\/www.europesays.com\/fr\/wp-json\/wp\/v2\/tags?post=114447"}],"curies":[{"name":"wp","href":"https:\/\/api.w.org\/{rel}","templated":true}]}}