{"id":114449,"date":"2025-05-20T13:50:33","date_gmt":"2025-05-20T13:50:33","guid":{"rendered":"https:\/\/www.europesays.com\/fr\/114449\/"},"modified":"2025-05-20T13:50:33","modified_gmt":"2025-05-20T13:50:33","slug":"une-femme-de-54-ans-decede-apres-une-chute-du-pont-de-chevire","status":"publish","type":"post","link":"https:\/\/www.europesays.com\/fr\/114449\/","title":{"rendered":"Une femme de 54 ans d\u00e9c\u00e8de apr\u00e8s une chute du pont de Chevir\u00e9"},"content":{"rendered":"<p><a href=\"https:\/\/www.20minutes.fr\/nantes\/4028826-20230321-reforme-retraites-nantes-ponts-chevire-bellevue-bloques-bouchons-exceptionnels\" class=\"color-ultramarine c-link\" target=\"_blank\" rel=\"noopener\">Le pont de Chevir\u00e9<\/a>, emprunt\u00e9 par pr\u00e8s de 100 000 v\u00e9hicules par jour, a \u00e9t\u00e9 une nouvelle fois le th\u00e9\u00e2tre d\u2019un drame. Ce lundi en milieu d\u2019apr\u00e8s-midi, les pompiers ont \u00e9t\u00e9 sollicit\u00e9s pour porter secours \u00e0 une femme qui avait franchi la barri\u00e8re de s\u00e9curit\u00e9 et s\u2019appr\u00eatait \u00e0 sauter. Une fois sur place, les secouristes se sont rapproch\u00e9s d\u2019elle et ont tent\u00e9 de l\u2019en dissuader. En vain.<\/p>\n<p>Une chute de 50 m<\/p>\n<p>La femme de 54 <a href=\"https:\/\/www.ouest-france.fr\/pays-de-la-loire\/nantes-44000\/une-personne-disparue-apres-avoir-saute-du-pont-de-chevire-40139790-a3e0-11ef-831d-1ac76626b0a8\" target=\"_blank\" class=\"color-ultramarine c-link\" rel=\"noopener\">s\u2019est jet\u00e9e dans le vide<\/a> au-dessus de la zone portuaire. \u00ab\u00a0Malgr\u00e9 une prise en charge rapide, elle a \u00e9t\u00e9 d\u00e9clar\u00e9e d\u00e9c\u00e9d\u00e9e\u00a0\u00bb, rapporte le bulletin du <a href=\"https:\/\/www.sdis44.fr\/\" target=\"_blank\" class=\"color-ultramarine c-link\" rel=\"noopener\">Service d\u00e9partemental d\u2019incendie et de secours de Loire-Atlantique<\/a>. Au total, une ambulance, un v\u00e9hicule de balisage, une \u00e9quipe de plongeurs et un v\u00e9hicule de commandant ont \u00e9t\u00e9 engag\u00e9s dans l\u2019op\u00e9ration de secours.<\/p>\n<p><\/p>\n","protected":false},"excerpt":{"rendered":"Le pont de Chevir\u00e9, emprunt\u00e9 par pr\u00e8s de 100 000 v\u00e9hicules par jour, a \u00e9t\u00e9 une nouvelle fois&hellip;\n","protected":false},"author":2,"featured_media":114450,"comment_status":"","ping_status":"","sticky":false,"template":"","format":"standard","meta":{"footnotes":""},"categories":[2818],"tags":[1111,11,646,1777,674,1011,27,3047,766,12,2636,1311,1306,25,2072,5748],"class_list":{"0":"post-114449","1":"post","2":"type-post","3":"status-publish","4":"format-standard","5":"has-post-thumbnail","7":"category-nantes","8":"tag-actu","9":"tag-actualites","10":"tag-automobile","11":"tag-eu","12":"tag-europe","13":"tag-fr","14":"tag-france","15":"tag-loire-atlantique","16":"tag-nantes","17":"tag-news","18":"tag-pays-de-la-loire","19":"tag-pompiers","20":"tag-regions","21":"tag-republique-francaise","22":"tag-sante-mentale","23":"tag-suicide"},"share_on_mastodon":{"url":"https:\/\/pubeurope.com\/@fr\/114540486556738779","error":""},"_links":{"self":[{"href":"https:\/\/www.europesays.com\/fr\/wp-json\/wp\/v2\/posts\/114449","targetHints":{"allow":["GET"]}}],"collection":[{"href":"https:\/\/www.europesays.com\/fr\/wp-json\/wp\/v2\/posts"}],"about":[{"href":"https:\/\/www.europesays.com\/fr\/wp-json\/wp\/v2\/types\/post"}],"author":[{"embeddable":true,"href":"https:\/\/www.europesays.com\/fr\/wp-json\/wp\/v2\/users\/2"}],"replies":[{"embeddable":true,"href":"https:\/\/www.europesays.com\/fr\/wp-json\/wp\/v2\/comments?post=114449"}],"version-history":[{"count":0,"href":"https:\/\/www.europesays.com\/fr\/wp-json\/wp\/v2\/posts\/114449\/revisions"}],"wp:featuredmedia":[{"embeddable":true,"href":"https:\/\/www.europesays.com\/fr\/wp-json\/wp\/v2\/media\/114450"}],"wp:attachment":[{"href":"https:\/\/www.europesays.com\/fr\/wp-json\/wp\/v2\/media?parent=114449"}],"wp:term":[{"taxonomy":"category","embeddable":true,"href":"https:\/\/www.europesays.com\/fr\/wp-json\/wp\/v2\/categories?post=114449"},{"taxonomy":"post_tag","embeddable":true,"href":"https:\/\/www.europesays.com\/fr\/wp-json\/wp\/v2\/tags?post=114449"}],"curies":[{"name":"wp","href":"https:\/\/api.w.org\/{rel}","templated":true}]}}