{"id":114459,"date":"2025-05-20T13:55:09","date_gmt":"2025-05-20T13:55:09","guid":{"rendered":"https:\/\/www.europesays.com\/fr\/114459\/"},"modified":"2025-05-20T13:55:09","modified_gmt":"2025-05-20T13:55:09","slug":"un-aristocrate-de-109-ans-retrouve-momifie-et-enterre-dans-le-jardin-de-sa-propriete-pres-de-toulouse-son-fils-mis-en-examen-liberation","status":"publish","type":"post","link":"https:\/\/www.europesays.com\/fr\/114459\/","title":{"rendered":"Un aristocrate de 109\u00a0ans retrouv\u00e9 momifi\u00e9 et enterr\u00e9 dans le jardin de sa propri\u00e9t\u00e9 pr\u00e8s de Toulouse, son fils mis en examen \u2013 Lib\u00e9ration"},"content":{"rendered":"<p class=\"sc-ksZaOG ehjQrN text-element\">Ren\u00e9 B. \u00e9tait consid\u00e9r\u00e9 comme le deuxi\u00e8me homme le plus vieux de France. Un h\u00e9ritier de la noblesse fran\u00e7aise, 109 ans au compteur, une fortune se comptant en millions d\u2019euros en poche et plusieurs propri\u00e9t\u00e9s entre les mains. Mais depuis des mois, Ren\u00e9 B. avait myst\u00e9rieusement disparu, ne donnant plus signe de vie. De quoi alerter l\u2019une de ses petites-filles, qui transmet un signalement aux forces de l\u2019ordre. Le corps du centenaire est finalement retrouv\u00e9, d\u00e9but avril, enterr\u00e9 dans le jardin de l\u2019une de ses maisons situ\u00e9e \u00e0 Lamothe-Capdeville (Tarn-et-Garonne), \u00e0 quelques kilom\u00e8tres de Toulouse. Comme le r\u00e9v\u00e8le <a href=\"https:\/\/www.ladepeche.fr\/2025\/05\/16\/info-la-depeche-lun-des-plus-vieux-hommes-de-france-retrouve-mort-enterre-dans-son-jardin-apres-deux-mois-de-cavale-son-fils-arrete-12698459.php\" target=\"_blank\" rel=\"noreferrer noopener\" title=\"https:\/\/www.ladepeche.fr\/2025\/05\/16\/info-la-depeche-lun-des-plus-vieux-hommes-de-france-retrouve-mort-enterre-dans-son-jardin-apres-deux-mois-de-cavale-son-fils-arrete-12698459.php\">la D\u00e9p\u00eache de Midi<\/a>, le cadavre de l\u2019un des doyens fran\u00e7ais, enterr\u00e9 \u00e0 plus d\u2019un m\u00e8tre de profondeur, \u00e9tait comme \u00abmomifi\u00e9\u00bb. L\u2019autopsie r\u00e9v\u00e8le que la mort de Ren\u00e9 B., qui ne serait pas d\u2019origine criminelle, \u00e9tait survenue plus de huit mois plus t\u00f4t.<\/p>\n<p class=\"sc-ksZaOG ehjQrN text-element\">Et alors que le fils du d\u00e9funt, Jean, 67 ans, \u00e9tait en cavale depuis cette macabre d\u00e9couverte et un premier interrogatoire de la police \u2013 il s\u2019\u00e9tait \u00e9chapp\u00e9 de l\u2019h\u00f4pital apr\u00e8s avoir simul\u00e9 un malaise \u2013, il a \u00e9t\u00e9 interpell\u00e9 mercredi 14 mai par la police judiciaire de Toulouse dans le cadre d\u2019une enqu\u00eate ouverte pour homicide, selon le quotidien r\u00e9gional. Il a \u00e9t\u00e9 retrouv\u00e9 \u00e0 Tarbes, cach\u00e9 dans sa voiture, se d\u00e9pla\u00e7ant gr\u00e2ce \u00e0 des amis proches issus d\u2019une mouvance catholique.<\/p>\n<p class=\"sc-ksZaOG ehjQrN text-element\">Deux jours plus tard, le vendredi 16 mai, le sexag\u00e9naire, qui vivait avec son p\u00e8re dans ce domaine familial situ\u00e9 dans un quartier cossu, a \u00e9t\u00e9 mis en examen pour \u00abescroqueries aggrav\u00e9es, abus de confiance et inhumation sans autorisation\u00bb, indique le procureur de la R\u00e9publique de Toulouse, David Charmatz, \u00e0 <a href=\"https:\/\/france3-regions.franceinfo.fr\/occitanie\/haute-garonne\/toulouse\/le-fils-d-un-riche-centenaire-mis-en-examen-il-est-suspecte-d-avoir-continue-a-profiter-de-son-argent-apres-l-avoir-enterre-dans-le-jardin-3155273.html\" target=\"_blank\" rel=\"noreferrer noopener\" title=\"https:\/\/france3-regions.franceinfo.fr\/occitanie\/haute-garonne\/toulouse\/le-fils-d-un-riche-centenaire-mis-en-examen-il-est-suspecte-d-avoir-continue-a-profiter-de-son-argent-apres-l-avoir-enterre-dans-le-jardin-3155273.html\">France 3 Occitanie<\/a>. L\u2019homme a \u00e9galement \u00e9t\u00e9 plac\u00e9 sous contr\u00f4le judiciaire. Ces derniers mois, Jean B. aurait en effet continu\u00e9 de percevoir la retraite de son p\u00e8re, comme si celui-ci \u00e9tait encore vivant. Une pension de 3 500 euros par mois.<\/p>\n<p class=\"sc-ksZaOG ehjQrN text-element\">Lors de sa garde \u00e0 vue, le fils a finalement avou\u00e9 avoir enterr\u00e9 son p\u00e8re, en affirmant avoir voulu respecter ses derni\u00e8res volont\u00e9s : le centenaire voulait \u00eatre mis en terre dans \u00abun tombeau recouvert de lauriers\u00bb, dans le cadre des \u00abplus anciennes traditions catholiques\u00bb. Un souhait que son fils aurait respect\u00e9, raconte<a href=\"https:\/\/www.ladepeche.fr\/2025\/05\/18\/reportage-aristocrate-de-109-ans-enterre-dans-son-jardin-par-son-fils-ils-etaient-paisibles-au-domaine-familial-les-riverains-tombent-des-nues-12700920.php\" target=\"_blank\" rel=\"noreferrer noopener\" title=\"https:\/\/www.ladepeche.fr\/2025\/05\/18\/reportage-aristocrate-de-109-ans-enterre-dans-son-jardin-par-son-fils-ils-etaient-paisibles-au-domaine-familial-les-riverains-tombent-des-nues-12700920.php\"> la D\u00e9p\u00eache du Midi,<\/a> et qu\u2019il aurait orchestr\u00e9 seul. Il a cependant ni\u00e9 toute mauvaise intention ou toute pr\u00e9tention financi\u00e8re autour de la fortune de son p\u00e8re, ancien professeur de dessin et d\u2019histoire de l\u2019art d\u00e9cor\u00e9 officier des palmes acad\u00e9miques.<\/p>\n","protected":false},"excerpt":{"rendered":"Ren\u00e9 B. \u00e9tait consid\u00e9r\u00e9 comme le deuxi\u00e8me homme le plus vieux de France. Un h\u00e9ritier de la noblesse&hellip;\n","protected":false},"author":2,"featured_media":114460,"comment_status":"","ping_status":"","sticky":false,"template":"","format":"standard","meta":{"footnotes":""},"categories":[2816],"tags":[1111,11,23446,23447,23448,23449,6155,23450,3397,23451,3259,1444,23452,10238,23453,23454,1777,674,23455,1011,3844,27,23456,1146,23457,11043,664,23458,10239,2088,18005,2089,23459,12,9210,23460,2680,3518,626,23461,23462,973,3744,1072,10910,17416,6890,23463,23464,23465,25,18150,5321,2312],"class_list":{"0":"post-114459","1":"post","2":"type-post","3":"status-publish","4":"format-standard","5":"has-post-thumbnail","7":"category-toulouse","8":"tag-actu","9":"tag-actualites","10":"tag-against-anti-semitism","11":"tag-against-antisemitism","12":"tag-anti-semitism","13":"tag-antisemitism","14":"tag-antisemitisme","15":"tag-brassar-orange","16":"tag-brassard","17":"tag-brassard-de-police","18":"tag-conflit-israelo-palestinien","19":"tag-contre","20":"tag-contre-l-antisemitisme","21":"tag-cortege","22":"tag-demonstration","23":"tag-demonstrators","24":"tag-eu","25":"tag-europe","26":"tag-forces-de-l-ordre","27":"tag-fr","28":"tag-francais","29":"tag-france","30":"tag-french","31":"tag-guerre","32":"tag-identification","33":"tag-illustration","34":"tag-israel","35":"tag-maintien-de-l-ordre","36":"tag-manifestants","37":"tag-manifestation","38":"tag-march","39":"tag-marche","40":"tag-marche-civique","41":"tag-news","42":"tag-numero","43":"tag-numero-rio","44":"tag-occitanie","45":"tag-palestine","46":"tag-paris","47":"tag-parisian","48":"tag-parisiens","49":"tag-people","50":"tag-personnes","51":"tag-police","52":"tag-policier","53":"tag-policiere","54":"tag-policiers","55":"tag-protest","56":"tag-protestors","57":"tag-rally","58":"tag-republique-francaise","59":"tag-rio","60":"tag-society","61":"tag-toulouse"},"share_on_mastodon":{"url":"","error":"Validation failed: Text character limit of 500 exceeded"},"_links":{"self":[{"href":"https:\/\/www.europesays.com\/fr\/wp-json\/wp\/v2\/posts\/114459","targetHints":{"allow":["GET"]}}],"collection":[{"href":"https:\/\/www.europesays.com\/fr\/wp-json\/wp\/v2\/posts"}],"about":[{"href":"https:\/\/www.europesays.com\/fr\/wp-json\/wp\/v2\/types\/post"}],"author":[{"embeddable":true,"href":"https:\/\/www.europesays.com\/fr\/wp-json\/wp\/v2\/users\/2"}],"replies":[{"embeddable":true,"href":"https:\/\/www.europesays.com\/fr\/wp-json\/wp\/v2\/comments?post=114459"}],"version-history":[{"count":0,"href":"https:\/\/www.europesays.com\/fr\/wp-json\/wp\/v2\/posts\/114459\/revisions"}],"wp:featuredmedia":[{"embeddable":true,"href":"https:\/\/www.europesays.com\/fr\/wp-json\/wp\/v2\/media\/114460"}],"wp:attachment":[{"href":"https:\/\/www.europesays.com\/fr\/wp-json\/wp\/v2\/media?parent=114459"}],"wp:term":[{"taxonomy":"category","embeddable":true,"href":"https:\/\/www.europesays.com\/fr\/wp-json\/wp\/v2\/categories?post=114459"},{"taxonomy":"post_tag","embeddable":true,"href":"https:\/\/www.europesays.com\/fr\/wp-json\/wp\/v2\/tags?post=114459"}],"curies":[{"name":"wp","href":"https:\/\/api.w.org\/{rel}","templated":true}]}}