{"id":114464,"date":"2025-05-20T13:58:09","date_gmt":"2025-05-20T13:58:09","guid":{"rendered":"https:\/\/www.europesays.com\/fr\/114464\/"},"modified":"2025-05-20T13:58:09","modified_gmt":"2025-05-20T13:58:09","slug":"info-va-marseille-un-commercant-menace-jusqua-son-domicile-par-la-dz-mafia","status":"publish","type":"post","link":"https:\/\/www.europesays.com\/fr\/114464\/","title":{"rendered":"[Info VA] Marseille : un commer\u00e7ant menac\u00e9 jusqu\u2019\u00e0 son domicile par la DZ Mafia ?"},"content":{"rendered":"<p>                                            Faits divers\n                                                                            <\/p>\n<p>\n                                            Un commer\u00e7ant du centre-ville de Marseille a d\u00e9pos\u00e9 plainte pour tentative d\u2019extorsion et menaces de mort, lundi apr\u00e8s-midi. Le soir-m\u00eame, les plaignants ont alert\u00e9 la police apr\u00e8s avoir vu des individus \u00ab li\u00e9s \u00e0 la DZ Mafia \u00bb roder autour de leur domicile.                                        <\/p>\n<p>                                                Publi\u00e9 le 20 mai 2025 \u00e0 15h30                                                                                            <\/p>\n<p>                                            <img loading=\"lazy\" width=\"1024\" height=\"648\" src=\"https:\/\/www.europesays.com\/fr\/wp-content\/uploads\/2025\/05\/Capture-decran-2025-05-20-151051.jpg\" class=\"attachment-post-thumbnail size-post-thumbnail wp-post-image lazy\" alt=\"\" decoding=\"async\"  data-\/><\/p>\n<p>                                            Un commer\u00e7ant se dit victime d&rsquo;extorsion et de menaces de mort par des hommes qui pourraient \u00eatre li\u00e9s \u00e0 la DZ Mafia. Photo \u00a9 Google StreetView<\/p>\n<p>Il est 23 heures, lundi 19 mai, dans le quartier La Pomme, \u00e0 <a href=\"https:\/\/www.valeursactuelles.com\/regions\/provence-alpes-cote-dazur\/bouches-du-rhone\/marseille\" target=\"_blank\" rel=\"noopener\">Marseille<\/a>. Un couple compose le 17 et signale aux policiers \u00ab des individus li\u00e9s \u00e0 la DZ Mafia \u00bb en train de r\u00f4der dans le quartier. L\u2019inqui\u00e9tude grandit. Dans l\u2019apr\u00e8s-midi, le mari, g\u00e9rant d\u2019une boulangerie pr\u00e8s de la porte d\u2019Aix, venait de d\u00e9poser plainte pour tentative d\u2019extorsion et menaces de mort. Serait-il la cible de repr\u00e9sailles ?<\/p>\n<p><a href=\"https:\/\/www.valeursactuelles.com\/clubvaleurs\/faits-divers\/marseille-sembrase-de-toutes-parts-hasard-ou-racket\" class=\"h-flex h-align-items-center h-border-tb h-ptb-15\" target=\"_blank\" rel=\"noopener\">A\u00a0LIRE\u00a0Marseille s\u2019embrase de toutes parts : hasard ou racket ?<\/a><\/p>\n<p>Le propri\u00e9taire du commerce dit \u00eatre en conflit avec un certain Abderrezak A., avec lequel il faisait affaire initialement. L\u2019individu lui demanderait la remise de 200 000 euros et aurait tent\u00e9 de s\u2019emparer des cl\u00e9s de la boulangerie, le 16 mai dernier. Selon une source polici\u00e8re, une femme aurait ensuite pris le relai, charg\u00e9e de faire le lien avec la <a href=\"https:\/\/www.valeursactuelles.com\/tag\/dz-mafia\" target=\"_blank\" rel=\"noopener\">DZ Mafia<\/a>, le c\u00e9l\u00e8bre groupe criminel, devenu un label pour les malfrats marseillais.<\/p>\n<p>Pas de trace des v\u00e9hicules signal\u00e9s<\/p>\n<p>Abderrezak A., connu des services de police pour trafic de cigarette, aurait expliqu\u00e9 \u00e0 sa victime qu\u2019un contrat \u00e9tait sur sa t\u00eate et qu\u2019il connaissait son adresse. L\u2019homme serait-il venu \u00e0 son domicile ? La femme du commer\u00e7ant aurait retrouv\u00e9 un tracker sur la voiture familiale. Un \u00e9quipage de la brigade anticriminalit\u00e9 a rejoint le secteur, sans pour autant retrouver les v\u00e9hicules signal\u00e9s : une Fiat 500X blanche, un scooter X-MAX et une Smart fonc\u00e9e).<\/p>\n<p>En attendant, la victime a refus\u00e9 de quitter son domicile. La BCOS a \u00e9t\u00e9 avis\u00e9e.<\/p>\n<p><a href=\"https:\/\/www.valeursactuelles.com\/clubvaleurs\/faits-divers\/narcotrafic-la-dz-mafia-deploie-ses-tentacules-au-dela-de-marseille\" class=\"h-flex h-align-items-center h-border-tb h-ptb-15\" target=\"_blank\" rel=\"noopener\">A\u00a0LIRE\u00a0Narcotrafic : la DZ Mafia d\u00e9ploie ses tentacules au-del\u00e0 de Marseille<\/a>                                                                    <\/p>\n","protected":false},"excerpt":{"rendered":"Faits divers Un commer\u00e7ant du centre-ville de Marseille a d\u00e9pos\u00e9 plainte pour tentative d\u2019extorsion et menaces de mort,&hellip;\n","protected":false},"author":2,"featured_media":114465,"comment_status":"","ping_status":"","sticky":false,"template":"","format":"standard","meta":{"footnotes":""},"categories":[2814],"tags":[1111,11,23466,14028,1777,674,23467,1011,27,884,12,882,25],"class_list":{"0":"post-114464","1":"post","2":"type-post","3":"status-publish","4":"format-standard","5":"has-post-thumbnail","7":"category-marseille","8":"tag-actu","9":"tag-actualites","10":"tag-commercant","11":"tag-dz-mafia","12":"tag-eu","13":"tag-europe","14":"tag-extorsion","15":"tag-fr","16":"tag-france","17":"tag-marseille","18":"tag-news","19":"tag-provence-alpes-cote-dazur","20":"tag-republique-francaise"},"share_on_mastodon":{"url":"https:\/\/pubeurope.com\/@fr\/114540518228583539","error":""},"_links":{"self":[{"href":"https:\/\/www.europesays.com\/fr\/wp-json\/wp\/v2\/posts\/114464","targetHints":{"allow":["GET"]}}],"collection":[{"href":"https:\/\/www.europesays.com\/fr\/wp-json\/wp\/v2\/posts"}],"about":[{"href":"https:\/\/www.europesays.com\/fr\/wp-json\/wp\/v2\/types\/post"}],"author":[{"embeddable":true,"href":"https:\/\/www.europesays.com\/fr\/wp-json\/wp\/v2\/users\/2"}],"replies":[{"embeddable":true,"href":"https:\/\/www.europesays.com\/fr\/wp-json\/wp\/v2\/comments?post=114464"}],"version-history":[{"count":0,"href":"https:\/\/www.europesays.com\/fr\/wp-json\/wp\/v2\/posts\/114464\/revisions"}],"wp:featuredmedia":[{"embeddable":true,"href":"https:\/\/www.europesays.com\/fr\/wp-json\/wp\/v2\/media\/114465"}],"wp:attachment":[{"href":"https:\/\/www.europesays.com\/fr\/wp-json\/wp\/v2\/media?parent=114464"}],"wp:term":[{"taxonomy":"category","embeddable":true,"href":"https:\/\/www.europesays.com\/fr\/wp-json\/wp\/v2\/categories?post=114464"},{"taxonomy":"post_tag","embeddable":true,"href":"https:\/\/www.europesays.com\/fr\/wp-json\/wp\/v2\/tags?post=114464"}],"curies":[{"name":"wp","href":"https:\/\/api.w.org\/{rel}","templated":true}]}}