{"id":114466,"date":"2025-05-20T13:59:10","date_gmt":"2025-05-20T13:59:10","guid":{"rendered":"https:\/\/www.europesays.com\/fr\/114466\/"},"modified":"2025-05-20T13:59:10","modified_gmt":"2025-05-20T13:59:10","slug":"une-voiture-fonce-sur-des-chauffeurs-de-taxis-deux-blesses","status":"publish","type":"post","link":"https:\/\/www.europesays.com\/fr\/114466\/","title":{"rendered":"une voiture fonce sur des chauffeurs de taxis, deux bless\u00e9s"},"content":{"rendered":"<p>Une voiture a fonc\u00e9 sur des pi\u00e9tons aujourd&rsquo;hui en marge de la manifestation des chauffeurs de taxis \u00e0 Marseille. Le bilan est de deux bless\u00e9s. Le conducteur a pris la fuite.<\/p>\n<p>Prise pour cible avec des \u0153ufs lanc\u00e9s par des chauffeurs de taxis mobilis\u00e9s contre la nouvelle tarification des transports sanitaires, une voiture a fonc\u00e9 sur des pi\u00e9tons \u00e0 Marseille. Le conducteur a pris la fuite. De sources polici\u00e8res, il y a eu deux bless\u00e9s. On ne connait pas la gravit\u00e9 de leurs blessures, mais leur pronostic vital n&rsquo;est pas engag\u00e9.<\/p>\n<p><a href=\"https:\/\/www.bfmtv.com\/police-justice\/a-marseille-une-voiture-fonce-sur-des-pietons-en-marge-de-la-manifestation-des-chauffeurs-de-taxis_VN-202505200500.html\" target=\"_blank\" rel=\"noopener\">Selon BFM Marseille<\/a>, les deux chauffeurs de taxis bless\u00e9s sont \u00e2g\u00e9s d&rsquo;une trentaine d&rsquo;ann\u00e9es. Ils souffrent de blessures l\u00e9g\u00e8res au bras et aux jambes. Le conducteur serait un chauffeur VTC.<\/p>\n<p>\u00a0<\/p><\/p>\n","protected":false},"excerpt":{"rendered":"Une voiture a fonc\u00e9 sur des pi\u00e9tons aujourd&rsquo;hui en marge de la manifestation des chauffeurs de taxis \u00e0&hellip;\n","protected":false},"author":2,"featured_media":114467,"comment_status":"","ping_status":"","sticky":false,"template":"","format":"standard","meta":{"footnotes":""},"categories":[2814],"tags":[1111,11,1777,674,1011,27,884,12,882,25,9548],"class_list":{"0":"post-114466","1":"post","2":"type-post","3":"status-publish","4":"format-standard","5":"has-post-thumbnail","7":"category-marseille","8":"tag-actu","9":"tag-actualites","10":"tag-eu","11":"tag-europe","12":"tag-fr","13":"tag-france","14":"tag-marseille","15":"tag-news","16":"tag-provence-alpes-cote-dazur","17":"tag-republique-francaise","18":"tag-taxis"},"share_on_mastodon":{"url":"https:\/\/pubeurope.com\/@fr\/114540522062864430","error":""},"_links":{"self":[{"href":"https:\/\/www.europesays.com\/fr\/wp-json\/wp\/v2\/posts\/114466","targetHints":{"allow":["GET"]}}],"collection":[{"href":"https:\/\/www.europesays.com\/fr\/wp-json\/wp\/v2\/posts"}],"about":[{"href":"https:\/\/www.europesays.com\/fr\/wp-json\/wp\/v2\/types\/post"}],"author":[{"embeddable":true,"href":"https:\/\/www.europesays.com\/fr\/wp-json\/wp\/v2\/users\/2"}],"replies":[{"embeddable":true,"href":"https:\/\/www.europesays.com\/fr\/wp-json\/wp\/v2\/comments?post=114466"}],"version-history":[{"count":0,"href":"https:\/\/www.europesays.com\/fr\/wp-json\/wp\/v2\/posts\/114466\/revisions"}],"wp:featuredmedia":[{"embeddable":true,"href":"https:\/\/www.europesays.com\/fr\/wp-json\/wp\/v2\/media\/114467"}],"wp:attachment":[{"href":"https:\/\/www.europesays.com\/fr\/wp-json\/wp\/v2\/media?parent=114466"}],"wp:term":[{"taxonomy":"category","embeddable":true,"href":"https:\/\/www.europesays.com\/fr\/wp-json\/wp\/v2\/categories?post=114466"},{"taxonomy":"post_tag","embeddable":true,"href":"https:\/\/www.europesays.com\/fr\/wp-json\/wp\/v2\/tags?post=114466"}],"curies":[{"name":"wp","href":"https:\/\/api.w.org\/{rel}","templated":true}]}}