{"id":1144667,"date":"2026-08-23T19:38:18","date_gmt":"2026-08-23T19:38:18","guid":{"rendered":"https:\/\/www.europesays.com\/fr\/1144667\/"},"modified":"2026-08-23T19:38:18","modified_gmt":"2026-08-23T19:38:18","slug":"isere-echirolles-un-appartement-detruit-par-un-incendie","status":"publish","type":"post","link":"https:\/\/www.europesays.com\/fr\/1144667\/","title":{"rendered":"Is\u00e8re. \u00c9chirolles\u00a0: un appartement d\u00e9truit par un incendie"},"content":{"rendered":"<p>Les sapeurs-pompiers sont intervenus ce dimanche peu avant 15 heures pour un incendie qui venait de se d\u00e9clarer dans un appartement situ\u00e9 avenue Danielle-Casanova \u00e0 \u00c9chirolles. Les secours ont \u00e9teint le sinistre au moyen d\u2019une lance, mais le logement a \u00e9t\u00e9 totalement d\u00e9truit. Une enqu\u00eate a \u00e9t\u00e9 ouverte par la police pour d\u00e9terminer les causes du sinistre.<\/p>\n","protected":false},"excerpt":{"rendered":"Les sapeurs-pompiers sont intervenus ce dimanche peu avant 15 heures pour un incendie qui venait de se d\u00e9clarer&hellip;\n","protected":false},"author":2,"featured_media":211707,"comment_status":"","ping_status":"","sticky":false,"template":"","format":"standard","meta":{"footnotes":"","_share_on_mastodon":"0"},"categories":[9566],"tags":[1111,11,2430,9852,9853,112,1777,674,274,1795,1011,27,2731,1310,108,12,25],"class_list":["post-1144667","post","type-post","status-publish","format-standard","has-post-thumbnail","category-grenoble","tag-actu","tag-actualites","tag-auvergne-rhone-alpes","tag-echirolles","tag-echirolles-bassin","tag-edition-grenoble-agglomeration","tag-eu","tag-europe","tag-faits-divers-justice","tag-fil-web","tag-fr","tag-france","tag-grenoble","tag-incendie","tag-isere","tag-news","tag-republique-francaise"],"share_on_mastodon":{"url":"https:\/\/pubeurope.com\/@fr\/117146518328719942","error":""},"_links":{"self":[{"href":"https:\/\/www.europesays.com\/fr\/wp-json\/wp\/v2\/posts\/1144667","targetHints":{"allow":["GET"]}}],"collection":[{"href":"https:\/\/www.europesays.com\/fr\/wp-json\/wp\/v2\/posts"}],"about":[{"href":"https:\/\/www.europesays.com\/fr\/wp-json\/wp\/v2\/types\/post"}],"author":[{"embeddable":true,"href":"https:\/\/www.europesays.com\/fr\/wp-json\/wp\/v2\/users\/2"}],"replies":[{"embeddable":true,"href":"https:\/\/www.europesays.com\/fr\/wp-json\/wp\/v2\/comments?post=1144667"}],"version-history":[{"count":0,"href":"https:\/\/www.europesays.com\/fr\/wp-json\/wp\/v2\/posts\/1144667\/revisions"}],"wp:featuredmedia":[{"embeddable":true,"href":"https:\/\/www.europesays.com\/fr\/wp-json\/wp\/v2\/media\/211707"}],"wp:attachment":[{"href":"https:\/\/www.europesays.com\/fr\/wp-json\/wp\/v2\/media?parent=1144667"}],"wp:term":[{"taxonomy":"category","embeddable":true,"href":"https:\/\/www.europesays.com\/fr\/wp-json\/wp\/v2\/categories?post=1144667"},{"taxonomy":"post_tag","embeddable":true,"href":"https:\/\/www.europesays.com\/fr\/wp-json\/wp\/v2\/tags?post=1144667"}],"curies":[{"name":"wp","href":"https:\/\/api.w.org\/{rel}","templated":true}]}}