{"id":114470,"date":"2025-05-20T14:04:08","date_gmt":"2025-05-20T14:04:08","guid":{"rendered":"https:\/\/www.europesays.com\/fr\/114470\/"},"modified":"2025-05-20T14:04:08","modified_gmt":"2025-05-20T14:04:08","slug":"une-enquete-ouverte-pour-tentative-de-meurtre-apres-la-violente-rixe-au-couteau-entre-bandes-rivales","status":"publish","type":"post","link":"https:\/\/www.europesays.com\/fr\/114470\/","title":{"rendered":"une enqu\u00eate ouverte pour \u00abtentative de meurtre\u00bb apr\u00e8s la violente rixe au couteau entre bandes rivales"},"content":{"rendered":"<p>Quatre personnes sont toujours en garde \u00e0 vue ce mardi apr\u00e8s-midi \u00e0 la suite de la violente rixe de la nuit derni\u00e8re dans le quartier de M\u00e9nival tandis que deux autres demeurent hospitalis\u00e9es.<\/p>\n<p class=\"fig-paragraph\">Les investigations se poursuivent d\u00e9sormais dans le cadre d\u2019une enqu\u00eate pour \u00abtentative de meurtre\u00bb. Quatre personnes sont toujours plac\u00e9es en garde \u00e0 vue ce mardi apr\u00e8s-midi \u00e0 la suite de la\u00a0<a href=\"http:\/\/www.lefigaro.fr\/faits-divers\/lyon-six-blesses-dont-trois-graves-dans-une-rixe-au-couteau-20250519\" data-fig-type=\"NewsFlash\" data-gtm-custom-categorie=\"navigation\" data-gtm-custom-action=\"crossclick\" data-gtm-custom-label=\"Contextuel\" data-gtm-event=\"customEventSPE\" data-fig-domain=\"LEFIGARO\" target=\"_blank\" rel=\"noopener\">violente rixe<\/a>\u00a0au couteau survenue lundi soir dans le 5e arrondissement de Lyon, a indiqu\u00e9 le procureur de la R\u00e9publique, Thierry Dran, au Figaro.<\/p>\n<p class=\"fig-paragraph\">Au moins six personnes, \u00e2g\u00e9es de 27 \u00e0 34 ans, ont \u00e9t\u00e9 bless\u00e9es lors de cette bagarre, qui a \u00e9clat\u00e9 peu apr\u00e8s 20 heures dans le quartier de\u00a0<a href=\"http:\/\/www.lefigaro.fr\/lyon\/lyon-les-habitants-appeles-a-se-prononcer-sur-le-trajet-du-futur-tramway-express-20230706\" data-fig-type=\"Article\" data-gtm-custom-categorie=\"navigation\" data-gtm-custom-action=\"crossclick\" data-gtm-custom-label=\"Contextuel\" data-gtm-event=\"customEventSPE\" data-fig-domain=\"LEFIGARO\" target=\"_blank\" rel=\"noopener\">M\u00e9nival<\/a>. Apr\u00e8s un accident entre deux voitures, leurs occupants respectifs sont sortis des v\u00e9hicules pour en d\u00e9coudre, selon la pr\u00e9fecture.<\/p>\n<p>Deux bandes rivales<\/p>\n<p class=\"fig-paragraph\">Une source proche de l\u2019enqu\u00eate pr\u00e9cise que l\u2019accident n\u2019est pas \u00e0 l\u2019origine du conflit, mais fait \u00ablui-m\u00eame partie de la rixe\u00bb. Les deux groupes de personnes, des bandes rivales \u00abse cherchaient\u00bb, pr\u00e9cise cette source \u00e0 l\u2019AFP. En plus des quatre personnes interpell\u00e9es, deux autres ont \u00e9t\u00e9 hospitalis\u00e9es \u00abdont une dans un \u00e9tat grave\u00bb \u00e0 l\u2019issue de l\u2019affrontement, a pr\u00e9cis\u00e9 le parquet au Figaro.<\/p>\n<p class=\"fig-body-link\">\n            \u00c0 lire aussi<br \/>\n        <a class=\"fig-body-link__link\" href=\"http:\/\/www.lefigaro.fr\/lyon\/restaurant-jardin-botanique-tiers-lieu-ecolo-la-ville-de-lyon-veut-changer-le-parc-de-la-tete-d-or-20250520\" data-fig-type=\"NewsFlash\" data-gtm-custom-categorie=\"navigation\" data-gtm-custom-action=\"crossclick\" data-gtm-custom-label=\"Contextuel\" data-gtm-event=\"customEventSPE\" data-fig-domain=\"LEFIGARO\" target=\"_blank\" rel=\"noopener\">Restaurant, jardin botanique, tiers-lieu \u00e9colo\u00a0: la ville de Lyon veut changer le parc de la T\u00eate d\u2019Or<br \/>\n    <\/a>\n<\/p>\n<p class=\"fig-paragraph\">Plusieurs \u00e9quipages de pompiers, du Samu et de la police avaient trouv\u00e9 les bless\u00e9s sur place. Ils avaient \u00e9t\u00e9 conduits dans diff\u00e9rents h\u00f4pitaux, sous escorte polici\u00e8re. L\u2019enqu\u00eate et les auditions des diff\u00e9rents protagonistes doivent permettre d\u2019\u00e9claircir les circonstances des faits et les motivations des auteurs.<\/p>\n","protected":false},"excerpt":{"rendered":"Quatre personnes sont toujours en garde \u00e0 vue ce mardi apr\u00e8s-midi \u00e0 la suite de la violente rixe&hellip;\n","protected":false},"author":2,"featured_media":114471,"comment_status":"","ping_status":"","sticky":false,"template":"","format":"standard","meta":{"footnotes":""},"categories":[1889],"tags":[1111,11,5273,2430,5299,5272,5312,5296,5285,7623,1777,674,5293,1011,27,5303,5311,5301,5279,5275,5313,5276,5300,5302,5280,5298,5281,5306,5305,5308,5309,5284,5294,5297,5269,5271,5268,5270,5267,2428,5295,5307,5277,5304,5283,12,978,5274,25,2431,5510,5314,5288,5292,5289,5291,5290,5315,5282,5286,5310,5287,5278],"class_list":{"0":"post-114470","1":"post","2":"type-post","3":"status-publish","4":"format-standard","5":"has-post-thumbnail","7":"category-lyon","8":"tag-actu","9":"tag-actualites","10":"tag-ainay","11":"tag-auvergne-rhone-alpes","12":"tag-bellecombe","13":"tag-bellecour","14":"tag-champvert-nord","15":"tag-champvert-sud","16":"tag-clos-jouve","17":"tag-coup-de-couteau","18":"tag-eu","19":"tag-europe","20":"tag-fourviere","21":"tag-fr","22":"tag-france","23":"tag-gerland","24":"tag-gorge-de-loup","25":"tag-jean-mace","26":"tag-la-buire","27":"tag-la-confluence","28":"tag-la-duchere","29":"tag-la-guillotiere-nord-prefecture","30":"tag-la-guillotiere-sud","31":"tag-la-mouche","32":"tag-la-part-dieu","33":"tag-la-tete-dor","34":"tag-la-villette","35":"tag-laennec","36":"tag-le-bachut","37":"tag-le-grand-trou","38":"tag-le-moulin-a-vent","39":"tag-le-plateau-de-la-croix-rousse","40":"tag-le-point-du-jour","41":"tag-les-brotteaux","42":"tag-les-chartreux","43":"tag-les-cordeliers","44":"tag-les-pentes-de-la-croix-rousse","45":"tag-les-terreaux","46":"tag-les-traboules","47":"tag-lyon","48":"tag-menival","49":"tag-mermoz","50":"tag-moncey","51":"tag-monplaisir","52":"tag-montchat","53":"tag-news","54":"tag-olympique-lyonnais","55":"tag-perrache","56":"tag-republique-francaise","57":"tag-rhone-alpes","58":"tag-rixe","59":"tag-rochecardon-industrie","60":"tag-saint-georges","61":"tag-saint-irenee","62":"tag-saint-jean","63":"tag-saint-just","64":"tag-saint-paul","65":"tag-saint-rambert-lile-barbe","66":"tag-sans-souci-dauphine","67":"tag-serin-saint-charles","68":"tag-vaise","69":"tag-vieux-lyon","70":"tag-voltaire"},"share_on_mastodon":{"url":"","error":"Validation failed: Text character limit of 500 exceeded"},"_links":{"self":[{"href":"https:\/\/www.europesays.com\/fr\/wp-json\/wp\/v2\/posts\/114470","targetHints":{"allow":["GET"]}}],"collection":[{"href":"https:\/\/www.europesays.com\/fr\/wp-json\/wp\/v2\/posts"}],"about":[{"href":"https:\/\/www.europesays.com\/fr\/wp-json\/wp\/v2\/types\/post"}],"author":[{"embeddable":true,"href":"https:\/\/www.europesays.com\/fr\/wp-json\/wp\/v2\/users\/2"}],"replies":[{"embeddable":true,"href":"https:\/\/www.europesays.com\/fr\/wp-json\/wp\/v2\/comments?post=114470"}],"version-history":[{"count":0,"href":"https:\/\/www.europesays.com\/fr\/wp-json\/wp\/v2\/posts\/114470\/revisions"}],"wp:featuredmedia":[{"embeddable":true,"href":"https:\/\/www.europesays.com\/fr\/wp-json\/wp\/v2\/media\/114471"}],"wp:attachment":[{"href":"https:\/\/www.europesays.com\/fr\/wp-json\/wp\/v2\/media?parent=114470"}],"wp:term":[{"taxonomy":"category","embeddable":true,"href":"https:\/\/www.europesays.com\/fr\/wp-json\/wp\/v2\/categories?post=114470"},{"taxonomy":"post_tag","embeddable":true,"href":"https:\/\/www.europesays.com\/fr\/wp-json\/wp\/v2\/tags?post=114470"}],"curies":[{"name":"wp","href":"https:\/\/api.w.org\/{rel}","templated":true}]}}