{"id":114478,"date":"2025-05-20T14:08:09","date_gmt":"2025-05-20T14:08:09","guid":{"rendered":"https:\/\/www.europesays.com\/fr\/114478\/"},"modified":"2025-05-20T14:08:09","modified_gmt":"2025-05-20T14:08:09","slug":"municipales-a-paris-la-candidate-marion-waller-denonce-le-comportement-sexiste-dun-cadre-du-ps-local","status":"publish","type":"post","link":"https:\/\/www.europesays.com\/fr\/114478\/","title":{"rendered":"Municipales \u00e0 Paris\u00a0: la candidate Marion Waller d\u00e9nonce le \u00ab\u00a0comportement sexiste\u00a0\u00bb d\u2019un cadre du PS local"},"content":{"rendered":"<p class=\"paragraph text_align_left\">\u00ab Je ne laisserai passer aucun comportement sexiste dans cette campagne. \u00bb <a href=\"https:\/\/www.leparisien.fr\/elections\/municipales\/municipales-2026-marion-waller-lancienne-protegee-danne-hidalgo-se-lance-dans-la-primaire-socialiste-14-03-2025-T6ASCAMARNDVBJP7NDOPFARFAM.php\" target=\"_blank\" rel=\"noreferrer nofollow noopener\">Marion Waller, candidate surprise \u00e0 la primaire socialiste<\/a> pour les <a href=\"\" rel=\"\">municipales de 2026 \u00e0 Paris<\/a>, a pris publiquement position contre le sexisme au sein de son propre camp.<\/p>\n<p class=\"paragraph text_align_left\">Dans une d\u00e9claration diffus\u00e9e sur les r\u00e9seaux sociaux ce lundi 19 mai, l\u2019urbaniste de 32 ans, actuelle directrice du Pavillon de l\u2019Arsenal et ancienne conseill\u00e8re d\u2019Anne Hidalgo, r\u00e9v\u00e8le avoir signal\u00e9 \u00e0 la F\u00e9d\u00e9ration de Paris et \u00e0 la Commission nationale du Parti socialiste le comportement et les propos \u00ab inacceptables \u00bb sexistes d\u2019un secr\u00e9taire de section parisien.<\/p>\n<blockquote class=\"twitter-tweet\">\n<p lang=\"fr\" dir=\"ltr\">Je ne laisserai passer aucun comportement sexiste dans cette campagne. J&rsquo;ai effectu\u00e9 un signalement aupr\u00e8s du Parti Socialiste suite au comportement inacceptable d&rsquo;un secr\u00e9taire de section du PS Paris. Notre parti doit \u00eatre exemplaire. <a href=\"https:\/\/t.co\/ilOA0wOlGC\" rel=\"nofollow\">pic.twitter.com\/ilOA0wOlGC<\/a><\/p>\n<p>\u2014 Marion Waller (@MarionWaller) <a href=\"https:\/\/twitter.com\/MarionWaller\/status\/1924527957218861517?ref_src=twsrc%5Etfw\" rel=\"nofollow noopener\" target=\"_blank\">May 19, 2025<\/a><\/p><\/blockquote>\n<p class=\"paragraph text_align_left\">D\u00e8s l\u2019annonce de sa candidature, Marion Waller a commenc\u00e9 \u00e0 rencontrer au compte-gouttes tous les secr\u00e9taires de sections du Parti socialiste. C\u2019est dans ce contexte qu\u2019elle explique avoir rencontr\u00e9 l\u2019un d\u2019eux pour la premi\u00e8re lors d\u2019un d\u00e9jeuner. Un entretien auquel a coup\u00e9 court l\u2019\u00e9lue au vu de la tournure qu\u2019il prenait.<\/p>\n<p class=\"paragraph text_align_left\">La directrice d\u00e9nonce des attaques verbales \u00e0 l\u2019encontre des f\u00e9ministes du parti, doubl\u00e9es d\u2019une attitude physique agressive, alors qu\u2019elle venait de r\u00e9affirmer \u00e0 son interlocuteur que l\u2019un de ses combats fondamentaux \u00e9tait de se battre pour l\u2019\u00e9galit\u00e9 salariale entre les hommes et les femmes.<\/p>\n<p class=\"paragraph text_align_left\">En r\u00e9ponse \u00e0 cette position claire, le secr\u00e9taire de section aurait tenu les paroles \u00ab violentes \u00bb suivante : \u00ab Vous les f\u00e9ministes du Parti socialiste vous n\u2019avez rien compris, vous \u00eates stupides ; c\u2019est compl\u00e8tement con, d\u00e9bile ; tu te trompes \u00bb, liste la candidate PS dans son communiqu\u00e9.<\/p>\n<p>Le f\u00e9minisme \u00ab doit \u00eatre port\u00e9 par tous \u00bb<\/p>\n<p class=\"paragraph text_align_left\">\u00ab J\u2019\u00e9tais absolument sid\u00e9r\u00e9e, je ne savais m\u00eame pas que c\u2019\u00e9tait encore possible de tenir des propos pareils \u00bb, s\u2019offusque Marion Waller qui raconte avoir quitt\u00e9 le rendez-vous. \u00ab C\u2019\u00e9tait la seule solution \u00bb, ajoute-t-elle. Elle exige d\u00e9sormais du PS qu\u2019il prenne des mesures concr\u00e8tes et ad\u00e9quates pour \u00e9viter que la situation se reproduise. \u00ab Il est inadmissible qu\u2019une personne en responsabilit\u00e9 au sein du parti tienne de tels propos \u00bb, \u00e9crit-elle, appelant \u00e0 l\u2019exemplarit\u00e9 et \u00e0 l\u2019avant-garde dans la lutte contre le sexisme, le racisme et l\u2019homophobie.<\/p>\n<p class=\"paragraph text_align_left\">Cette prise de parole intervient en pleine campagne interne, alors que la trentenaire s\u2019est impos\u00e9e comme la benjamine et l\u2019outsider de la primaire socialiste, face \u00e0 deux poids lourds h\u00e9ritiers politiques d\u2019Anne Hidalgo : <a href=\"https:\/\/www.leparisien.fr\/elections\/municipales\/municipales-a-paris-prime-climat-fiscalite-renforcee-les-projets-de-remi-feraud-pour-le-logement-02-04-2025-EESSQBQ4CZDPPLTREXNF4CI2DY.php\" target=\"_blank\" rel=\"noreferrer nofollow noopener\">R\u00e9mi F\u00e9raud<\/a>, son dauphin, et <a href=\"https:\/\/www.leparisien.fr\/politique\/emmanuel-gregoire\/\" target=\"_blank\" rel=\"noreferrer nofollow noopener\">Emmanuel Gr\u00e9goire<\/a>, l\u2019ancien premier adjoint de la maire.<\/p>\n<p class=\"paragraph text_align_left\">Marion Waller, qui revendique son engagement f\u00e9ministe et \u00e9cologiste, veut avec son projet \u00ab Partager Paris \u00bb \u00e0 rendre la capitale plus inclusive et solidaire et lutter notamment contre la gentrification et pour une meilleure repr\u00e9sentativit\u00e9 des minorit\u00e9s.<\/p>\n<p class=\"paragraph text_align_left\">La candidate surprise des municipales rappelle finalement dans sa lettre ouverte que \u00ab ce type de situation n\u2019est en aucun cas normal \u00bb et que le f\u00e9minisme \u00ab est au c\u0153ur des combats de notre parti et doit \u00eatre port\u00e9 par tous les adh\u00e9rents \u00bb.<\/p>\n<p class=\"paragraph text_align_left\">\u00ab J\u2019ai tenu \u00e0 rendre cet \u00e9pisode public, non seulement pour encourager la prise de parole, mais aussi car cet homme est une personne en responsabilit\u00e9. Son r\u00f4le c\u2019est d\u2019accueillir les militants dans le parti et c\u2018est tr\u00e8s inqui\u00e9tant de se dire qu\u2019il pourrait avoir tenu des propos pareils aupr\u00e8s d\u2019eux \u00bb, justifie la politique qui n\u2019en dira pas plus sur l\u2019identit\u00e9 de l\u2019\u00e9lu en question.<\/p>\n<p><script async src=\"https:\/\/platform.twitter.com\/widgets.js\" charset=\"utf-8\"><\/script><\/p>\n","protected":false},"excerpt":{"rendered":"\u00ab Je ne laisserai passer aucun comportement sexiste dans cette campagne. \u00bb Marion Waller, candidate surprise \u00e0 la&hellip;\n","protected":false},"author":2,"featured_media":114479,"comment_status":"","ping_status":"","sticky":false,"template":"","format":"standard","meta":{"footnotes":""},"categories":[1888],"tags":[1111,1928,11,1927,1777,674,1011,27,1944,12,1926,626,1925,316,25],"class_list":{"0":"post-114478","1":"post","2":"type-post","3":"status-publish","4":"format-standard","5":"has-post-thumbnail","7":"category-paris","8":"tag-actu","9":"tag-actu-paris","10":"tag-actualites","11":"tag-actualites-paris","12":"tag-eu","13":"tag-europe","14":"tag-fr","15":"tag-france","16":"tag-ma-ville","17":"tag-news","18":"tag-news-paris","19":"tag-paris","20":"tag-paris-news","21":"tag-politique","22":"tag-republique-francaise"},"share_on_mastodon":{"url":"https:\/\/pubeurope.com\/@fr\/114540557459547084","error":""},"_links":{"self":[{"href":"https:\/\/www.europesays.com\/fr\/wp-json\/wp\/v2\/posts\/114478","targetHints":{"allow":["GET"]}}],"collection":[{"href":"https:\/\/www.europesays.com\/fr\/wp-json\/wp\/v2\/posts"}],"about":[{"href":"https:\/\/www.europesays.com\/fr\/wp-json\/wp\/v2\/types\/post"}],"author":[{"embeddable":true,"href":"https:\/\/www.europesays.com\/fr\/wp-json\/wp\/v2\/users\/2"}],"replies":[{"embeddable":true,"href":"https:\/\/www.europesays.com\/fr\/wp-json\/wp\/v2\/comments?post=114478"}],"version-history":[{"count":0,"href":"https:\/\/www.europesays.com\/fr\/wp-json\/wp\/v2\/posts\/114478\/revisions"}],"wp:featuredmedia":[{"embeddable":true,"href":"https:\/\/www.europesays.com\/fr\/wp-json\/wp\/v2\/media\/114479"}],"wp:attachment":[{"href":"https:\/\/www.europesays.com\/fr\/wp-json\/wp\/v2\/media?parent=114478"}],"wp:term":[{"taxonomy":"category","embeddable":true,"href":"https:\/\/www.europesays.com\/fr\/wp-json\/wp\/v2\/categories?post=114478"},{"taxonomy":"post_tag","embeddable":true,"href":"https:\/\/www.europesays.com\/fr\/wp-json\/wp\/v2\/tags?post=114478"}],"curies":[{"name":"wp","href":"https:\/\/api.w.org\/{rel}","templated":true}]}}