{"id":1144827,"date":"2026-08-23T21:27:21","date_gmt":"2026-08-23T21:27:21","guid":{"rendered":"https:\/\/www.europesays.com\/fr\/1144827\/"},"modified":"2026-08-23T21:27:21","modified_gmt":"2026-08-23T21:27:21","slug":"decouvrez-cet-hotel-particulier-de-700-m%c2%b2-avec-piscine-et-jardin-dans-une-des-villes-les-plus-cheres-des-hauts-de-seine","status":"publish","type":"post","link":"https:\/\/www.europesays.com\/fr\/1144827\/","title":{"rendered":"D\u00e9couvrez cet h\u00f4tel particulier de 700 m\u00b2 avec piscine et jardin dans une des villes les plus ch\u00e8res des Hauts-de-Seine"},"content":{"rendered":"<p>                    Par<br \/>\n        <strong><br \/>\n            <a href=\"https:\/\/actu.fr\/auteur\/redaction-paris\" title=\"Consulter tous les articles de R\u00e9daction Paris\" rel=\"nofollow noopener\" target=\"_blank\">R\u00e9daction Paris<\/a><br \/>\n                    <\/strong><\/p>\n<p>        Publi\u00e9 le<\/p>\n<p>            23 ao\u00fbt 2026 \u00e0 11h44        <\/p>\n<p>Il faut avoir les moyens. En plein c\u0153ur de Neuilly-sur-Seine (Hauts-de-Seine), <a href=\"https:\/\/www.michaelzingraf.com\/fr\/vente\/MZIPARG250-a-vendre-hotel-particulier-jardin-piscine#caracteristiques\" rel=\"nofollow noopener\" target=\"_blank\">un <strong>h\u00f4tel particulier<\/strong><\/a> de pr\u00e8s de<strong> 740 m\u00b2<\/strong> est actuellement propos\u00e9 \u00e0 la vente pour <strong>17,5 millions d\u2019euros.<\/strong> Un bien hors normes, avec jardin, piscine, spa et plusieurs d\u00e9pendances. <br \/>Neuilly-sur-Seine est d\u00e9j\u00e0 connue pour ses prix <a href=\"https:\/\/actu.fr\/tag\/immobilier\" rel=\"nofollow noopener\" target=\"_blank\">immobiliers<\/a> parmi les plus \u00e9lev\u00e9s du d\u00e9partement. Selon les estimations publi\u00e9es en ao\u00fbt 2026, le prix m\u00e9dian atteint environ <a href=\"https:\/\/actu.fr\/tag\/immobilier\" rel=\"nofollow noopener\" target=\"_blank\">11 230 euros le m\u00b2 dans la commune<\/a>, qui arrive en t\u00eate des Hauts-de-Seine. Mais certains biens jouent encore dans une autre cat\u00e9gorie. C\u2019est le cas de cet h\u00f4tel particulier pr\u00e9sent\u00e9 par l\u2019agence <a href=\"https:\/\/www.michaelzingraf.com\/fr\/vente\/MZIPARG250-a-vendre-hotel-particulier-jardin-piscine\" rel=\"nofollow noopener\" target=\"_blank\">Micha\u00ebl Zingraf Real Estate<\/a>. Dans ce cas, le prix au m\u00b2 grimpe \u00e0 23 648 euros.\u00a0<\/p>\n<p>Un jardin de 500 m\u00b2 sans vis-\u00e0-vis<\/p>\n<p class=\" wall-content\">La demeure, construite sur trois niveaux, affiche 731 m\u00b2 habitables selon la description de l\u2019agence. Elle compte<strong> neuf pi\u00e8ces et cinq chambres<\/strong>. Au rez-de-chauss\u00e9e, les futurs propri\u00e9taires d\u00e9couvriront une entr\u00e9e, une double r\u00e9ception donnant directement sur un jardin arbor\u00e9 de 500 m\u00b2, sans vis-\u00e0-vis, mais aussi une salle \u00e0 manger, une cuisine d\u00eenatoire et un bureau.<\/p>\n<p class=\" wall-content\">\u00c0 l\u2019\u00e9tage, le bien dispose notamment d\u2019une grande suite avec terrasse et d\u2019une salle de sport. Le deuxi\u00e8me niveau accueille deux chambres, deux salles de bains, deux dressings ainsi qu\u2019une biblioth\u00e8que.<\/p>\n<p>Piscine, sauna et hammam au sous-sol<\/p>\n<p class=\" wall-content\">Le plus surprenant se trouve peut-\u00eatre au sous-sol. L\u2019h\u00f4tel particulier poss\u00e8de un spa avec une grande piscine, mais aussi un sauna et un hammam. Un garage, une cave vo\u00fbt\u00e9e et un studio ind\u00e9pendant compl\u00e8tent l\u2019ensemble. Une entr\u00e9e ind\u00e9pendante donne \u00e9galement acc\u00e8s \u00e0 un autre studio situ\u00e9 au premier \u00e9tage.<\/p>\n<p class=\" wall-content\">Au total, l\u2019annonce mentionne 243 m\u00b2 d\u2019annexes, terrasses et d\u00e9pendances, en plus de la surface habitable. La propri\u00e9t\u00e9 est d\u00e9crite comme calme, lumineuse et sans vis-\u00e0-vis. Pour s\u2019offrir cette propri\u00e9t\u00e9 au c\u0153ur de Neuilly-sur-Seine, il faut d\u00e9bourser 17,5 millions d\u2019euros, honoraires inclus et \u00e0 la charge du vendeur. L\u2019agence estime par ailleurs les d\u00e9penses annuelles d\u2019\u00e9nergie entre 12 250 et 16 630 euros.<\/p>\n<p class=\" wall-content\">Personnalisez votre actualit\u00e9 en ajoutant vos villes et m\u00e9dias en favori avec <a href=\"https:\/\/moncompte.actu.fr\" title=\"D\u00e9couvez Mon Actu\" rel=\"nofollow noopener\" data-trk=\"{&quot;cta&quot;:{&quot;action&quot;:&quot;https:\\\/\\\/moncompte.actu.fr&quot;,&quot;category&quot;:&quot;mon compte&quot;,&quot;from&quot;:&quot;article footer&quot;,&quot;name&quot;:&quot;Mon actu&quot;,&quot;type&quot;:&quot;cta&quot;}}\" target=\"_blank\">Mon Actu<\/a>.<\/p>\n","protected":false},"excerpt":{"rendered":"Par R\u00e9daction Paris Publi\u00e9 le 23 ao\u00fbt 2026 \u00e0 11h44 Il faut avoir les moyens. En plein c\u0153ur&hellip;\n","protected":false},"author":2,"featured_media":1144828,"comment_status":"","ping_status":"","sticky":false,"template":"","format":"standard","meta":{"footnotes":"","_share_on_mastodon":"0"},"categories":[1888],"tags":[11,1777,674,1011,27,1116,2425,12,626,25,104],"class_list":["post-1144827","post","type-post","status-publish","format-standard","has-post-thumbnail","category-paris","tag-actualites","tag-eu","tag-europe","tag-fr","tag-france","tag-immobilier","tag-luxe","tag-news","tag-paris","tag-republique-francaise","tag-societe"],"share_on_mastodon":{"url":"","error":""},"_links":{"self":[{"href":"https:\/\/www.europesays.com\/fr\/wp-json\/wp\/v2\/posts\/1144827","targetHints":{"allow":["GET"]}}],"collection":[{"href":"https:\/\/www.europesays.com\/fr\/wp-json\/wp\/v2\/posts"}],"about":[{"href":"https:\/\/www.europesays.com\/fr\/wp-json\/wp\/v2\/types\/post"}],"author":[{"embeddable":true,"href":"https:\/\/www.europesays.com\/fr\/wp-json\/wp\/v2\/users\/2"}],"replies":[{"embeddable":true,"href":"https:\/\/www.europesays.com\/fr\/wp-json\/wp\/v2\/comments?post=1144827"}],"version-history":[{"count":0,"href":"https:\/\/www.europesays.com\/fr\/wp-json\/wp\/v2\/posts\/1144827\/revisions"}],"wp:featuredmedia":[{"embeddable":true,"href":"https:\/\/www.europesays.com\/fr\/wp-json\/wp\/v2\/media\/1144828"}],"wp:attachment":[{"href":"https:\/\/www.europesays.com\/fr\/wp-json\/wp\/v2\/media?parent=1144827"}],"wp:term":[{"taxonomy":"category","embeddable":true,"href":"https:\/\/www.europesays.com\/fr\/wp-json\/wp\/v2\/categories?post=1144827"},{"taxonomy":"post_tag","embeddable":true,"href":"https:\/\/www.europesays.com\/fr\/wp-json\/wp\/v2\/tags?post=1144827"}],"curies":[{"name":"wp","href":"https:\/\/api.w.org\/{rel}","templated":true}]}}