{"id":114493,"date":"2025-05-20T14:16:12","date_gmt":"2025-05-20T14:16:12","guid":{"rendered":"https:\/\/www.europesays.com\/fr\/114493\/"},"modified":"2025-05-20T14:16:12","modified_gmt":"2025-05-20T14:16:12","slug":"podcast-un-nouveau-depart-pour-les-relations-entre-lunion-europeenne-et-le-royaume-uni","status":"publish","type":"post","link":"https:\/\/www.europesays.com\/fr\/114493\/","title":{"rendered":"[Podcast] Un nouveau d\u00e9part pour les relations entre l&rsquo;Union europ\u00e9enne et le Royaume-Uni"},"content":{"rendered":"<p>\t[Podcast] Un nouveau d\u00e9part pour les relations entre l&rsquo;Union europ\u00e9enne et le Royaume-Uni &#8211; Touteleurope.eu<\/p>\n<p>\t\t<img decoding=\"async\" alt=\"fermer\" class=\"close-info\" src=\"https:\/\/www.europesays.com\/fr\/wp-content\/uploads\/2025\/04\/close-picto-blue.svg.svg+xml\"\/><\/p>\n<p>Touteleurope.eu est le site p\u00e9dagogique de r\u00e9f\u00e9rence sur les questions europ\u00e9ennes : <a href=\"https:\/\/www.touteleurope.eu\/qui-sommes-nous\/\" target=\"_blank\" rel=\"noopener\">Qui sommes-nous ?<\/a><\/p>\n<p><img decoding=\"async\" class=\"logo-pdf\" alt=\"Toute L'Europe \u2013 Comprendre l'Europe\" src=\"data:image\/svg+xml,%3Csvg%20xmlns=\" http:=\"\" data-lazy-src=\"https:\/\/www.europesays.com\/fr\/wp-content\/uploads\/2025\/04\/logo-ttl.svg.svg+xml\"\/><\/p>\n","protected":false},"excerpt":{"rendered":"[Podcast] Un nouveau d\u00e9part pour les relations entre l&rsquo;Union europ\u00e9enne et le Royaume-Uni &#8211; Touteleurope.eu Touteleurope.eu est le&hellip;\n","protected":false},"author":2,"featured_media":114494,"comment_status":"","ping_status":"","sticky":false,"template":"","format":"standard","meta":{"footnotes":""},"categories":[1586],"tags":[21744,11,1353,2442,554,8273,1777,674,1011,27,2443,2444,12,4838,25,473,656],"class_list":{"0":"post-114493","1":"post","2":"type-post","3":"status-publish","4":"format-standard","5":"has-post-thumbnail","7":"category-europe","8":"tag-accord-commercial-ue-royaume-uni","9":"tag-actualites","10":"tag-brexit","11":"tag-consequences-du-brexit","12":"tag-defense","13":"tag-erasmus","14":"tag-eu","15":"tag-europe","16":"tag-fr","17":"tag-france","18":"tag-libre-circulation","19":"tag-libre-circulation-des-personnes","20":"tag-news","21":"tag-peche","22":"tag-republique-francaise","23":"tag-royaume-uni","24":"tag-securite"},"share_on_mastodon":{"url":"https:\/\/pubeurope.com\/@fr\/114540588991847990","error":""},"_links":{"self":[{"href":"https:\/\/www.europesays.com\/fr\/wp-json\/wp\/v2\/posts\/114493","targetHints":{"allow":["GET"]}}],"collection":[{"href":"https:\/\/www.europesays.com\/fr\/wp-json\/wp\/v2\/posts"}],"about":[{"href":"https:\/\/www.europesays.com\/fr\/wp-json\/wp\/v2\/types\/post"}],"author":[{"embeddable":true,"href":"https:\/\/www.europesays.com\/fr\/wp-json\/wp\/v2\/users\/2"}],"replies":[{"embeddable":true,"href":"https:\/\/www.europesays.com\/fr\/wp-json\/wp\/v2\/comments?post=114493"}],"version-history":[{"count":0,"href":"https:\/\/www.europesays.com\/fr\/wp-json\/wp\/v2\/posts\/114493\/revisions"}],"wp:featuredmedia":[{"embeddable":true,"href":"https:\/\/www.europesays.com\/fr\/wp-json\/wp\/v2\/media\/114494"}],"wp:attachment":[{"href":"https:\/\/www.europesays.com\/fr\/wp-json\/wp\/v2\/media?parent=114493"}],"wp:term":[{"taxonomy":"category","embeddable":true,"href":"https:\/\/www.europesays.com\/fr\/wp-json\/wp\/v2\/categories?post=114493"},{"taxonomy":"post_tag","embeddable":true,"href":"https:\/\/www.europesays.com\/fr\/wp-json\/wp\/v2\/tags?post=114493"}],"curies":[{"name":"wp","href":"https:\/\/api.w.org\/{rel}","templated":true}]}}