{"id":114499,"date":"2025-05-20T14:20:10","date_gmt":"2025-05-20T14:20:10","guid":{"rendered":"https:\/\/www.europesays.com\/fr\/114499\/"},"modified":"2025-05-20T14:20:10","modified_gmt":"2025-05-20T14:20:10","slug":"france-un-athlete-disqualifie-pour-avoir-deploye-le-drapeau-russe-la-propagande-sen-mele","status":"publish","type":"post","link":"https:\/\/www.europesays.com\/fr\/114499\/","title":{"rendered":"France : un athl\u00e8te disqualifi\u00e9 pour avoir d\u00e9ploy\u00e9 le drapeau russe, la propagande s\u2019en m\u00eale"},"content":{"rendered":"<p><img decoding=\"async\" class=\"c-ad__placeholder__logo\" src=\"https:\/\/www.europesays.com\/fr\/wp-content\/uploads\/2025\/03\/logo-euronews-grey-6-180x22.svg.svg+xml\" width=\"180\" height=\"22\" alt=\"\" loading=\"lazy\"\/>PUBLICIT\u00c9<\/p>\n<p>Une course de six jours prestigieuse et une controverse dont tire parti la Russie qui a vu son \u00ab\u00a0soft power\u00a0\u00bb dans le sport affaibli depuis le d\u00e9but de l\u2019invasion \u00e0 grande \u00e9chelle de l\u2019Ukraine et une mobilisation des f\u00e9d\u00e9rations sportives contre la guerre.<\/p>\n<p>D\u00e9but mai, un athl\u00e8te russe Ivan Zaborski a remport\u00e9 l&rsquo;ultramarathon des \u00ab\u00a0Six jours de France\u00a0\u00bb, une \u00e9preuve p\u00e9destre de 144 heures cr\u00e9\u00e9e par G\u00e9rard Cain en 2006 \u00e0 Antibes et qui a lieu, depuis 2022, en Ard\u00e8che.\u00a0<\/p>\n<p>Comme le rapporte l\u2019agence d\u2019\u00c9tat russe TASS, Zaborski a parcouru 1 047,5 kilom\u00e8tres, \u00e9tablissant ainsi un nouveau record dans la course des six jours, le <a href=\"https:\/\/iau-ultramarathon.org\/iau-records.html\" target=\"_blank\" rel=\"noreferrer noopener\">pr\u00e9c\u00e9dent \u00e9tant de 1 045 kilom\u00e8tres<\/a>.<\/p>\n<p>Selon les m\u00e9dias russes, l\u2019athl\u00e8te de 38 ans court des ultramarathons depuis plus de dix ans et a particip\u00e9 \u00e0 des comp\u00e9titions en Russie, en Gr\u00e8ce, en Italie et en Hongrie.<\/p>\n<p><strong>\u00ab\u00a0Puni\u00a0\u00bb pour avoir franchi la ligne \u00ab\u00a0sous ses couleurs\u00a0\u00bb<\/strong><\/p>\n<p>Le ministre russe des Sports, Mikha\u00efl Degtiarev, ayant d\u00e9but\u00e9 sa carri\u00e8re politique au sain du parti nationaliste LDPR, a d\u00e9crit la performance de Zaborski comme \u00ab\u00a0un r\u00e9sultat important pour l&rsquo;athl\u00e9tisme russe\u00a0\u00bb.\u00a0<\/p>\n<p>\u00ab\u00a0Pendant les six jours, il a tenu la t\u00eate de la course sans laisser la moindre chance \u00e0 ses concurrents de combler l&rsquo;\u00e9cart. Les conditions de course n&rsquo;\u00e9taient pas faciles &#8211; diff\u00e9rences de temp\u00e9rature, (\u2026), sommeil limit\u00e9\u00a0\u00bb, a-t-il \u00e9crit sur sa cha\u00eene Telegram.<\/p>\n<p>\u00ab\u00a0Sa performance est un exemple de volont\u00e9, de discipline et d&rsquo;esprit sportif. Nous f\u00e9licitons Ivan et son \u00e9quipe pour leur brillante performance\u00a0\u00bb, a-t-il ajout\u00e9.<\/p>\n<p>Onze jours plus tard, le site web de\u00a0l\u2019\u00a0\u00bbInternational Association of Ultrarunners\u00a0\u00bb (IAU), une des organisation des ultramarathoniens, bas\u00e9e \u00e0 Monaco, a publi\u00e9 un <a href=\"https:\/\/iau-ultramarathon.org\/iau-statement-on-russian-and-belarus-athletes-2025.html\" target=\"_blank\" rel=\"noreferrer noopener\">communiqu\u00e9 intitul\u00e9 \u00ab\u00a0D\u00e9claration sur les athl\u00e8tes russes et bi\u00e9lorusses\u00a0\u00bb<\/a>.<\/p>\n<p>Le texte rappelle qu\u2019\u00a0\u00bbil n&rsquo;est pas interdit aux athl\u00e8tes de ces deux pays d&rsquo;y participer les \u00e9v\u00e9nements labellis\u00e9s par l&rsquo;IAU\u00a0\u00bb, soulignant que seuls les athl\u00e8tes russes et bi\u00e9lorusses \u00ab\u00a0reconnus comme neutres\u00a0\u00bb devraient \u00eatre autoris\u00e9s \u00e0 participer aux comp\u00e9titions. <\/p>\n<p>\u00ab\u00a0Enfin, toute performance d&rsquo;un athl\u00e8te russe ou bi\u00e9lorusse courant sous le drapeau national ne sera pas reconnue et ne sera pas incluse dans la liste des records de l&rsquo;IAU\u00a0\u00bb, stipule le communiqu\u00e9.<\/p>\n<p>Zaborski n&rsquo;a pas \u00e9t\u00e9 explicitement mentionn\u00e9 dans le texte.<\/p>\n<p>\u00ab\u00a0Macron n&rsquo;a sans doute pas pu le supporter\u00a0\u00bb<\/p>\n<p>En Russie, l&rsquo;affaire a eu un gros retentissement.<\/p>\n<p>Le coureur russe Ivan Zaborski est un \u00ab\u00a0v\u00e9ritable patriote\u00a0\u00bb et un \u00ab\u00a0homme intr\u00e9pide\u00a0\u00bb. C&rsquo;est ce qu&rsquo;a d\u00e9clar\u00e9, dans une interview \u00e0 TASS, l&rsquo;ancienne championne olympique de patinage de vitesse et d\u00e9put\u00e9e du parti poutinien \u00ab\u00a0Russie Unie\u00a0\u00bb, Svetlana Jourova, qui fait l&rsquo;objet de sanctions internationales pour avoir soutenu l&rsquo;agression russe et l&rsquo;annexion de la Crim\u00e9e.<\/p>\n<p>Cit\u00e9e par Komslomolska\u00efa Pravda, tablo\u00efd russe \u00e0 large audience,\u00a0Zaborski affirme qu&rsquo;il avait \u00ab\u00a0sp\u00e9cifiquement convenu\u00a0\u00bb avec les organisateurs de la course fran\u00e7aise que son arriv\u00e9e se ferait avec le drapeau russe, s&rsquo;il venait \u00e0 \u00e9tablir un nouveau record.<\/p>\n<p>L&rsquo;athl\u00e8te a qualifi\u00e9 d\u2019\u00a0\u00bb\u00e9trange\u00a0\u00bb la d\u00e9cision de l&rsquo;IAU. \u00ab\u00a0Il y a beaucoup de f\u00e9d\u00e9rations ici, on ne peut pas tout coordonner avec chacune d&rsquo;entre elles\u00a0\u00bb, a-t-il d\u00e9clar\u00e9.<\/p>\n<p>L&rsquo;interview se termine par cette remarque du tablo\u00efd : \u00ab\u00a0Macron n&rsquo;a sans doute pas pu le supporter. Il doit y avoir eu une directive de Paris\u00a0\u00bb.<\/p>\n<p>\u00ab\u00a0Malheureusement, je ne peux pas faire d&rsquo;autres commentaires, car il s&rsquo;agit de nouvelles tr\u00e8s r\u00e9centes. (&#8230;) Ma t\u00e2che est tr\u00e8s simple : courir et \u00e9tablir de nouveaux records, repr\u00e9senter notre pays sur la sc\u00e8ne mondiale au plus haut niveau. Et \u00e9tablir de nouveaux records\u00a0\u00bb, a r\u00e9pondu Zaborski.<\/p>\n<p>Dans un autre entretien, le coureur a d\u00e9clar\u00e9 qu&rsquo;il avait particip\u00e9 \u00e0 l&rsquo;\u00e9preuve sous l&rsquo;\u00e9gide de la Global Organisation of Multi-Day Ultramarathoners (GOMU), qui, <a href=\"https:\/\/www.gomu.org\/about\/mission-statement\" target=\"_blank\" rel=\"noreferrer noopener\">comme indiqu\u00e9 sur son site web<\/a>, \u00ab\u00a0reconna\u00eet les records des courses de plusieurs jours que l&rsquo;IAU ne reconna\u00eet pas\u00a0\u00bb.<\/p>\n<p>\u00ab\u00a0Aucune d\u00e9cision officielle n&rsquo;a encore \u00e9t\u00e9 prise quant \u00e0 la reconnaissance du record d&rsquo;Ivan Zaborski\u00a0\u00bb, a d\u00e9clar\u00e9 la GOMU, cit\u00e9e par TASS le mardi 20 mai.<\/p>\n<p>Les internautes russes ont abondamment comment\u00e9 l&rsquo;affaire. Sur X, on peut trouver des commentaires d\u00e9non\u00e7ant \u00ab\u00a0une partialit\u00e9 fantastique\u00a0\u00bb ou encore \u00ab\u00a0la faiblesse\u00a0\u00bb de l&rsquo;Occident qui \u00ab\u00a0craint m\u00eame nos athl\u00e8tes\u00a0\u00bb.<\/p>\n<p>Suite \u00e0 l&rsquo;agression russe, des milliers de sportifs et entra\u00eeneurs ukrainiens ont d\u00fb partir au front, ont fait savoir les instantes sportives de Kyiv. Plus de 500 ont \u00e9t\u00e9 tu\u00e9es, selon les donn\u00e9es du minist\u00e8re ukrainien des Affaires \u00e9trang\u00e8res.<\/p>\n<p>\u00ab\u00a0725 installations sportives ont \u00e9t\u00e9 endommag\u00e9es ou d\u00e9truites par les attaques russes, dont 17 bases d&rsquo;entra\u00eenement olympiques, paralympiques et \u00ab\u00a0Deaflympics\u00a0\u00bb, ont pr\u00e9cis\u00e9 les diplomates ukrainiens. <\/p>\n<p>\u00ab\u00a0Depuis des d\u00e9cennies, la Russie utilise le sport \u00e0 des fins de propagande. 10 des 15 athl\u00e8tes russes qui ont concouru sous un drapeau neutre aux Jeux olympiques de 2024 \u00e0 Paris ont soutenu publiquement la guerre ou \u00e9taient affili\u00e9s \u00e0 l&rsquo;arm\u00e9e\u00a0\u00bb, d\u00e9plore le communiqu\u00e9, soulignant que \u00ab\u00a0le sport russe n&rsquo;est pas s\u00e9par\u00e9 de l&rsquo;\u00c9tat \u2013 c&rsquo;est l&rsquo;un des outils utilis\u00e9s pour justifier et promouvoir l&rsquo;agression\u00a0\u00bb. <\/p>\n<p><strong>Irina Sheludkova a contribu\u00e9 \u00e0 cet article.<\/strong><\/p>\n","protected":false},"excerpt":{"rendered":"PUBLICIT\u00c9 Une course de six jours prestigieuse et une controverse dont tire parti la Russie qui a vu&hellip;\n","protected":false},"author":2,"featured_media":114500,"comment_status":"","ping_status":"","sticky":false,"template":"","format":"standard","meta":{"footnotes":""},"categories":[4],"tags":[11,827,1011,27,131,12,10512,25,132,7185,517],"class_list":{"0":"post-114499","1":"post","2":"type-post","3":"status-publish","4":"format-standard","5":"has-post-thumbnail","7":"category-france","8":"tag-actualites","9":"tag-competition","10":"tag-fr","11":"tag-france","12":"tag-guerre-en-ukraine","13":"tag-news","14":"tag-propagande","15":"tag-republique-francaise","16":"tag-russie","17":"tag-sanctions","18":"tag-sport"},"share_on_mastodon":{"url":"https:\/\/pubeurope.com\/@fr\/114540604451583143","error":""},"_links":{"self":[{"href":"https:\/\/www.europesays.com\/fr\/wp-json\/wp\/v2\/posts\/114499","targetHints":{"allow":["GET"]}}],"collection":[{"href":"https:\/\/www.europesays.com\/fr\/wp-json\/wp\/v2\/posts"}],"about":[{"href":"https:\/\/www.europesays.com\/fr\/wp-json\/wp\/v2\/types\/post"}],"author":[{"embeddable":true,"href":"https:\/\/www.europesays.com\/fr\/wp-json\/wp\/v2\/users\/2"}],"replies":[{"embeddable":true,"href":"https:\/\/www.europesays.com\/fr\/wp-json\/wp\/v2\/comments?post=114499"}],"version-history":[{"count":0,"href":"https:\/\/www.europesays.com\/fr\/wp-json\/wp\/v2\/posts\/114499\/revisions"}],"wp:featuredmedia":[{"embeddable":true,"href":"https:\/\/www.europesays.com\/fr\/wp-json\/wp\/v2\/media\/114500"}],"wp:attachment":[{"href":"https:\/\/www.europesays.com\/fr\/wp-json\/wp\/v2\/media?parent=114499"}],"wp:term":[{"taxonomy":"category","embeddable":true,"href":"https:\/\/www.europesays.com\/fr\/wp-json\/wp\/v2\/categories?post=114499"},{"taxonomy":"post_tag","embeddable":true,"href":"https:\/\/www.europesays.com\/fr\/wp-json\/wp\/v2\/tags?post=114499"}],"curies":[{"name":"wp","href":"https:\/\/api.w.org\/{rel}","templated":true}]}}