{"id":114505,"date":"2025-05-20T14:26:10","date_gmt":"2025-05-20T14:26:10","guid":{"rendered":"https:\/\/www.europesays.com\/fr\/114505\/"},"modified":"2025-05-20T14:26:10","modified_gmt":"2025-05-20T14:26:10","slug":"le-motogp-a-besoin-de-rompre-cette-hegemonie-ducati","status":"publish","type":"post","link":"https:\/\/www.europesays.com\/fr\/114505\/","title":{"rendered":"Le MotoGP a besoin de rompre cette h\u00e9g\u00e9monie Ducati"},"content":{"rendered":"<p>Massimo Meregalli, 54 ans, fait partie des anciens pilotes comptant aujourd&rsquo;hui parmi les responsables les plus influents en MotoGP. Un ancien pilote dont la carri\u00e8re s&rsquo;\u00e9tait \u00e9crite avec Yamaha dans les ann\u00e9es 1990, en WorldSBK puis dans la cat\u00e9gorie Supersport.<\/p>\n<p>Une fois qu&rsquo;il a raccroch\u00e9 son casque, l&rsquo;Italien est rest\u00e9 dans le giron. Il a pris la direction de l&rsquo;\u00e9quipe Superbike, o\u00f9 il a notamment v\u00e9cu le titre d\u00e9croch\u00e9 par Ben Spies, avant de rejoindre les Grands Prix. Arriv\u00e9 en 2011, il a \u00e9t\u00e9 le t\u00e9moin de certaines des plus belles ann\u00e9es de Yamaha \u00e0 l&rsquo;\u00e8re de <a href=\"https:\/\/fr.motorsport.com\/driver\/valentino-rossi\/76374\/\" target=\"_blank\" rel=\"noopener\">Valentino Rossi<\/a> et <a href=\"https:\/\/fr.motorsport.com\/driver\/jorge-lorenzo\/80193\/\" target=\"_blank\" rel=\"noopener\">Jorge Lorenzo<\/a>, et il \u00e9tait toujours en poste lorsque <a href=\"https:\/\/fr.motorsport.com\/driver\/fabio-quartararo\/109400\/\" target=\"_blank\" rel=\"noopener\">Fabio Quartararo<\/a> a \u00e9t\u00e9 sacr\u00e9 \u00e0 son tour en 2021.<\/p>\n<p>\u00c0 la t\u00eate de l&rsquo;\u00e9quipe officielle de Yamaha mais aussi \u00e0 la gestion sportive de la structure install\u00e9e \u00e0 Gerno di Lesmo, dans la banlieue de Monza, dont il est lui-m\u00eame natif, Meregalli chapeaute un groupe qui tente aujourd&rsquo;hui de se r\u00e9inventer. Il a accord\u00e9 une interview \u00e0 <strong>Motorsport.com<\/strong> au d\u00e9but du week-end du Mans, l&rsquo;occasion de partager son regard sur la situation actuelle.<\/p>\n<p><strong>Maio, quels ont \u00e9t\u00e9 le meilleur et le plus mauvais moments avec le duo Rossi-Lorenzo\u00a0?<\/strong><\/p>\n<p>Je dirais que le plus mauvais moment est venu apr\u00e8s Valentino et Jorge, lorsque les performances de notre moto ont commenc\u00e9 \u00e0 r\u00e9gresser. Il est impossible de trouver quelque chose de n\u00e9gatif dans cette p\u00e9riode-l\u00e0. Nous partions sur un Grand Prix en sachant qu&rsquo;avec l&rsquo;un ou l&rsquo;autre des pilotes, nous pouvions gagner la course. [&#8230;] La p\u00e9riode sombre est venue apr\u00e8s eux, quand les limites de notre moto ont commenc\u00e9 \u00e0 \u00eatre visibles et que les autres constructeurs ont commenc\u00e9 \u00e0 progresser alors que nous n&rsquo;avons pas pu progresser autant qu&rsquo;eux.<\/p>\n<p><strong>Quel a \u00e9t\u00e9 le plus gros progr\u00e8s pour Yamaha depuis l&rsquo;arriv\u00e9e des concessions\u00a0?<\/strong><\/p>\n<p>Les concessions permettent d&rsquo;acc\u00e9l\u00e9rer le d\u00e9veloppement de la moto. L&rsquo;ann\u00e9e derni\u00e8re, en plus des concessions, nous avons aussi essay\u00e9 de mener le d\u00e9veloppement pendant les week-ends de course. Mais l\u00e0, il y a quand m\u00eame la pression du week-end et, pour les pilotes, il est difficile d&rsquo;accepter de faire des tests pendant la course. Pour eux, le r\u00e9sultat est malgr\u00e9 tout la chose la plus importante.<\/p>\n<p><img decoding=\"async\" class=\"sizer\" draggable=\"false\" src=\"data:image\/png;base64,iVBORw0KGgoAAAANSUhEUgAAABAAAAAJCAYAAAA7KqwyAAAAGXRFWHRTb2Z0d2FyZQBBZG9iZSBJbWFnZVJlYWR5ccllPAAAABpJREFUeNpi\/P\/\/PwMlgImBQjBqwLAwACDAAOVfAw9\/ZDvcAAAAAElFTkSuQmCC\" alt=\"\" loading=\"lazy\"\/><\/p>\n<p class=\"title\">Mira: \u00ab\u00a0ES IMPOSIBLE ENCONTRAR ALGO NEGATIVO DE LA \u00c9POCA ROSSI-LORENZO\u00a0\u00bb | ENTREVISTA CON MASSIMO MEREGALLI<\/p>\n<p>Les concessions nous ont donn\u00e9 la possibilit\u00e9 de travailler calmement. C&rsquo;est clairement plus dur, parce qu&rsquo;avec un <a href=\"https:\/\/fr.motorsport.com\/motogp\/schedule\/2025\/?event_types%5B%5D=race\" target=\"_self\" rel=\"noopener\">calendrier<\/a> qui compte 20 ou 22 courses et la possibilit\u00e9 de mener des tests suppl\u00e9mentaires, c&rsquo;est dur pour tout le monde. Sur ce point, je voudrais remercier notre \u00e9quipe et tout le staff parce que je n&rsquo;ai jamais entendu la moindre personne se plaindre de ce que nous avons fait l&rsquo;ann\u00e9e derni\u00e8re et de ce que sera cette ann\u00e9e aussi. On peut travailler en pensant seulement au d\u00e9veloppement de la moto, sans penser au r\u00e9sultat. Le r\u00e9sultat des concessions se voit \u00e0 la fin de la saison.<\/p>\n<p><strong>En dehors de ce qu&rsquo;apportent les concessions, est-ce que la mani\u00e8re de travailler de Yamaha a chang\u00e9\u00a0?<\/strong><\/p>\n<p>Elle a clairement chang\u00e9. Nous avons une structure en Italie et une autre au Japon. Par le pass\u00e9, il se pouvait que les informations ne circulent que dans un sens, et depuis que nous avons commenc\u00e9 \u00e0 vraiment \u00e9changer les informations et \u00e0 d\u00e9velopper la moto en Europe, je pense que \u00e7a a vraiment \u00e9t\u00e9 un tournant.<\/p>\n<p>La confiance que les Japonais ont commenc\u00e9 \u00e0 avoir \u00e0 l&rsquo;\u00e9gard des Europ\u00e9ens a chang\u00e9. Ils ont compris que leur mani\u00e8re de travailler ne suffisait plus. Nous avons commenc\u00e9 \u00e0 collaborer avec des soci\u00e9t\u00e9s externes pour d\u00e9velopper le moteur et l&rsquo;a\u00e9rodynamique. Par le pass\u00e9, \u00e7a n&rsquo;arrivait pas. Je pense que c&rsquo;est vraiment un changement dans la fa\u00e7on de faire, une approche compl\u00e8tement diff\u00e9rente par rapport \u00e0 ce qui \u00e9tait, disons, conservateur. Ce qui avait fonctionn\u00e9 dans le pass\u00e9, \u00e0 un moment donn\u00e9, ne fonctionnait plus.<\/p>\n<p>   <img decoding=\"async\" draggable=\"false\" src=\"https:\/\/www.europesays.com\/fr\/wp-content\/uploads\/2025\/05\/1747751170_148_fabio-quartararo-yamaha-factor.jpg\" alt=\"Massimo Meregalli aux c\u00f4t\u00e9s de Fabio Quartararo.\" width=\"1200\" height=\"800\" loading=\"lazy\"\/> <\/p>\n<p class=\"title\">Massimo Meregalli aux c\u00f4t\u00e9s de Fabio Quartararo apr\u00e8s sa pole position au GP de France.<\/p>\n<p class=\"photographer\">Photo de: Gold and Goose Photography \/ LAT Images \/ via Getty Images<\/p>\n<p><strong>On a vu que la pr\u00e9-saison a \u00e9t\u00e9 bonne. Mais est-ce que l&rsquo;optimisme actuel qui r\u00e8gne dans l&rsquo;\u00e9quipe est justifi\u00e9\u00a0?<\/strong><\/p>\n<p>Oui. Apr\u00e8s deux ann\u00e9es extr\u00eamement compliqu\u00e9es, nous avons d\u00e9but\u00e9 cette saison avec le test de Sepang, o\u00f9 nous avons \u00e9t\u00e9 tr\u00e8s comp\u00e9titifs. Peut-\u00eatre que nous nous sommes construit des attentes tous seuls parce que nos performances ont \u00e9t\u00e9 tr\u00e8s bonnes \u00e0 ce moment-l\u00e0\u00a0:\u00a0nous avons am\u00e9lior\u00e9 d&rsquo;une seconde notre temps au tour. Nous savions malgr\u00e9 tout que \u00e7a n&rsquo;\u00e9tait pas le potentiel de la moto. Nous sommes ensuite all\u00e9s en Tha\u00eflande, o\u00f9 nous avons progress\u00e9 par rapport au pass\u00e9 mais pas de fa\u00e7on aussi exponentielle qu&rsquo;\u00e0 Sepang.<\/p>\n<p>Nous avons continu\u00e9 \u00e0 travailler et \u00e0 am\u00e9liorer la moto, il n&rsquo;y a pas une chose qui nous ait apport\u00e9 une demi-seconde [\u00e0 elle seule]. Dans les derniers Grands Prix, nous avons obtenu deux fois la premi\u00e8re ligne, nous avons am\u00e9lior\u00e9 d&rsquo;une seconde le meilleur tour au Qatar, Fabio a fait le record de la piste \u00e0 Jerez&#8230; Mais c&rsquo;est parce que nous avons d\u00e9sormais compris que la voie que nous avons prise est la bonne. Nous savons qu&rsquo;il reste encore de la marge pour d\u00e9velopper la moto, alors ces premiers r\u00e9sultats positifs ont quand m\u00eame amen\u00e9 de l&rsquo;optimisme.<\/p>\n<p><strong>Est-ce que le talent de pilotage de Fabio Quartararo est en partie le moteur de tout cela\u00a0?<\/strong><\/p>\n<p>Il est certain que le talent de Fabio est indiscutable. Il est certain aussi que la moto s&rsquo;est am\u00e9lior\u00e9e, et \u00e9galement que le fait d&rsquo;avoir quatre pilotes par week-end apporte une valeur que je ne pouvais pas imaginer. Pouvoir disposer du double de donn\u00e9es par rapport \u00e0 ces derni\u00e8res ann\u00e9es, c&rsquo;est un avantage. Le fait qu&rsquo;il y ait un pilote qui peut faire un virage mieux que toi\u2026 Les pilotes regardent les donn\u00e9es, et au run suivant ou \u00e0 la s\u00e9ance suivante, ils ont am\u00e9lior\u00e9 le virage en question\u00a0!\u00a0Donc tout cela apporte une am\u00e9lioration g\u00e9n\u00e9rale aux r\u00e9sultats que nous obtenons actuellement.<\/p>\n<p>Lire aussi :<\/p>\n<p><strong>En dehors de Yamaha, \u00e0 quel point le MotoGP a-t-il besoin d&rsquo;un pilote comme Fabio Quartararo\u00a0?<\/strong><\/p>\n<p>Je pense que le championnat a besoin de tous. Actuellement, il a certainement besoin de rompre cette h\u00e9g\u00e9monie Ducati. Donc le fait qu&rsquo;il y ait un pilote [comp\u00e9titif] avec une moto diff\u00e9rente, cela fait beaucoup de bien au championnat. Nous avons obtenu un podium \u00e0 Jerez, mais notre objectif a toujours \u00e9t\u00e9 de r\u00e9ussir \u00e0 d\u00e9crocher un podium le dimanche dans la seconde partie du championnat, et l&rsquo;autre objectif \u00e9tait d&rsquo;\u00eatre le deuxi\u00e8me constructeur derri\u00e8re Ducati. Nous allons travailler pour atteindre les objectifs que nous nous sommes fix\u00e9s.<\/p>\n<p><strong>\u00c1lex Rins est un peu en difficult\u00e9 en termes de r\u00e9sultats, mais qu&rsquo;apporte-t-il \u00e0 Yamaha\u00a0?<\/strong><\/p>\n<p>Tous les pilotes ont une mani\u00e8re de piloter diff\u00e9rente, une approche diff\u00e9rente du week-end. \u00c1lex, tout le monde sait \u00e0 quel point il est rapide. Il a eu des difficult\u00e9s, y compris physiques. Le lundi \u00e0 Jerez, \u00c1lex a \u00e9t\u00e9 tr\u00e8s rapide et il a aussi eu la possibilit\u00e9 de travailler tranquillement. Ils ont vraiment bien travaill\u00e9 et j&rsquo;esp\u00e8re v\u00e9ritablement que \u00e7a aura \u00e9t\u00e9 le tournant de sa saison. Il est reparti de Jerez content et \u00e7a faisait longtemps que je ne voyais pas \u00c1lex comme \u00e7a, alors je suis confiant.<\/p>\n<p>   <img decoding=\"async\" draggable=\"false\" src=\"https:\/\/www.europesays.com\/fr\/wp-content\/uploads\/2025\/05\/massimo-meregalli-yamaha-facto-1.jpg\" alt=\"Cela fait 14 ans que Massimo Meregalli dirige l'\u00e9quipe Yamaha en MotoGP.\" width=\"1200\" height=\"800\" loading=\"lazy\"\/> <\/p>\n<p class=\"title\">Cela fait 14 ans que Massimo Meregalli dirige l&rsquo;\u00e9quipe Yamaha en MotoGP.<\/p>\n<p class=\"photographer\">Photo de: Gold and Goose Photography \/ LAT Images \/ via Getty Images<\/p>\n<p><strong>En 14 ans, vous avez travaill\u00e9 avec beaucoup de techniciens. Que souligneriez-vous de la m\u00e9thode de travail de Max Bartolini\u00a0?\u00a0Qu&rsquo;apporte-t-il\u00a0?<\/strong><\/p>\n<p>Je dirais qu&rsquo;il nous faudrait cinq Bartolini dans l&rsquo;\u00e9quipe\u00a0!\u00a0[rires] Pour moi, il apporte une approche compl\u00e8tement diff\u00e9rente. La vitesse \u00e0 laquelle il comprend, analyse\u2026 Il a vraiment une compr\u00e9hension \u00e0 360\u00b0 de la moto. Il assur\u00e9ment apport\u00e9 un plus, je dirais m\u00eame un plus \u00e9norme. Il motive, il fait en sorte que tout le monde participe plus au d\u00e9veloppement de la moto, il change aussi un peu l&rsquo;organisation. Max a certainement \u00e9t\u00e9 un step, un investissement important fait par Yamaha.<\/p>\n<p><strong>Est-ce que votre exp\u00e9rience vous pousse \u00e0 dire que le MotoGP est devenu un sport plus technique qu&rsquo;humain\u00a0?<\/strong><\/p>\n<p>Je pense qu&rsquo;en moto, le pilote compte encore plus qu&rsquo;en auto.<\/p>\n<p><strong>Yamaha peut-elle renouer avec la victoire cette ann\u00e9e\u00a0?<\/strong><\/p>\n<p>\u00c9tant donn\u00e9 que notre objectif \u00e9tait d&rsquo;obtenir un podium dans la seconde partie du championnat et que nous avons r\u00e9ussi \u00e0 le faire avant&#8230; M\u00eame si c&rsquo;est un peu optimiste, j&rsquo;esp\u00e8re du coup que nous pourrons r\u00e9ussir \u00e0 en d\u00e9crocher une d&rsquo;ici \u00e0 la fin de l&rsquo;ann\u00e9e\u00a0!<\/p>\n<p>Lire aussi :<\/p>\n<p>Dans cet article<\/p>\n<p>    Germ\u00e1n Garcia Casanova\n<\/p>\n<p>    MotoGP\n<\/p>\n<p>    Fabio Quartararo\n<\/p>\n<p>    \u00c1lex Rins\n<\/p>\n<p>    Toprak Razgatlioglu\n<\/p>\n<p>    Yamaha Factory Racing\n<\/p>\n<p>Soyez le premier inform\u00e9 et souscrivez aux alertes mails pour recevoir les infos en temps r\u00e9el<\/p>\n<p>    S&rsquo;abonner aux alertes de news<\/p>\n","protected":false},"excerpt":{"rendered":"Massimo Meregalli, 54 ans, fait partie des anciens pilotes comptant aujourd&rsquo;hui parmi les responsables les plus influents en&hellip;\n","protected":false},"author":2,"featured_media":114506,"comment_status":"","ping_status":"","sticky":false,"template":"","format":"standard","meta":{"footnotes":""},"categories":[1413],"tags":[1680,1011,27,1457,1456,1458,60,8341,10648,3796],"class_list":{"0":"post-114505","1":"post","2":"type-post","3":"status-publish","4":"format-standard","5":"has-post-thumbnail","7":"category-moto","8":"tag-fabio-quartararo","9":"tag-fr","10":"tag-france","11":"tag-moto","12":"tag-motocycle","13":"tag-motogp","14":"tag-sports","15":"tag-toprak-razgatlioglu","16":"tag-u00c1lex-rins","17":"tag-yamaha-factory-racing"},"share_on_mastodon":{"url":"https:\/\/pubeurope.com\/@fr\/114540628098102426","error":""},"_links":{"self":[{"href":"https:\/\/www.europesays.com\/fr\/wp-json\/wp\/v2\/posts\/114505","targetHints":{"allow":["GET"]}}],"collection":[{"href":"https:\/\/www.europesays.com\/fr\/wp-json\/wp\/v2\/posts"}],"about":[{"href":"https:\/\/www.europesays.com\/fr\/wp-json\/wp\/v2\/types\/post"}],"author":[{"embeddable":true,"href":"https:\/\/www.europesays.com\/fr\/wp-json\/wp\/v2\/users\/2"}],"replies":[{"embeddable":true,"href":"https:\/\/www.europesays.com\/fr\/wp-json\/wp\/v2\/comments?post=114505"}],"version-history":[{"count":0,"href":"https:\/\/www.europesays.com\/fr\/wp-json\/wp\/v2\/posts\/114505\/revisions"}],"wp:featuredmedia":[{"embeddable":true,"href":"https:\/\/www.europesays.com\/fr\/wp-json\/wp\/v2\/media\/114506"}],"wp:attachment":[{"href":"https:\/\/www.europesays.com\/fr\/wp-json\/wp\/v2\/media?parent=114505"}],"wp:term":[{"taxonomy":"category","embeddable":true,"href":"https:\/\/www.europesays.com\/fr\/wp-json\/wp\/v2\/categories?post=114505"},{"taxonomy":"post_tag","embeddable":true,"href":"https:\/\/www.europesays.com\/fr\/wp-json\/wp\/v2\/tags?post=114505"}],"curies":[{"name":"wp","href":"https:\/\/api.w.org\/{rel}","templated":true}]}}