{"id":114507,"date":"2025-05-20T14:27:10","date_gmt":"2025-05-20T14:27:10","guid":{"rendered":"https:\/\/www.europesays.com\/fr\/114507\/"},"modified":"2025-05-20T14:27:10","modified_gmt":"2025-05-20T14:27:10","slug":"police-lance-une-collection-capsule-avec-lecurie-mercedes-f1","status":"publish","type":"post","link":"https:\/\/www.europesays.com\/fr\/114507\/","title":{"rendered":"Police lance une collection-capsule avec l\u2019\u00e9curie Mercedes F1"},"content":{"rendered":"<p>\t\t\t&#13;<\/p>\n<p>Associ\u00e9e \u00e0 l\u2019\u00e9curie Mercedes-AMG Petronas Formula One Team, la marque Police, qui appartient \u00e0 De Rigo rappelons-le, sort une capsule solaire comprenant cinq mod\u00e8les qui tirent leur inspiration de l\u2019univers de la F1.<\/p>\n<p>&#13;<br \/>\n &#13;<\/p>\n<p>Cinq solaires &#8211; dont une uniquement r\u00e9serv\u00e9e \u00e0 la vente en ligne &#8211; composent la capsule que De Rigo, via sa marque Police, signe en collaboration avec Mercedes F1. Chaque mod\u00e8le, d\u00e9clin\u00e9 en trois teintes, arbore des d\u00e9tails inspir\u00e9s des couleurs et des \u00e9l\u00e9ments embl\u00e9matiques de l&rsquo;\u00e9curie. Cette collection se caract\u00e9rise ainsi par l\u2019utilisation de la fibre de carbone, un mat\u00e9riau d\u2019ailleurs fourni directement par Mercedes-AMG Petronas et issu de la construction des monoplaces de l\u2019\u00e9curie. Concr\u00e8tement, les deux mod\u00e8les en bio-ac\u00e9tate, la SPLR47 et la SPLR48, de formes respectivement carr\u00e9e et pantos, accueillent une plaque en fibre de carbone sur la branche. Les verres, notons-le, sont en bio-nylon. Montures en inject\u00e9, les SPLR49 et SPLR50, \u00e9galement dot\u00e9es d&rsquo;une section en carbone sur la branche, affichent, elles, une allure davantage sportive. Elles sont \u00e9quip\u00e9es de verres polarisants. Chaque paire de lunettes de la s\u00e9rie est propos\u00e9e dans un \u00e9l\u00e9gant \u00e9tui\u00a0 aux couleurs caract\u00e9ristiques de l\u2019\u00e9curie, et accompagn\u00e9e d\u2019un hologramme et d\u2019un livret remis par l&rsquo;\u00e9curie de Formule 1 pour certifier l&rsquo;authenticit\u00e9 du produit et l&rsquo;origine de la fibre de carbone utilis\u00e9e sur la monture. Ce sont George Russell (\u00e0 gauche) et Kimi Antonelli, les deux pilotes de Mercedes-AMG Petronas Formula One Team, qui incarnent cette collection.<\/p>\n<p>&#13;<\/p>\n<p><img loading=\"lazy\" decoding=\"async\" src=\"https:\/\/www.europesays.com\/fr\/wp-content\/uploads\/2025\/05\/PETRO2.png\" alt=\"\" width=\"620\" height=\"453\"\/><\/p>\n<p>&#13;<\/p>\n<p><strong><a href=\"https:\/\/www.frequenceoptic.fr\/newsletter.html\" rel=\"nofollow noopener\" target=\"_blank\">Pour recevoir les derni\u00e8res infos, inscrivez-vous \u00e0 notre newsletter<\/a><\/strong><\/p>\n","protected":false},"excerpt":{"rendered":"&#13; Associ\u00e9e \u00e0 l\u2019\u00e9curie Mercedes-AMG Petronas Formula One Team, la marque Police, qui appartient \u00e0 De Rigo rappelons-le,&hellip;\n","protected":false},"author":2,"featured_media":114508,"comment_status":"","ping_status":"","sticky":false,"template":"","format":"standard","meta":{"footnotes":""},"categories":[1412],"tags":[1451,1452,1453,1454,1455,1011,27,1831,23474,23473,23471,23472,21638,60,13373],"class_list":{"0":"post-114507","1":"post","2":"type-post","3":"status-publish","4":"format-standard","5":"has-post-thumbnail","7":"category-f1","8":"tag-f1","9":"tag-formula-1","10":"tag-formula1","11":"tag-formule-1","12":"tag-formule1","13":"tag-fr","14":"tag-france","15":"tag-frequence","16":"tag-frequence-optique","17":"tag-lunette","18":"tag-optic","19":"tag-opticien","20":"tag-optique","21":"tag-sports","22":"tag-vue"},"share_on_mastodon":{"url":"https:\/\/pubeurope.com\/@fr\/114540631966868655","error":""},"_links":{"self":[{"href":"https:\/\/www.europesays.com\/fr\/wp-json\/wp\/v2\/posts\/114507","targetHints":{"allow":["GET"]}}],"collection":[{"href":"https:\/\/www.europesays.com\/fr\/wp-json\/wp\/v2\/posts"}],"about":[{"href":"https:\/\/www.europesays.com\/fr\/wp-json\/wp\/v2\/types\/post"}],"author":[{"embeddable":true,"href":"https:\/\/www.europesays.com\/fr\/wp-json\/wp\/v2\/users\/2"}],"replies":[{"embeddable":true,"href":"https:\/\/www.europesays.com\/fr\/wp-json\/wp\/v2\/comments?post=114507"}],"version-history":[{"count":0,"href":"https:\/\/www.europesays.com\/fr\/wp-json\/wp\/v2\/posts\/114507\/revisions"}],"wp:featuredmedia":[{"embeddable":true,"href":"https:\/\/www.europesays.com\/fr\/wp-json\/wp\/v2\/media\/114508"}],"wp:attachment":[{"href":"https:\/\/www.europesays.com\/fr\/wp-json\/wp\/v2\/media?parent=114507"}],"wp:term":[{"taxonomy":"category","embeddable":true,"href":"https:\/\/www.europesays.com\/fr\/wp-json\/wp\/v2\/categories?post=114507"},{"taxonomy":"post_tag","embeddable":true,"href":"https:\/\/www.europesays.com\/fr\/wp-json\/wp\/v2\/tags?post=114507"}],"curies":[{"name":"wp","href":"https:\/\/api.w.org\/{rel}","templated":true}]}}