{"id":114509,"date":"2025-05-20T14:28:09","date_gmt":"2025-05-20T14:28:09","guid":{"rendered":"https:\/\/www.europesays.com\/fr\/114509\/"},"modified":"2025-05-20T14:28:09","modified_gmt":"2025-05-20T14:28:09","slug":"wout-van-aert-navait-pas-de-bonnes-jambes-sur-le-contre-la-montre-du-giro-ce-netait-pas-chouette","status":"publish","type":"post","link":"https:\/\/www.europesays.com\/fr\/114509\/","title":{"rendered":"Wout van Aert n&rsquo;avait pas \u00ab\u00a0de bonnes jambes\u00a0\u00bb sur le contre-la-montre du Giro\u00a0: \u00ab\u00a0Ce n&rsquo;\u00e9tait pas chouette\u00a0\u00bb"},"content":{"rendered":"<p class=\"ap-StoryElement ap-StoryElement--mb ap-StoryText\">Ce n&rsquo;\u00e9tait pas le jour de Wout van Aert ce mardi sur le contre-la-montre de 28,7 kilom\u00e8tres trac\u00e9 entre Lucca et Pise. Vainqueur dimanche dans les rues de Sienne, le Belge a confess\u00e9 qu&rsquo;il \u00ab\u00a0n&rsquo;avait pas de bonnes jambes\u00a0\u00bb sur le parcours. Quatri\u00e8me \u00e0 l&rsquo;interm\u00e9diaire \u00e0 seulement trois secondes du leader provisoire Daan Hoole, van Aert s&rsquo;est ensuite effondr\u00e9, coupant la ligne \u00e0 une provisoire 11e place.<\/p>\n<p class=\"ap-StoryElement ap-StoryElement--mb ap-StoryText\">\u00ab\u00a0Je ne suis pas tr\u00e8s d\u00e9\u00e7u\u00a0\u00bb, relatait le coureur de Visma | Lease a Bike apr\u00e8s \u00eatre descendu de v\u00e9lo, \u00ab\u00a0l&rsquo;enjeu \u00e9tait moins important que lors du contre-la-montre de Tirana (o\u00f9 van Aert pouvait prendre le maillot rose, NdlR), donc j&rsquo;\u00e9tais plus relax au d\u00e9part.\u00a0\u00bb<\/p>\n","protected":false},"excerpt":{"rendered":"Ce n&rsquo;\u00e9tait pas le jour de Wout van Aert ce mardi sur le contre-la-montre de 28,7 kilom\u00e8tres trac\u00e9&hellip;\n","protected":false},"author":2,"featured_media":114510,"comment_status":"","ping_status":"","sticky":false,"template":"","format":"standard","meta":{"footnotes":""},"categories":[1411],"tags":[1154,207,1011,27,1227,60],"class_list":{"0":"post-114509","1":"post","2":"type-post","3":"status-publish","4":"format-standard","5":"has-post-thumbnail","7":"category-cyclisme","8":"tag-cycling","9":"tag-cyclisme","10":"tag-fr","11":"tag-france","12":"tag-horizontal","13":"tag-sports"},"share_on_mastodon":{"url":"https:\/\/pubeurope.com\/@fr\/114540635945617093","error":""},"_links":{"self":[{"href":"https:\/\/www.europesays.com\/fr\/wp-json\/wp\/v2\/posts\/114509","targetHints":{"allow":["GET"]}}],"collection":[{"href":"https:\/\/www.europesays.com\/fr\/wp-json\/wp\/v2\/posts"}],"about":[{"href":"https:\/\/www.europesays.com\/fr\/wp-json\/wp\/v2\/types\/post"}],"author":[{"embeddable":true,"href":"https:\/\/www.europesays.com\/fr\/wp-json\/wp\/v2\/users\/2"}],"replies":[{"embeddable":true,"href":"https:\/\/www.europesays.com\/fr\/wp-json\/wp\/v2\/comments?post=114509"}],"version-history":[{"count":0,"href":"https:\/\/www.europesays.com\/fr\/wp-json\/wp\/v2\/posts\/114509\/revisions"}],"wp:featuredmedia":[{"embeddable":true,"href":"https:\/\/www.europesays.com\/fr\/wp-json\/wp\/v2\/media\/114510"}],"wp:attachment":[{"href":"https:\/\/www.europesays.com\/fr\/wp-json\/wp\/v2\/media?parent=114509"}],"wp:term":[{"taxonomy":"category","embeddable":true,"href":"https:\/\/www.europesays.com\/fr\/wp-json\/wp\/v2\/categories?post=114509"},{"taxonomy":"post_tag","embeddable":true,"href":"https:\/\/www.europesays.com\/fr\/wp-json\/wp\/v2\/tags?post=114509"}],"curies":[{"name":"wp","href":"https:\/\/api.w.org\/{rel}","templated":true}]}}