{"id":1145191,"date":"2026-08-24T02:24:18","date_gmt":"2026-08-24T02:24:18","guid":{"rendered":"https:\/\/www.europesays.com\/fr\/1145191\/"},"modified":"2026-08-24T02:24:18","modified_gmt":"2026-08-24T02:24:18","slug":"trump-envoie-en-italie-pierre-de-lindiana-pour-la-salle-de-bal-de-la-maison-blanche","status":"publish","type":"post","link":"https:\/\/www.europesays.com\/fr\/1145191\/","title":{"rendered":"Trump envoie en Italie pierre de l&rsquo;Indiana pour la salle de bal de la Maison-Blanche"},"content":{"rendered":"<p>La Maison Blanche a obtenu ces derni\u00e8res heures le feu vert de la Cour supr\u00eame pour la <a href=\"https:\/\/fr.euronews.com\/2026\/08\/22\/salle-de-bal-de-la-maison-blanche-pres-de-400-m-apres-feu-vert-de-la-cour-supreme\" rel=\"nofollow noopener\" target=\"_blank\">salle de bal de 400 millions de dollars<\/a> avec laquelle Donald Trump entend <strong>remplacer l\u2019aile Est historique<\/strong> de la r\u00e9sidence pr\u00e9sidentielle des \u00c9tats-Unis.<\/p>\n<p>          <img decoding=\"async\" class=\"c-ad__placeholder__logo\" src=\"https:\/\/static.euronews.com\/website\/images\/logos\/logo-euronews-stacked-outlined-72x72-grey-9.svg\" width=\"72\" height=\"72\" alt=\"\" loading=\"lazy\"\/><br \/>\n          PUBLICIT\u00c9<\/p>\n<p>          <img decoding=\"async\" class=\"c-ad__placeholder__logo\" src=\"https:\/\/static.euronews.com\/website\/images\/logos\/logo-euronews-stacked-outlined-72x72-grey-9.svg\" width=\"72\" height=\"72\" alt=\"\" loading=\"lazy\"\/><br \/>\n          PUBLICIT\u00c9<\/p>\n<p>Si le pr\u00e9sident a annonc\u00e9 samedi le co\u00fbt global du projet, celui qui le supervise directement, le directeur de la White House Management and Administration, <strong>Joshua Fisher, en a livr\u00e9 tous les d\u00e9tails<\/strong> <a href=\"https:\/\/www.cbsnews.com\/news\/trump-kennedy-center-white-house-ballroom-details\/\" target=\"_blank\" rel=\"noreferrer nofollow noopener\">selon la cha\u00eene am\u00e9ricaine CBS. (source en italien)<\/a><\/p>\n<p>Parmi ces d\u00e9tails figure le fait que le <strong>colonnade de la nouvelle salle de bal sera sculpt\u00e9 \u00ab\u00a0par certains des plus grands artistes du monde\u00a0\u00bb<\/strong>.<\/p>\n<p>On ne sait pas encore qui ils sont, mais ils se trouvent en Italie, o\u00f9 a \u00e9t\u00e9 envoy\u00e9e une pierre calcaire de \u00ab\u00a0tr\u00e8s haute qualit\u00e9\u00a0\u00bb extraite dans l\u2019\u00c9tat am\u00e9ricain de l\u2019Indiana, selon une d\u00e9claration de Fisher cit\u00e9e par la cha\u00eene.<\/p>\n<p>La nouvelle salle de bal de Trump aura des colonnes italiennes<\/p>\n<p>Un projet pharaonique, \u00e0 en juger par la documentation que les autorit\u00e9s am\u00e9ricaines ont transmise \u00e0 la Cour supr\u00eame, <strong>apr\u00e8s la demande de suspension des travaux \u00e9manant du National Trust for Historic Preservation in the United States<\/strong>.<\/p>\n<p>Le b\u00e2timent de plus de 8 000 m\u00e8tres carr\u00e9s est cens\u00e9, sur le papier, \u00eatre plus grand que l\u2019\u00e9difice principal de la Maison Blanche et <strong>con\u00e7u pour accueillir jusqu\u2019\u00e0 mille personnes.<\/strong><\/p>\n<p><strong>Le chantier mobilise environ 200 ouvriers<\/strong> et pr\u00e9voit l\u2019utilisation de tonnes d\u2019acier et de b\u00e9ton ainsi que, <strong>bien s\u00fbr, de marbre et d\u2019or, la marque de fabrique du Trump b\u00e2tisseur<\/strong> (d\u00e9j\u00e0 visibles dans le Bureau ovale, derri\u00e8re le pr\u00e9sident lors de ses conf\u00e9rences de presse).<\/p>\n<p>La Maison Blanche a assur\u00e9 que le <strong>financement de l\u2019ouvrage est enti\u00e8rement priv\u00e9<\/strong> (environ 355 millions de dollars du budget pr\u00e9vu ont d\u00e9j\u00e0 \u00e9t\u00e9 r\u00e9unis), pour un m\u00e9ga-projet de plus de vingt m\u00e8tres de hauteur que l\u2019ancien entrepreneur en b\u00e2timent a d\u00e9cid\u00e9 de <strong>terminer \u00e0 temps pour la fin de son deuxi\u00e8me mandat pr\u00e9sidentiel.<\/strong><\/p>\n<p>La fa\u00e7ade sera \u00ab\u00a0pratiquement achev\u00e9e\u00a0\u00bb d\u2019ici avril 2028, selon Fisher, et c\u2019est l\u00e0 qu\u2019entrent en jeu les <strong>tailleurs de pierre en Italie. Mais qui sont-ils et o\u00f9 travailleront-ils ?<\/strong><\/p>\n<p>La longue histoire du marbre et des artistes italiens dans les travaux publics am\u00e9ricains<\/p>\n<p>La nouvelle salle de bal g\u00e9ante <strong>inclura des abris anti-a\u00e9riens, des installations m\u00e9dicales, des salles de r\u00e9union ultra secr\u00e8tes, une piste d\u2019atterrissage sur le toit<\/strong> pour drones et h\u00e9licopt\u00e8res, des plafonds anti-drones et des fen\u00eatres pare-balles, a indiqu\u00e9 la Maison Blanche.<\/p>\n<p>Le tout sera abrit\u00e9 derri\u00e8re un <strong>colonnade corinthienne<\/strong> qui rappellera celle de la Cour supr\u00eame, toute proche, et surtout celle du <strong>Capitole de Washington, pour lequel le pr\u00e9sident Thomas Jefferson avait fait venir des artisans d\u2019Italie en 1815<\/strong> pour en sculpter les chapiteaux, finalement r\u00e9alis\u00e9s par Giovanni Andrei dans la ville du marbre par excellence, Carrare.<\/p>\n<p>Cette fois, <strong>les noms des entreprises impliqu\u00e9es n\u2019ont pas encore \u00e9t\u00e9 officiellement communiqu\u00e9s<\/strong>, mais on peut d\u00e9j\u00e0 formuler quelques hypoth\u00e8ses.<\/p>\n<p>La Commission of Fine Arts a <strong>approuv\u00e9 en f\u00e9vrier dernier un projet pr\u00e9voyant huit grandes colonnes dans le portique principal<\/strong> de l\u2019ancienne East Wing, et les d\u00e9clarations les plus r\u00e9centes indiquent clairement que la pierre ne sera pas italienne, mais que la main-d\u2019\u0153uvre, elle, le sera.<\/p>\n<p>On pense \u00e0 l\u2019artiste du marbre blanc par excellence, <strong>Michel-Ange, qui a s\u00e9journ\u00e9 de longues p\u00e9riodes dans la ville toscane<\/strong> pour superviser l\u2019extraction des blocs de marbre blanc dans les carri\u00e8res des Alpes apuanes et choisir personnellement ceux n\u00e9cessaires \u00e0 ses chefs-d\u2019\u0153uvre.<\/p>\n<p>C\u2019est justement de Carrare qu\u2019\u00e9taient d\u00e9j\u00e0 arriv\u00e9s des \u00e9l\u00e9ments d\u00e9coratifs pour Trump et pour une salle de bal, <strong>ceux que l\u2019actuel pr\u00e9sident am\u00e9ricain avait fait r\u00e9aliser pour le Trump International Hotel en 2010<\/strong>, quelques ann\u00e9es avant son entr\u00e9e en politique.<\/p>\n<p>MTStone Carrara S.r.l affirme en effet avoir r\u00e9alis\u00e9 <strong>150 m\u00b2 de panneaux d\u2019onyx blanc<\/strong>, un travail pr\u00e9sent\u00e9 en grande pompe <a href=\"https:\/\/www.mtstonecarrara.com\/progetti\/trump-international-presidential-ballroom-entrance-washington-d-c\/\" target=\"_blank\" rel=\"noreferrer nofollow noopener\">sur le site de l\u2019entreprise, (source en italien)<\/a> m\u00eame si la soci\u00e9t\u00e9 ne s\u2019occupe pas directement de sculpture.<\/p>\n<p>Un peu d\u2019histoire am\u00e9ricaine plus r\u00e9cente pourrait donc indiquer une autre piste, <strong>Pietrasanta, une ville situ\u00e9e \u00e0 vingt kilom\u00e8tres au sud de Carrare<\/strong>, qui peut elle aussi se pr\u00e9valoir d\u2019un pr\u00e9c\u00e9dent en mati\u00e8re d\u2019ouvrage public aux \u00c9tats-Unis.<\/p>\n<p>En 2008, le <a href=\"https:\/\/www.burattiscultura.it\/en\/my-works\/615-arte-sacra\/635-st-thomas-aquinas-clay-100-cm-h-2008.html\" target=\"_blank\" rel=\"noreferrer nofollow noopener\">sculpteur local Giancarlo Buratti a r\u00e9alis\u00e9 les statues de la chapelle du Thomas Aquinas College (source en italien)<\/a> en Californie.<\/p>\n","protected":false},"excerpt":{"rendered":"La Maison Blanche a obtenu ces derni\u00e8res heures le feu vert de la Cour supr\u00eame pour la salle&hellip;\n","protected":false},"author":2,"featured_media":1145192,"comment_status":"","ping_status":"","sticky":false,"template":"","format":"standard","meta":{"footnotes":"","_share_on_mastodon":"0"},"categories":[5],"tags":[11,75,1866,1011,27,14,452,78,86113,12,28],"class_list":["post-1145191","post","type-post","status-publish","format-standard","has-post-thumbnail","category-international","tag-actualites","tag-donald-trump","tag-etats-unis-damerique","tag-fr","tag-france","tag-international","tag-italie","tag-maison-blanche","tag-michel-ange","tag-news","tag-world"],"share_on_mastodon":{"url":"https:\/\/pubeurope.com\/@fr\/117148116131414918","error":""},"_links":{"self":[{"href":"https:\/\/www.europesays.com\/fr\/wp-json\/wp\/v2\/posts\/1145191","targetHints":{"allow":["GET"]}}],"collection":[{"href":"https:\/\/www.europesays.com\/fr\/wp-json\/wp\/v2\/posts"}],"about":[{"href":"https:\/\/www.europesays.com\/fr\/wp-json\/wp\/v2\/types\/post"}],"author":[{"embeddable":true,"href":"https:\/\/www.europesays.com\/fr\/wp-json\/wp\/v2\/users\/2"}],"replies":[{"embeddable":true,"href":"https:\/\/www.europesays.com\/fr\/wp-json\/wp\/v2\/comments?post=1145191"}],"version-history":[{"count":0,"href":"https:\/\/www.europesays.com\/fr\/wp-json\/wp\/v2\/posts\/1145191\/revisions"}],"wp:featuredmedia":[{"embeddable":true,"href":"https:\/\/www.europesays.com\/fr\/wp-json\/wp\/v2\/media\/1145192"}],"wp:attachment":[{"href":"https:\/\/www.europesays.com\/fr\/wp-json\/wp\/v2\/media?parent=1145191"}],"wp:term":[{"taxonomy":"category","embeddable":true,"href":"https:\/\/www.europesays.com\/fr\/wp-json\/wp\/v2\/categories?post=1145191"},{"taxonomy":"post_tag","embeddable":true,"href":"https:\/\/www.europesays.com\/fr\/wp-json\/wp\/v2\/tags?post=1145191"}],"curies":[{"name":"wp","href":"https:\/\/api.w.org\/{rel}","templated":true}]}}