{"id":114521,"date":"2025-05-20T14:34:09","date_gmt":"2025-05-20T14:34:09","guid":{"rendered":"https:\/\/www.europesays.com\/fr\/114521\/"},"modified":"2025-05-20T14:34:09","modified_gmt":"2025-05-20T14:34:09","slug":"ces-jeunes-francais-qui-se-comportent-comme-des-talibans","status":"publish","type":"post","link":"https:\/\/www.europesays.com\/fr\/114521\/","title":{"rendered":"\u00abCes jeunes Fran\u00e7ais qui se comportent comme des talibans\u00bb"},"content":{"rendered":"<p><strong>FIGAROVOX\/TRIBUNE &#8211; <\/strong>Apr\u00e8s la mort du rappeur Werenoi ce 17 mai,\u00a0des internautes ont exig\u00e9, au nom de l\u2019islam, que sa musique ne soit plus diffus\u00e9e. L\u2019essayiste Amine El Khatmi d\u00e9nonce ces revendications et raconte un autre islam qui n\u2019interdit en rien de succomber \u00e0 la sensibilit\u00e9 d\u2019une chanson.<\/p>\n<p class=\"fig-paragraph\">Amine El Khatmi est notamment l\u2019auteur de Cynisme, d\u00e9rives et trahisons (Harper Collins, 2024).<\/p>\n<p class=\"fig-paragraph\">Le rappeur\u00a0<a href=\"http:\/\/www.lefigaro.fr\/musique\/le-rappeur-werenoi-plus-gros-vendeur-de-disques-en-france-est-mort-a-31-ans-20250517\" target=\"_blank\" data-fig-type=\"Article\" rel=\"noopener\" data-gtm-custom-categorie=\"navigation\" data-gtm-custom-action=\"crossclick\" data-gtm-custom-label=\"Contextuel\" data-gtm-event=\"customEventSPE\" data-fig-domain=\"LEFIGARO\">Werenoi est mort ce samedi 17 mai<\/a>. Et \u00e0 peine l\u2019annonce faite surgit une injonction \u00e9trange, gla\u00e7ante\u00a0: sur les r\u00e9seaux sociaux, certains jeunes rigoristes musulmans appellent \u00e0 ne plus \u00e9couter sa musique, \u00e0 la supprimer des plateformes, au nom d\u2019une id\u00e9e d\u00e9lirante \u2014 celle qui voudrait qu\u2019\u00e9couter ses chansons apr\u00e8s sa mort vaille au d\u00e9funt des p\u00e9ch\u00e9s suppl\u00e9mentaires dans l\u2019au-del\u00e0\u00a0! Jamais je n\u2019ai entendu pareille absurdit\u00e9 \u2014 ni ici en France, o\u00f9 je suis n\u00e9, ni l\u00e0-bas, au Maroc, dans cette partie de ma famille qui vit sa foi avec simplicit\u00e9, parfois avec rigueur, mais toujours avec c\u0153ur. Des femmes voil\u00e9es qui fredonnent des m\u00e9lodies en pr\u00e9parant le th\u00e9. Des hommes qui citent le Coran et \u00e9coutent Oum Kalthoum dans le m\u00eame souffle.<\/p>\n<p class=\"fig-paragraph\">Oui, la diva\u00a0<a href=\"http:\/\/www.lefigaro.fr\/livres\/oum-kalsoum-la-diva-vit-toujours-cinquante-ans-apres-20250202\" target=\"_blank\" data-fig-type=\"Article\" rel=\"noopener\" data-gtm-custom-categorie=\"navigation\" data-gtm-custom-action=\"crossclick\" data-gtm-custom-label=\"Contextuel\" data-gtm-event=\"customEventSPE\" data-fig-domain=\"LEFIGARO\">Oum Kalthoum<\/a>, voix d\u2019Orient, conscience lyrique d\u2019un monde arabe que ces jeunes rigoristes ne comprendront jamais. Oum Kalthoum, dont\u2026<\/p>\n<p class=\"fig-premium-paywall__infos\">\n        Cet article est r\u00e9serv\u00e9 aux abonn\u00e9s.        Il vous reste 81% \u00e0 d\u00e9couvrir.\n    <\/p>\n<p>                <img  data- alt=\"Le Figaro\" class=\"fig-img--complete fig-img\"\/><\/p>\n<p class=\"fig-premium-paywall__title\">Vente Flash<\/p>\n<p class=\"fig-premium-paywall__subtitle\">4,99\u20ac par mois pendant 12 mois. Sans engagement.<\/p>\n<p class=\"fig-premium-paywall__connect\">\n                D\u00e9j\u00e0 abonn\u00e9\u00a0?                <a class=\"fig-premium-paywall__connect-link\" href=\"https:\/\/connect.lefigaro.fr\/login?client=horizon_web&amp;type=main&amp;redirect_uri=https%3A%2F%2Fwww.lefigaro.fr%2Fvox%2Fsociete%2Fappels-a-supprimer-les-chansons-du-rappeur-werenoi-ces-jeunes-francais-qui-se-comportent-comme-des-talibans-20250520\" data-js-gtm=\"{&quot;customCategorie&quot;: &quot;conversion&quot;, &quot;customAction&quot;: &quot;before_Landing_Connexion_paywall_auto&quot;, &quot;customLabel&quot;: &quot;bGVmaWdhcm8uZnJfXzFmMDM1Njc1LWVlMmEtNjYzNC05M2FlLWViYWExZWFjZTBmM19fQXJ0aWNsZQ==_Appels \u00e0 supprimer les chansons du rappeur Werenoi\u00a0: \u00abCes jeunes Fran\u00e7ais qui se comportent comme des talibans\u00bb_144&quot;, &quot;customIDSPE&quot;: &quot;bGVmaWdhcm8uZnJfXzFmMDM1Njc1LWVlMmEtNjYzNC05M2FlLWViYWExZWFjZTBmM19fQXJ0aWNsZQ==&quot;, &quot;event&quot;: &quot;customEventSPE&quot;}\" target=\"_blank\" rel=\"noopener\"><br \/>\n                    Connectez-vous<br \/>\n                <\/a>\n            <\/p>\n","protected":false},"excerpt":{"rendered":"FIGAROVOX\/TRIBUNE &#8211; Apr\u00e8s la mort du rappeur Werenoi ce 17 mai,\u00a0des internautes ont exig\u00e9, au nom de l\u2019islam,&hellip;\n","protected":false},"author":2,"featured_media":114522,"comment_status":"","ping_status":"","sticky":false,"template":"","format":"standard","meta":{"footnotes":""},"categories":[1355],"tags":[1428,1292,5361,5360,58,59,1429,1011,27,1253,1361,873,1427,1426,3616,23476,104],"class_list":{"0":"post-114521","1":"post","2":"type-post","3":"status-publish","4":"format-standard","5":"has-post-thumbnail","7":"category-musique","8":"tag-chroniqueurs","9":"tag-debat","10":"tag-debat-societe","11":"tag-debats-societaux","12":"tag-divertissement","13":"tag-entertainment","14":"tag-figarovox","15":"tag-fr","16":"tag-france","17":"tag-islamisme","18":"tag-music","19":"tag-musique","20":"tag-opinions","21":"tag-questions","22":"tag-rap","23":"tag-separatisme","24":"tag-societe"},"share_on_mastodon":{"url":"https:\/\/pubeurope.com\/@fr\/114540659591493509","error":""},"_links":{"self":[{"href":"https:\/\/www.europesays.com\/fr\/wp-json\/wp\/v2\/posts\/114521","targetHints":{"allow":["GET"]}}],"collection":[{"href":"https:\/\/www.europesays.com\/fr\/wp-json\/wp\/v2\/posts"}],"about":[{"href":"https:\/\/www.europesays.com\/fr\/wp-json\/wp\/v2\/types\/post"}],"author":[{"embeddable":true,"href":"https:\/\/www.europesays.com\/fr\/wp-json\/wp\/v2\/users\/2"}],"replies":[{"embeddable":true,"href":"https:\/\/www.europesays.com\/fr\/wp-json\/wp\/v2\/comments?post=114521"}],"version-history":[{"count":0,"href":"https:\/\/www.europesays.com\/fr\/wp-json\/wp\/v2\/posts\/114521\/revisions"}],"wp:featuredmedia":[{"embeddable":true,"href":"https:\/\/www.europesays.com\/fr\/wp-json\/wp\/v2\/media\/114522"}],"wp:attachment":[{"href":"https:\/\/www.europesays.com\/fr\/wp-json\/wp\/v2\/media?parent=114521"}],"wp:term":[{"taxonomy":"category","embeddable":true,"href":"https:\/\/www.europesays.com\/fr\/wp-json\/wp\/v2\/categories?post=114521"},{"taxonomy":"post_tag","embeddable":true,"href":"https:\/\/www.europesays.com\/fr\/wp-json\/wp\/v2\/tags?post=114521"}],"curies":[{"name":"wp","href":"https:\/\/api.w.org\/{rel}","templated":true}]}}