{"id":1145254,"date":"2026-08-24T03:41:17","date_gmt":"2026-08-24T03:41:17","guid":{"rendered":"https:\/\/www.europesays.com\/fr\/1145254\/"},"modified":"2026-08-24T03:41:17","modified_gmt":"2026-08-24T03:41:17","slug":"herve-chauvet-decroche-largent-au-france-de-tir-3d","status":"publish","type":"post","link":"https:\/\/www.europesays.com\/fr\/1145254\/","title":{"rendered":"Herv\u00e9 Chauvet d\u00e9croche l\u2019argent au France de tir 3D"},"content":{"rendered":"<p>Le championnat de France de tir 3D, organis\u00e9 \u00e0 \u00c9couen (95) les 15 et 16 ao\u00fbt, s\u2019est d\u00e9roul\u00e9 dans de tr\u00e8s bonnes conditions. Parmi les archers barrabans, Herv\u00e9 Chauvet, s\u00e9nior 2 arc nu, a r\u00e9alis\u00e9 une remarquable performance.<\/p>\n<p>D\u00e8s samedi, Herv\u00e9 signe 384 points et se classe 3e. En seizi\u00e8me de finale, il hausse encore son niveau avec 120 points sur six cibles. Le dimanche, il s\u2019impose en quarts de finale (94 \u00e0 77), et poursuit son chemin. Apr\u00e8s une longue attente avant les petites et grandes finales, la pression monte. Malgr\u00e9 le stress, Herv\u00e9 reste concentr\u00e9 et remporte son duel de qualification (67 \u00e0 66), d\u00e9crochant ainsi sa place en grande finale face \u00e0 un archer habitu\u00e9 aux comp\u00e9titions internationales. La pression est alors \u00e0 son comble. Au terme d\u2019un duel tr\u00e8s disput\u00e9, il s\u2019incline de 4 points (75 \u00e0 71) et d\u00e9croche une m\u00e9daille d\u2019argent. Apr\u00e8s le bronze obtenu au championnat de France Nature, il ajoute donc une nouvelle m\u00e9daille nationale \u00e0 son palmar\u00e8s.<\/p>\n<p>Le club sera pr\u00e9sent \u00e0 la F\u00eate du sport et des associations.<\/p>\n<p>Correspondant Midi Libre : 04 66 31 13 10<\/p>\n","protected":false},"excerpt":{"rendered":"Le championnat de France de tir 3D, organis\u00e9 \u00e0 \u00c9couen (95) les 15 et 16 ao\u00fbt, s\u2019est d\u00e9roul\u00e9&hellip;\n","protected":false},"author":2,"featured_media":1145255,"comment_status":"","ping_status":"","sticky":false,"template":"","format":"standard","meta":{"footnotes":"","_share_on_mastodon":"0"},"categories":[4],"tags":[11,3062,1011,27,38543,12,25,70103,517],"class_list":["post-1145254","post","type-post","status-publish","format-standard","has-post-thumbnail","category-france","tag-actualites","tag-autres-sports","tag-fr","tag-france","tag-lozere","tag-news","tag-republique-francaise","tag-saintchelydapcher","tag-sport"],"share_on_mastodon":{"url":"https:\/\/pubeurope.com\/@fr\/117148417284995192","error":""},"_links":{"self":[{"href":"https:\/\/www.europesays.com\/fr\/wp-json\/wp\/v2\/posts\/1145254","targetHints":{"allow":["GET"]}}],"collection":[{"href":"https:\/\/www.europesays.com\/fr\/wp-json\/wp\/v2\/posts"}],"about":[{"href":"https:\/\/www.europesays.com\/fr\/wp-json\/wp\/v2\/types\/post"}],"author":[{"embeddable":true,"href":"https:\/\/www.europesays.com\/fr\/wp-json\/wp\/v2\/users\/2"}],"replies":[{"embeddable":true,"href":"https:\/\/www.europesays.com\/fr\/wp-json\/wp\/v2\/comments?post=1145254"}],"version-history":[{"count":0,"href":"https:\/\/www.europesays.com\/fr\/wp-json\/wp\/v2\/posts\/1145254\/revisions"}],"wp:featuredmedia":[{"embeddable":true,"href":"https:\/\/www.europesays.com\/fr\/wp-json\/wp\/v2\/media\/1145255"}],"wp:attachment":[{"href":"https:\/\/www.europesays.com\/fr\/wp-json\/wp\/v2\/media?parent=1145254"}],"wp:term":[{"taxonomy":"category","embeddable":true,"href":"https:\/\/www.europesays.com\/fr\/wp-json\/wp\/v2\/categories?post=1145254"},{"taxonomy":"post_tag","embeddable":true,"href":"https:\/\/www.europesays.com\/fr\/wp-json\/wp\/v2\/tags?post=1145254"}],"curies":[{"name":"wp","href":"https:\/\/api.w.org\/{rel}","templated":true}]}}