{"id":1145280,"date":"2026-08-24T04:03:25","date_gmt":"2026-08-24T04:03:25","guid":{"rendered":"https:\/\/www.europesays.com\/fr\/1145280\/"},"modified":"2026-08-24T04:03:25","modified_gmt":"2026-08-24T04:03:25","slug":"ligue-1-2026-27-decouvrez-le-classement-et-les-resultats-apres-la-1re-journee","status":"publish","type":"post","link":"https:\/\/www.europesays.com\/fr\/1145280\/","title":{"rendered":"Ligue 1 2026\/27\u00a0: D\u00e9couvrez le classement et les r\u00e9sultats apr\u00e8s la 1re journ\u00e9e"},"content":{"rendered":"<p>La 1re journ\u00e9e de Ligue 1 vient de se terminer et les favoris ont r\u00e9pondu pr\u00e9sent, mis \u00e0 part le Paris Saint-Germain, qui a d\u00fb batailler pour arracher un point \u00e0 Rennes, gr\u00e2ce \u00e0 un doubl\u00e9 de sa recrue Ferran Torres (2-2). Retour sur un week-end anim\u00e9.<\/p>\n<p><a href=\"https:\/\/www.20minutes.fr\/sport\/football\/ligue-1\/classement\" class=\"c-link c-btn c-btn--primary\" rel=\"nofollow noopener\" target=\"_blank\">Le classement de la Ligue 1 apr\u00e8s la 1re journ\u00e9e<\/a>Festivals pour l\u2019OM et Lens, \u00e7a cale pour le PSG<\/p>\n<ul>\n<li>Troyes &#8211; Paris FC et Nice &#8211; Lorient se sont sold\u00e9s par un score nul et vierge mais 24 buts ont tout de m\u00eame \u00e9t\u00e9 inscrits sur l\u2019ensemble des autres pelouses de Ligue 1 ce week-end.<\/li>\n<li>L\u2019Olympique de Marseille a d\u00e9marr\u00e9 du bon pied en infligeant une s\u00e9v\u00e8re d\u00e9faite au Racing Club de Strasbourg (4-0). Un doubl\u00e9 d\u2019Amine Gouiri cumul\u00e9 \u00e0 des buts sign\u00e9s Kayliane Abdallah et Pierre-Emile H\u00f6jbjerg ont fait sombrer les Alsaciens.<\/li>\n<li>Le Racing Club de Lens a quant \u00e0 lui battu s\u00e8chement l\u2019AJ Auxerre (5-2) mais a tout de m\u00eame encaiss\u00e9 deux buts au terme d\u2019un match spectaculaire. <a href=\"https:\/\/www.20minutes.fr\/sport\/florian_thauvin\/\" class=\"c-link c-link--is-underlined\" rel=\"nofollow noopener\" target=\"_blank\">Florian Thauvin<\/a> a sign\u00e9 un doubl\u00e9.<\/li>\n<\/ul>\n<p class=\"mb-m@xs text-l@xs\">En cliquant sur \u00ab\u00a0Accepter les cookies\u00a0\u00bb, vous consentez au d\u00e9p\u00f4t de cookies par X (Twitter) et pourrez ainsi acc\u00e9der \u00e0 ce contenu interactif.<\/p>\n<p class=\"mb-m@xs text-l@xs\">Vous pouvez, \u00e0 tout moment, modifier vos choix cookies ou retirer votre consentement en bas de nos pages.<\/p>\n<p class=\"mb-xl@xs text-s@xs\">En savoir plus sur notre <a href=\"https:\/\/www.20minutes.fr\/gestion-cookies\" class=\"color-ultramarine\" rel=\"nofollow noopener\" target=\"_blank\">politique de cookies<\/a> et sur la <a href=\"https:\/\/privacy.x.com\/en\" class=\"color-ultramarine\" rel=\"nofollow noopener\" target=\"_blank\">politique de confidentialit\u00e9 de ce partenaire<\/a>.<\/p>\n<p>G\u00e9rer mes pr\u00e9f\u00e9rencesJ\u2019accepte les cookies<\/p>\n<ul>\n<li>L\u2019Olympique Lyonnais et le LOSC ont gagn\u00e9 \u00e0 l\u2019ext\u00e9rieur, respectivement \u00e0 Toulouse et \u00e0 Angers, sur le score de 2-0. <\/li>\n<li>Le\u00a0Mans, promu, a pris un point contre le Stade Brestois (2-2). Enfin, l\u2019<a href=\"https:\/\/www.20minutes.fr\/sport\/as_monaco\/\" class=\"c-link c-link--is-underlined\" rel=\"nofollow noopener\" target=\"_blank\">AS Monaco<\/a> a battu Le\u00a0Havre (0-1) avant que le PSG ne patine \u00e0 Rennes (2-2).<\/li>\n<\/ul>\n<p>Le classement apr\u00e8s la 1re journ\u00e9e de Ligue 1 2026\/27<\/p>\n<p class=\"mb-m@xs text-l@xs\">En cliquant sur \u00ab\u00a0Accepter les cookies\u00a0\u00bb, vous consentez au d\u00e9p\u00f4t de cookies par X (Twitter) et pourrez ainsi acc\u00e9der \u00e0 ce contenu interactif.<\/p>\n<p class=\"mb-m@xs text-l@xs\">Vous pouvez, \u00e0 tout moment, modifier vos choix cookies ou retirer votre consentement en bas de nos pages.<\/p>\n<p class=\"mb-xl@xs text-s@xs\">En savoir plus sur notre <a href=\"https:\/\/www.20minutes.fr\/gestion-cookies\" class=\"color-ultramarine\" rel=\"nofollow noopener\" target=\"_blank\">politique de cookies<\/a> et sur la <a href=\"https:\/\/privacy.x.com\/en\" class=\"color-ultramarine\" rel=\"nofollow noopener\" target=\"_blank\">politique de confidentialit\u00e9 de ce partenaire<\/a>.<\/p>\n<p>G\u00e9rer mes pr\u00e9f\u00e9rencesJ\u2019accepte les cookies<\/p>\n<p>Les r\u00e9sultats de la 1\u00e8re journ\u00e9e de Ligue 1 2026\/27<\/p>\n","protected":false},"excerpt":{"rendered":"La 1re journ\u00e9e de Ligue 1 vient de se terminer et les favoris ont r\u00e9pondu pr\u00e9sent, mis \u00e0&hellip;\n","protected":false},"author":2,"featured_media":1145281,"comment_status":"","ping_status":"","sticky":false,"template":"","format":"standard","meta":{"footnotes":"","_share_on_mastodon":"0"},"categories":[9],"tags":[2430,885,63,1011,27,662,66,2333,2853,883,626,2332,882,15425,2429,2431,517,60],"class_list":["post-1145280","post","type-post","status-publish","format-standard","has-post-thumbnail","category-sports","tag-auvergne-rhone-alpes","tag-bouches-du-rhone","tag-football","tag-fr","tag-france","tag-ile-de-france","tag-ligue-1","tag-olympique-de-marseille-om","tag-olympique-lyonnais-ol","tag-paca","tag-paris","tag-paris-saint-germain-psg","tag-provence-alpes-cote-dazur","tag-resultat-ligue-1","tag-rhone","tag-rhone-alpes","tag-sport","tag-sports"],"share_on_mastodon":{"url":"https:\/\/pubeurope.com\/@fr\/117148503741822899","error":""},"_links":{"self":[{"href":"https:\/\/www.europesays.com\/fr\/wp-json\/wp\/v2\/posts\/1145280","targetHints":{"allow":["GET"]}}],"collection":[{"href":"https:\/\/www.europesays.com\/fr\/wp-json\/wp\/v2\/posts"}],"about":[{"href":"https:\/\/www.europesays.com\/fr\/wp-json\/wp\/v2\/types\/post"}],"author":[{"embeddable":true,"href":"https:\/\/www.europesays.com\/fr\/wp-json\/wp\/v2\/users\/2"}],"replies":[{"embeddable":true,"href":"https:\/\/www.europesays.com\/fr\/wp-json\/wp\/v2\/comments?post=1145280"}],"version-history":[{"count":0,"href":"https:\/\/www.europesays.com\/fr\/wp-json\/wp\/v2\/posts\/1145280\/revisions"}],"wp:featuredmedia":[{"embeddable":true,"href":"https:\/\/www.europesays.com\/fr\/wp-json\/wp\/v2\/media\/1145281"}],"wp:attachment":[{"href":"https:\/\/www.europesays.com\/fr\/wp-json\/wp\/v2\/media?parent=1145280"}],"wp:term":[{"taxonomy":"category","embeddable":true,"href":"https:\/\/www.europesays.com\/fr\/wp-json\/wp\/v2\/categories?post=1145280"},{"taxonomy":"post_tag","embeddable":true,"href":"https:\/\/www.europesays.com\/fr\/wp-json\/wp\/v2\/tags?post=1145280"}],"curies":[{"name":"wp","href":"https:\/\/api.w.org\/{rel}","templated":true}]}}