{"id":114533,"date":"2025-05-20T14:40:09","date_gmt":"2025-05-20T14:40:09","guid":{"rendered":"https:\/\/www.europesays.com\/fr\/114533\/"},"modified":"2025-05-20T14:40:09","modified_gmt":"2025-05-20T14:40:09","slug":"320-emplois-supprimes-en-alsace","status":"publish","type":"post","link":"https:\/\/www.europesays.com\/fr\/114533\/","title":{"rendered":"320 emplois supprim\u00e9s en Alsace"},"content":{"rendered":"<p>L\u2019usine alsacienne de BDR Thermea cessera son activit\u00e9 d\u2019ici 2027. A Mertzwiller, berceau du groupe De Dietrich dont est issue l\u2019entreprise sp\u00e9cialis\u00e9e dans les chaudi\u00e8res au sol, chauffe-eau et pompes \u00e0 chaleur, 320 emplois sur 850 seront supprim\u00e9s dans le cadre d\u2019un plan de sauvegarde de l\u2019emploi (PSE), a-t-on appris de source syndicale \u00e0 la suite d\u2019un CSE qui s\u2019est tenu ce mardi 20 mai.<\/p>\n<p>\u00ab Tout le monde s\u2019attendait \u00e0 une mauvaise nouvelle, mais pas de cette ampleur \u00bb, r\u00e9agit Fabrice Leininger, secr\u00e9taire du CSE. L\u2019usine de Mertzwiller, majoritairement sp\u00e9cialis\u00e9e dans les pompes \u00e0 chaleur, a fait face ces derniers mois \u00e0 une concurrence exacerb\u00e9e sur un march\u00e9 en recul.<\/p>\n<p>\u00ab\u00a0Des pertes consid\u00e9rables \u00bb<\/p>\n<p>Dans un communiqu\u00e9 de presse, le groupe BDR Thermea fait \u00e9tat de \u00ab performances commerciales et financi\u00e8res lourdement affect\u00e9es \u00bb et \u00ab d\u2019une situation particuli\u00e8rement pr\u00e9occupante, avec des pertes consid\u00e9rables \u00bb, r\u00e9sultant notamment d\u2019un effondrement du march\u00e9 des pompes \u00e0 chaleur en France et en Europe.<\/p>\n<p>Le groupe \u00e0 capitaux n\u00e9erlandais \u00e9voque un \u00ab projet de transformation \u00bb destin\u00e9 \u00e0 \u00ab assurer son ind\u00e9pendance et la p\u00e9rennit\u00e9 de ses activit\u00e9s dans la dur\u00e9e \u00bb. Outre la \u00ab centralisation de ses activit\u00e9s de production qui pourra mener \u00e0 la cessation progressive de la production en France au cours des deux prochaines ann\u00e9es \u00bb, BDR Thermea a annonc\u00e9 la vente de deux sites de production de radiateurs situ\u00e9s dans le d\u00e9partement de la Sarthe et en Allemagne.<\/p>\n<p>Au total, ce projet de r\u00e9organisation porte sur la \u00ab suppression progressive \u00bb de 370 postes en France (dont les 320 de Mertzwiller) jusqu\u2019\u00e0 mi-2027. Une processus d\u2019information consultation d\u00e9marrera dans les prochains jours.<\/p>\n","protected":false},"excerpt":{"rendered":"L\u2019usine alsacienne de BDR Thermea cessera son activit\u00e9 d\u2019ici 2027. A Mertzwiller, berceau du groupe De Dietrich dont&hellip;\n","protected":false},"author":2,"featured_media":114534,"comment_status":"","ping_status":"","sticky":false,"template":"","format":"standard","meta":{"footnotes":""},"categories":[6],"tags":[2389,2649,35,33,34,4877,107,1011,27,23477,801],"class_list":{"0":"post-114533","1":"post","2":"type-post","3":"status-publish","4":"format-standard","5":"has-post-thumbnail","7":"category-economie","8":"tag-alsace","9":"tag-bas-rhin","10":"tag-business","11":"tag-economie","12":"tag-economy","13":"tag-edition-haguenau-wissembourg","14":"tag-fil-info","15":"tag-fr","16":"tag-france","17":"tag-mertzwiller","18":"tag-social"},"share_on_mastodon":{"url":"https:\/\/pubeurope.com\/@fr\/114540683242815302","error":""},"_links":{"self":[{"href":"https:\/\/www.europesays.com\/fr\/wp-json\/wp\/v2\/posts\/114533","targetHints":{"allow":["GET"]}}],"collection":[{"href":"https:\/\/www.europesays.com\/fr\/wp-json\/wp\/v2\/posts"}],"about":[{"href":"https:\/\/www.europesays.com\/fr\/wp-json\/wp\/v2\/types\/post"}],"author":[{"embeddable":true,"href":"https:\/\/www.europesays.com\/fr\/wp-json\/wp\/v2\/users\/2"}],"replies":[{"embeddable":true,"href":"https:\/\/www.europesays.com\/fr\/wp-json\/wp\/v2\/comments?post=114533"}],"version-history":[{"count":0,"href":"https:\/\/www.europesays.com\/fr\/wp-json\/wp\/v2\/posts\/114533\/revisions"}],"wp:featuredmedia":[{"embeddable":true,"href":"https:\/\/www.europesays.com\/fr\/wp-json\/wp\/v2\/media\/114534"}],"wp:attachment":[{"href":"https:\/\/www.europesays.com\/fr\/wp-json\/wp\/v2\/media?parent=114533"}],"wp:term":[{"taxonomy":"category","embeddable":true,"href":"https:\/\/www.europesays.com\/fr\/wp-json\/wp\/v2\/categories?post=114533"},{"taxonomy":"post_tag","embeddable":true,"href":"https:\/\/www.europesays.com\/fr\/wp-json\/wp\/v2\/tags?post=114533"}],"curies":[{"name":"wp","href":"https:\/\/api.w.org\/{rel}","templated":true}]}}