{"id":114537,"date":"2025-05-20T14:42:11","date_gmt":"2025-05-20T14:42:11","guid":{"rendered":"https:\/\/www.europesays.com\/fr\/114537\/"},"modified":"2025-05-20T14:42:11","modified_gmt":"2025-05-20T14:42:11","slug":"deux-policiers-municipaux-violemment-agresses-lors-dun-rodeo-urbain-a-aix-en-provence","status":"publish","type":"post","link":"https:\/\/www.europesays.com\/fr\/114537\/","title":{"rendered":"deux policiers municipaux violemment agress\u00e9s lors d\u2019un rod\u00e9o urbain \u00e0 Aix-en-Provence"},"content":{"rendered":"<p>Plusieurs individus s\u2019en sont pris aux agents alors qu\u2019ils tentaient de contr\u00f4ler le pilote d\u2019un deux-roues qui refusait d\u2019obtemp\u00e9rer. L\u2019un des policiers a \u00e9t\u00e9 bless\u00e9 au visage avant d\u2019\u00eatre extirp\u00e9 par des t\u00e9moins de la rixe. Il s\u2019est vu prescrire 10 jours d\u2019ITT.<\/p>\n<p class=\"fig-paragraph\">Une agression \u00abviolente\u00bb et \u00abinacceptable\u00bb, tels sont les mots employ\u00e9s par la maire d\u2019Aix-en-Provence, Sophie Joissains (UDI). \u00abLa ville est aux c\u00f4t\u00e9s de ses policiers. On ne peut pas laisser \u00e7a impuni\u00bb, souffle-t-elle aupr\u00e8s du Figaro en \u00e9voquant l\u2019\u00e9tat de deux de ses policiers municipaux pris \u00e0 partie au cours d\u2019un\u00a0<a href=\"http:\/\/www.lefigaro.fr\/faits-divers\/evian-les-bains-le-pompier-agresse-lors-du-rodeo-urbain-est-sorti-du-coma-20250517\" data-fig-type=\"Article\" data-gtm-custom-categorie=\"navigation\" data-gtm-custom-action=\"crossclick\" data-gtm-custom-label=\"Contextuel\" data-gtm-event=\"customEventSPE\" data-fig-domain=\"LEFIGARO\" target=\"_blank\" rel=\"noopener\">rod\u00e9o urbain<\/a>\u00a0samedi dernier dans l\u2019apr\u00e8s-midi.<\/p>\n<p class=\"fig-paragraph\">Selon une source, des agents tentaient de contr\u00f4ler le pilote d\u2019un deux-roues lorsque ce dernier a commis un refus d\u2019obtemp\u00e9rer. Lanc\u00e9s \u00e0 sa poursuite, les deux fonctionnaires ont d\u00e9couvert que la mini-moto \u00e9tait d\u00e9pourvue de plaques d\u2019immatriculation. Alors que les policiers municipaux essayaient d\u2019interpeller le conducteur, plusieurs individus sont soudainement tomb\u00e9s sur eux, leur portant des coups sur le casque et le visage avant de prendre la fuite en emportant le deux-roues.<\/p>\n<p>Enqu\u00eate en cours<\/p>\n<p class=\"fig-paragraph\">Toujours selon une source, l\u2019un des deux policiers a \u00e9t\u00e9 bless\u00e9 au visage et a re\u00e7u dix jours d\u2019ITT. Un suspect a \u00e9t\u00e9 interpell\u00e9 dans la foul\u00e9e par les forces de l\u2019ordre selon la maire d\u2019Aix-en-Provence, qui confirme une information de\u00a0<a href=\"https:\/\/www.laprovence.com\/article\/faits-divers-justice\/3669727929921414\/deux-policiers-municipaux-passes-a-tabac-lors-dun-controle-routier-a-aix-par-des-dizaines-de-personnes\" target=\"_blank\" rel=\"nofollow noopener\" data-gtm-custom-categorie=\"navigation\" data-gtm-custom-action=\"crossclick\" data-gtm-custom-label=\"Contextuel\" data-gtm-event=\"customEventSPE\">La Provence<\/a> . \u00abAu cours de cette agression en r\u00e9union, plusieurs jeunes gens t\u00e9moins des faits se sont mobilis\u00e9s et ont permis aux policiers de s\u2019extirper. J\u2019ai appel\u00e9 les agents et je suis all\u00e9 \u00e0 la rencontre des \u00e9quipages. L\u2019enqu\u00eate est en cours\u00bb, a ajout\u00e9 l\u2019\u00e9dile.<\/p>\n<p class=\"fig-paragraph\">Lundi en fin de matin\u00e9e, c\u2019est une enseignante marseillaise qui a \u00e9t\u00e9 bless\u00e9e au cours d\u2019un rod\u00e9o urbain. Une berline allemande conduite par un chauffard qui a pris la fuite l\u2019avait percut\u00e9e\u00a0<a href=\"http:\/\/www.lefigaro.fr\/marseille\/marseille-une-enseignante-renversee-devant-son-lycee-lors-d-un-rodeo-urbain-20250519\" data-fig-type=\"NewsFlash\" data-gtm-custom-categorie=\"navigation\" data-gtm-custom-action=\"crossclick\" data-gtm-custom-label=\"Contextuel\" data-gtm-event=\"customEventSPE\" data-fig-domain=\"LEFIGARO\" target=\"_blank\" rel=\"noopener\">alors qu\u2019elle sortait de son \u00e9tablissement<\/a>, la blessant au niveau de la cheville.<\/p>\n","protected":false},"excerpt":{"rendered":"Plusieurs individus s\u2019en sont pris aux agents alors qu\u2019ils tentaient de contr\u00f4ler le pilote d\u2019un deux-roues qui refusait&hellip;\n","protected":false},"author":2,"featured_media":114538,"comment_status":"","ping_status":"","sticky":false,"template":"","format":"standard","meta":{"footnotes":""},"categories":[4],"tags":[11,885,1182,1180,1181,1011,27,1184,1185,12,1177,1176,149,2872,1186,882,25,19057,1178,1183,1179],"class_list":{"0":"post-114537","1":"post","2":"type-post","3":"status-publish","4":"format-standard","5":"has-post-thumbnail","7":"category-france","8":"tag-actualites","9":"tag-bouches-du-rhone","10":"tag-calanques","11":"tag-canebiere","12":"tag-cite-phoceenne","13":"tag-fr","14":"tag-france","15":"tag-la-timone","16":"tag-les-baumettes-mediterranee","17":"tag-news","18":"tag-notre-dame-de-la-garde","19":"tag-olympique-de-marseille","20":"tag-om","21":"tag-police-municipale","22":"tag-provence","23":"tag-provence-alpes-cote-dazur","24":"tag-republique-francaise","25":"tag-rodeo-urbain","26":"tag-saint-charles","27":"tag-sormiou","28":"tag-vieux-port"},"share_on_mastodon":{"url":"https:\/\/pubeurope.com\/@fr\/114540690973922534","error":""},"_links":{"self":[{"href":"https:\/\/www.europesays.com\/fr\/wp-json\/wp\/v2\/posts\/114537","targetHints":{"allow":["GET"]}}],"collection":[{"href":"https:\/\/www.europesays.com\/fr\/wp-json\/wp\/v2\/posts"}],"about":[{"href":"https:\/\/www.europesays.com\/fr\/wp-json\/wp\/v2\/types\/post"}],"author":[{"embeddable":true,"href":"https:\/\/www.europesays.com\/fr\/wp-json\/wp\/v2\/users\/2"}],"replies":[{"embeddable":true,"href":"https:\/\/www.europesays.com\/fr\/wp-json\/wp\/v2\/comments?post=114537"}],"version-history":[{"count":0,"href":"https:\/\/www.europesays.com\/fr\/wp-json\/wp\/v2\/posts\/114537\/revisions"}],"wp:featuredmedia":[{"embeddable":true,"href":"https:\/\/www.europesays.com\/fr\/wp-json\/wp\/v2\/media\/114538"}],"wp:attachment":[{"href":"https:\/\/www.europesays.com\/fr\/wp-json\/wp\/v2\/media?parent=114537"}],"wp:term":[{"taxonomy":"category","embeddable":true,"href":"https:\/\/www.europesays.com\/fr\/wp-json\/wp\/v2\/categories?post=114537"},{"taxonomy":"post_tag","embeddable":true,"href":"https:\/\/www.europesays.com\/fr\/wp-json\/wp\/v2\/tags?post=114537"}],"curies":[{"name":"wp","href":"https:\/\/api.w.org\/{rel}","templated":true}]}}