{"id":11454,"date":"2025-04-09T00:38:35","date_gmt":"2025-04-09T00:38:35","guid":{"rendered":"https:\/\/www.europesays.com\/fr\/11454\/"},"modified":"2025-04-09T00:38:35","modified_gmt":"2025-04-09T00:38:35","slug":"marseille-la-meteo-au-beau-fixe-avant-de-changer-radicalement-voici-les-previsions","status":"publish","type":"post","link":"https:\/\/www.europesays.com\/fr\/11454\/","title":{"rendered":"Marseille. La m\u00e9t\u00e9o au beau fixe avant de changer radicalement : voici les pr\u00e9visions"},"content":{"rendered":"<p>            Par<br \/>\n        <strong><br \/>\n            <a href=\"https:\/\/actu.fr\/auteur\/benjamin-cohenroyer\" title=\"Consulter tous les articles de Benjamin Cohen Royer\" target=\"_blank\" rel=\"noopener\">Benjamin Cohen Royer<\/a><br \/>\n        <\/strong><\/p>\n<p>        Publi\u00e9 le<\/p>\n<p>            7 avr. 2025 \u00e0 14h07        <\/p>\n<p>Apr\u00e8s un week-end et une m\u00e9t\u00e9o (quasi) parfaits, quelles sont les pr\u00e9visions m\u00e9t\u00e9orologiques pour la semaine\u2009?<\/p>\n<p class=\" wall-content\">Le soleil phoc\u00e9en a bel et bien fait son retour \u00e0 <a href=\"https:\/\/actu.fr\/marseille\/\" target=\"_blank\" rel=\"noopener\">Marseille<\/a> et dans les <a href=\"https:\/\/actu.fr\/provence-alpes-cote-d-azur\/bouches-du-rhone_13\" target=\"_blank\" rel=\"noopener\">Bouches-du-Rh\u00f4ne<\/a>, ce week-end du 5\u00a0avril. Avec <strong>plus de 10\u2009h de soleil par jour et une temp\u00e9rature avoisinant les 20 degr\u00e9s,<\/strong> il y avait comme un avant-go\u00fbt de l\u2019\u00e9t\u00e9.<\/p>\n<p class=\" wall-content\">Si la m\u00e9t\u00e9o doit rester plut\u00f4t cl\u00e9mente cette semaine,<strong> \u00e7a devrait bouger ce week-end.<\/strong><\/p>\n<p>Du beau jusqu\u2019\u00e0 vendredi (au moins)<\/p>\n<p class=\" wall-content\">Dans la semaine, la m\u00e9t\u00e9o devrait rester douce et cl\u00e9mente.<\/p>\n<p class=\" wall-content\">En effet, selon <a href=\"https:\/\/meteofrance.com\/previsions-meteo-france\/marseille\/13000\" target=\"_blank\" rel=\"noopener\">M\u00e9t\u00e9o France<\/a>, le temps devrait rester ensoleill\u00e9 avec quelques nuages \u00e9pars. Et les temp\u00e9ratures maximales devraient \u2013 quant \u00e0 elles \u2013 rester autour d\u2019une vingtaine de degr\u00e9s.<\/p>\n<p>Vid\u00e9os : en ce moment sur ActuDe la pluie ce week-end<\/p>\n<p class=\" wall-content\">Cependant, la pluie devrait faire son retour d\u00e8s ce samedi.<\/p>\n<p class=\" wall-content\"><strong>Le vent devrait se lever d\u00e8s samedi et amener avec lui des nuages plus \u00e9pais, et donc, de la pluie. <\/strong>Ainsi, les temp\u00e9ratures vont descendre aux alentours de 16-18 degr\u00e9s. Mais surtout, le vent va se lever, avec des rafales avoisinant les 45\u00a0km\/h.<\/p>\n<p class=\" wall-content\">Le tout sera accompagn\u00e9 de pluie,<strong> pr\u00e9vue pour samedi soir et dimanche, toute la journ\u00e9e.<\/strong><\/p>\n<p class=\" wall-content\">Pour le moment, aucune alerte m\u00e9t\u00e9orologique n\u2019est pr\u00e9vue.<\/p>\n<p class=\" wall-content\">Suivez toute l\u2019actualit\u00e9 de vos villes et m\u00e9dias favoris en vous inscrivant \u00e0 <a href=\"https:\/\/moncompte.actu.fr\" title=\"D\u00e9couvez Mon Actu\" rel=\"nofollow noopener\" data-trk=\"{&quot;cta&quot;:{&quot;action&quot;:&quot;https:\\\/\\\/moncompte.actu.fr&quot;,&quot;category&quot;:&quot;mon compte&quot;,&quot;from&quot;:&quot;article footer&quot;,&quot;name&quot;:&quot;Mon actu&quot;,&quot;type&quot;:&quot;cta&quot;}}\" target=\"_blank\">Mon Actu<\/a>.<\/p>\n","protected":false},"excerpt":{"rendered":"Par Benjamin Cohen Royer Publi\u00e9 le 7 avr. 2025 \u00e0 14h07 Apr\u00e8s un week-end et une m\u00e9t\u00e9o (quasi)&hellip;\n","protected":false},"author":2,"featured_media":11455,"comment_status":"","ping_status":"","sticky":false,"template":"","format":"standard","meta":{"footnotes":""},"categories":[2814],"tags":[1111,11,1777,674,1011,27,884,2487,2357,12,5448,4459,882,25],"class_list":{"0":"post-11454","1":"post","2":"type-post","3":"status-publish","4":"format-standard","5":"has-post-thumbnail","7":"category-marseille","8":"tag-actu","9":"tag-actualites","10":"tag-eu","11":"tag-europe","12":"tag-fr","13":"tag-france","14":"tag-marseille","15":"tag-meteo","16":"tag-meteo-france","17":"tag-news","18":"tag-plage-du-prado","19":"tag-pluie","20":"tag-provence-alpes-cote-dazur","21":"tag-republique-francaise"},"share_on_mastodon":{"url":"https:\/\/pubeurope.com\/@fr\/114305217616101650","error":""},"_links":{"self":[{"href":"https:\/\/www.europesays.com\/fr\/wp-json\/wp\/v2\/posts\/11454","targetHints":{"allow":["GET"]}}],"collection":[{"href":"https:\/\/www.europesays.com\/fr\/wp-json\/wp\/v2\/posts"}],"about":[{"href":"https:\/\/www.europesays.com\/fr\/wp-json\/wp\/v2\/types\/post"}],"author":[{"embeddable":true,"href":"https:\/\/www.europesays.com\/fr\/wp-json\/wp\/v2\/users\/2"}],"replies":[{"embeddable":true,"href":"https:\/\/www.europesays.com\/fr\/wp-json\/wp\/v2\/comments?post=11454"}],"version-history":[{"count":0,"href":"https:\/\/www.europesays.com\/fr\/wp-json\/wp\/v2\/posts\/11454\/revisions"}],"wp:featuredmedia":[{"embeddable":true,"href":"https:\/\/www.europesays.com\/fr\/wp-json\/wp\/v2\/media\/11455"}],"wp:attachment":[{"href":"https:\/\/www.europesays.com\/fr\/wp-json\/wp\/v2\/media?parent=11454"}],"wp:term":[{"taxonomy":"category","embeddable":true,"href":"https:\/\/www.europesays.com\/fr\/wp-json\/wp\/v2\/categories?post=11454"},{"taxonomy":"post_tag","embeddable":true,"href":"https:\/\/www.europesays.com\/fr\/wp-json\/wp\/v2\/tags?post=11454"}],"curies":[{"name":"wp","href":"https:\/\/api.w.org\/{rel}","templated":true}]}}