{"id":1145432,"date":"2026-08-24T06:16:14","date_gmt":"2026-08-24T06:16:14","guid":{"rendered":"https:\/\/www.europesays.com\/fr\/1145432\/"},"modified":"2026-08-24T06:16:14","modified_gmt":"2026-08-24T06:16:14","slug":"sncf-un-week-end-de-fortes-perturbations-attendu-sur-la-cote-dazur-en-septembre","status":"publish","type":"post","link":"https:\/\/www.europesays.com\/fr\/1145432\/","title":{"rendered":"SNCF : un week-end de fortes perturbations attendu sur la C\u00f4te d&rsquo;Azur en septembre"},"content":{"rendered":"<p melodystyle=\"\">Week-end compliqu\u00e9 en perspective pour les voyageurs azur\u00e9ens. SNCF R\u00e9seau va mener simultan\u00e9ment trois chantiers d&rsquo;envergure \u00e0 Marseille, Nice et entre Cannes et Grasse les samedi 19 et dimanche 20 septembre. Une organisation destin\u00e9e \u00e0 regrouper les interventions et \u00e0 limiter le nombre de p\u00e9riodes d&rsquo;interruption du trafic.<\/p>\n<p melodystyle=\"\">Sur la C\u00f4te d&rsquo;Azur, les cons\u00e9quences seront particuli\u00e8rement importantes le samedi 19 septembre. Les circulations seront totalement interrompues pendant 24 heures entre Antibes et Monaco, entre Nice et Breil ainsi qu&rsquo;entre Cannes et Grasse. Cette derni\u00e8re liaison restera \u00e9galement ferm\u00e9e le dimanche 20 septembre.<\/p>\n<p>Des travaux en gare de Nice-Ville<\/p>\n<p melodystyle=\"\">\u00c0 Nice, SNCF R\u00e9seau doit franchir une nouvelle \u00e9tape dans la modernisation des installations de la gare. L&rsquo;op\u00e9ration consistera \u00e0 mettre en t\u00e9l\u00e9commande l&rsquo;alimentation \u00e9lectrique des cat\u00e9naires et n\u00e9cessitera de couper leur alimentation pour l&rsquo;ensemble des circulations en gare de Nice-Ville.<\/p>\n<p melodystyle=\"\">Ces travaux s&rsquo;inscrivent dans le <a href=\"https:\/\/www.sncf-reseau.com\/fr\/travaux\/provence-alpes-cote-dazur\/modernisation-ligne-marseille-vintimille\" target=\"_blank\" rel=\"nofollow noopener\">projet Haute Performance Marseille-Vintimille<\/a> (HPMV), financ\u00e9 par l&rsquo;Union europ\u00e9enne, l&rsquo;\u00c9tat, la R\u00e9gion Sud et SNCF R\u00e9seau. Celui-ci pr\u00e9voit notamment le d\u00e9ploiement du syst\u00e8me europ\u00e9en de signalisation ERTMS et la commande \u00e0 distance des circulations. L&rsquo;objectif est, \u00e0 terme, de permettre aux trains de circuler de mani\u00e8re plus rapproch\u00e9e.<\/p>\n<p melodystyle=\"\">Entre Cannes et Grasse, la coupure permettra justement de r\u00e9aliser une premi\u00e8re s\u00e9rie d&rsquo;essais de ce nouveau syst\u00e8me de signalisation.<\/p>\n<p><img width=\"640\" height=\"359\" src=\"https:\/\/www.europesays.com\/fr\/wp-content\/uploads\/2026\/08\/sncf-un-week-end-de-fortes-perturbations-attendu-sur-la-cote-d-azur-en-septembre-2-1024x574.jpg\" class=\"attachment-large size-large\" alt=\"sncf un week end de fortes perturbations attendu sur la cote d azur en septembre 2\" decoding=\"async\" loading=\"lazy\"  \/><\/p>\n<p>Des perturbations jusqu&rsquo;\u00e0 Marseille<\/p>\n<p melodystyle=\"\">Les voyageurs se rendant vers Marseille seront \u00e9galement concern\u00e9s. Du samedi 19 septembre au dimanche 20 septembre \u00e0 11h30, le trafic sera interrompu entre Marseille Saint-Charles et Marseille Blancarde en raison de travaux pr\u00e9paratoires au remplacement du pont-rail de l&rsquo;avenue des Chartreux. Les liaisons r\u00e9gionales avec Toulon et Nice partiront et arriveront donc \u00e0 Marseille Blancarde. Les voyageurs en correspondance pourront rejoindre Saint-Charles avec la ligne 1 du m\u00e9tro.<\/p>\n","protected":false},"excerpt":{"rendered":"Week-end compliqu\u00e9 en perspective pour les voyageurs azur\u00e9ens. SNCF R\u00e9seau va mener simultan\u00e9ment trois chantiers d&rsquo;envergure \u00e0 Marseille,&hellip;\n","protected":false},"author":2,"featured_media":1145433,"comment_status":"","ping_status":"","sticky":false,"template":"","format":"standard","meta":{"footnotes":"","_share_on_mastodon":"0"},"categories":[2819],"tags":[1111,11,1777,674,1011,27,12,2401,883,882,25,35526,364],"class_list":["post-1145432","post","type-post","status-publish","format-standard","has-post-thumbnail","category-nice","tag-actu","tag-actualites","tag-eu","tag-europe","tag-fr","tag-france","tag-news","tag-nice","tag-paca","tag-provence-alpes-cote-dazur","tag-republique-francaise","tag-sncf-reseau","tag-union-europeenne"],"share_on_mastodon":{"url":"https:\/\/pubeurope.com\/@fr\/117149028715402842","error":""},"_links":{"self":[{"href":"https:\/\/www.europesays.com\/fr\/wp-json\/wp\/v2\/posts\/1145432","targetHints":{"allow":["GET"]}}],"collection":[{"href":"https:\/\/www.europesays.com\/fr\/wp-json\/wp\/v2\/posts"}],"about":[{"href":"https:\/\/www.europesays.com\/fr\/wp-json\/wp\/v2\/types\/post"}],"author":[{"embeddable":true,"href":"https:\/\/www.europesays.com\/fr\/wp-json\/wp\/v2\/users\/2"}],"replies":[{"embeddable":true,"href":"https:\/\/www.europesays.com\/fr\/wp-json\/wp\/v2\/comments?post=1145432"}],"version-history":[{"count":0,"href":"https:\/\/www.europesays.com\/fr\/wp-json\/wp\/v2\/posts\/1145432\/revisions"}],"wp:featuredmedia":[{"embeddable":true,"href":"https:\/\/www.europesays.com\/fr\/wp-json\/wp\/v2\/media\/1145433"}],"wp:attachment":[{"href":"https:\/\/www.europesays.com\/fr\/wp-json\/wp\/v2\/media?parent=1145432"}],"wp:term":[{"taxonomy":"category","embeddable":true,"href":"https:\/\/www.europesays.com\/fr\/wp-json\/wp\/v2\/categories?post=1145432"},{"taxonomy":"post_tag","embeddable":true,"href":"https:\/\/www.europesays.com\/fr\/wp-json\/wp\/v2\/tags?post=1145432"}],"curies":[{"name":"wp","href":"https:\/\/api.w.org\/{rel}","templated":true}]}}