{"id":1145526,"date":"2026-08-24T07:28:20","date_gmt":"2026-08-24T07:28:20","guid":{"rendered":"https:\/\/www.europesays.com\/fr\/1145526\/"},"modified":"2026-08-24T07:28:20","modified_gmt":"2026-08-24T07:28:20","slug":"la-destination-de-lete-indien-les-voyageurs-se-tournent-vers-cette-ile-secrete-au-large-de-toulon-sans-voitures-et-sans-pollution","status":"publish","type":"post","link":"https:\/\/www.europesays.com\/fr\/1145526\/","title":{"rendered":"\u00ab\u00a0La destination de l&rsquo;\u00e9t\u00e9 indien\u00a0\u00bb : les voyageurs se tournent vers cette \u00eele secr\u00e8te au large de Toulon, sans voitures et sans pollution"},"content":{"rendered":"<p>La France regorge de <a href=\"https:\/\/www.grazia.fr\/lifestyle\/voyages\/adieu-litalie-saturee-de-touristes-voici-la-destination-europeenne-canon-pour-profiter-dun-sejour-au-calme-1134606.html\" rel=\"nofollow noopener\" target=\"_blank\"><br \/>\ndestinations fabuleuses<\/a> qui demeurent encore confidentielles.<br \/>\nC\u2019est le cas notamment d\u2019une \u00eele secr\u00e8te situ\u00e9e au large de<br \/>\n<strong>Six-Fours-les-Plages<\/strong>, \u00e0 seulement une quinzaine de<br \/>\nminutes de Toulon. Mise en lumi\u00e8re par le m\u00e9dia <a href=\"https:\/\/ulysse.com\/news\/ile-sans-voitures-france-15-minutes-toulon\" target=\"_blank\" rel=\"nofollow noopener\">Ulysse<\/a>,<br \/>\n<strong>l&rsquo;\u00eele des Embiez<\/strong> est un v\u00e9ritable paradis<br \/>\nterrestre peu connu. Cet \u00e9crin pr\u00e9serv\u00e9 de la <a href=\"https:\/\/www.grazia.fr\/lifestyle\/voyages\/exit-les-maldives-cette-ile-de-mediterranee-offre-dincroyables-eaux-turquoise-et-ce-sont-les-plus-propres-deurope-1100030.html\" rel=\"nofollow noopener\" target=\"_blank\"><br \/>\nM\u00e9diterran\u00e9e<\/a> qui s\u2019\u00e9tale sur 95 hectares offre un cadre<br \/>\nidyllique, sans voitures, ni nuisances urbaines, loin du tumulte<br \/>\ndes grandes <a href=\"https:\/\/www.grazia.fr\/lifestyle\/voyages\/envie-de-voir-la-mer-direction-cette-station-balneaire-idyllique-a-moins-de-3-heures-de-paris-1075428.html\" rel=\"nofollow noopener\" target=\"_blank\"><br \/>\nstations baln\u00e9aires<\/a>.\u00a0<\/p>\n<p>L&rsquo;\u00eele des Embiez, un mod\u00e8le de pr\u00e9servation<br \/>\nenvironnementale<\/p>\n<p>Depuis son acquisition en 1958 par <strong>Paul Ricard<\/strong>,<br \/>\nune politique stricte de conservation a \u00e9t\u00e9 mise en place pour<br \/>\npr\u00e9server cette \u00eele d\u2019un point de vue environnemental. Les sentiers<br \/>\nbalis\u00e9s limitent l&rsquo;\u00e9rosion, tandis que la v\u00e9g\u00e9tation<br \/>\nm\u00e9diterran\u00e9enne s\u2019\u00e9panouit sans entrave. Comme le rapporte le m\u00e9dia<br \/>\nUlysse, ce sanctuaire naturel abrite une incroyable<br \/>\ndiversit\u00e9 d&rsquo;esp\u00e8ces, allant des cormorans aux pins d&rsquo;Alep. Les<br \/>\nfonds marins sont quant \u00e0 eux peupl\u00e9s de plantes sous-marines rares<br \/>\ncomme les posidonies, qui oxyg\u00e8nent l&rsquo;\u00e9cosyst\u00e8me. Le respect de la<br \/>\nbiodiversit\u00e9 est une priorit\u00e9 sur l&rsquo;\u00eele, qui b\u00e9n\u00e9ficie du label<br \/>\nPavillon Bleu et fait partie du r\u00e9seau Natura 2000. Cr\u00e9\u00e9 en 1966,<br \/>\nl\u2019Institut oc\u00e9anographique Paul Ricard continue \u00e0 \u0153uvrer pour la<br \/>\nprotection des \u00e9cosyst\u00e8mes marins et pour le respect de<br \/>\nl\u2019environnement comme le voulait son cr\u00e9ateur. On peut d\u2019ailleurs<br \/>\nle visiter pour en apprendre plus sur les fonds marins et les<br \/>\ninitiatives men\u00e9es pour pr\u00e9server la biodiversit\u00e9.<\/p>\n<p>Avec pas moins de 7 km de sentiers balis\u00e9s, l&rsquo;\u00eele se parcourt<br \/>\nexclusivement \u00e0 pied ou \u00e0 v\u00e9lo. L\u2019occasion de d\u00e9couvrir ses<br \/>\npaysages vari\u00e9s, entre falaises abruptes et criques cach\u00e9es. En<br \/>\ngrimpant sur les hauteurs de l\u2019\u00eele, on peut profiter d\u2019un sublime<br \/>\npanorama sur la c\u00f4te varoise et la grande bleue. L\u2019\u00eele des Embiez<br \/>\nest par ailleurs bien connue des amateurs de snorkeling \u00e9tant donn\u00e9<br \/>\nque ses eaux limpides sont id\u00e9ales pour l\u2019exploration sous-marine<br \/>\net que l\u2019on peut y apercevoir tr\u00e8s facilement des bancs de<br \/>\npoissons.<\/p>\n<p>Comment acc\u00e9der \u00e0 l&rsquo;\u00eele des Embiez<br \/>\n?<\/p>\n<p>Pour une pause farniente, on s\u2019aventure du c\u00f4t\u00e9 des plages et<br \/>\ndes criques sauvages qui rappellent fortement celles que l\u2019on<br \/>\npourrait retrouver en Corse par exemple. Il faut \u00e9galement savoir<br \/>\nque l&rsquo;\u00eele des Embiez dispose de son propre vignoble, avec des<br \/>\nvignes qui s\u2019\u00e9tendent sur 10 hectares, o\u00f9 sont produits des vins<br \/>\nAOC C\u00f4tes de Provence. L\u2019\u00eele des Embiez est accessible uniquement<br \/>\npar bateau depuis le port du Brusc. La travers\u00e9e dure environ une<br \/>\ndouzaine de minutes avec des navettes qui assurent la liaison toute<br \/>\nl\u2019ann\u00e9e.\u00a0\u00a0<\/p>\n<blockquote class=\"instagram-media\" style=\"background: #ffffff;border: 0;margin: 1px;width: 100%;padding: 0;max-width: 500px;\" data-instgrm-permalink=\"https:\/\/www.instagram.com\/p\/DF2xBgMoLHI\/\" data-instgrm-version=\"14\"\/>\n<p><script async src=\"\/\/www.instagram.com\/embed.js\"><\/script><\/p>\n","protected":false},"excerpt":{"rendered":"La France regorge de destinations fabuleuses qui demeurent encore confidentielles. C\u2019est le cas notamment d\u2019une \u00eele secr\u00e8te situ\u00e9e&hellip;\n","protected":false},"author":2,"featured_media":930637,"comment_status":"","ping_status":"","sticky":false,"template":"","format":"standard","meta":{"footnotes":"","_share_on_mastodon":"0"},"categories":[9619],"tags":[1111,11,1777,674,1011,27,12,882,25,6055,2310],"class_list":["post-1145526","post","type-post","status-publish","format-standard","has-post-thumbnail","category-toulon","tag-actu","tag-actualites","tag-eu","tag-europe","tag-fr","tag-france","tag-news","tag-provence-alpes-cote-dazur","tag-republique-francaise","tag-republishing","tag-toulon"],"share_on_mastodon":{"url":"https:\/\/pubeurope.com\/@fr\/117149309756104944","error":""},"_links":{"self":[{"href":"https:\/\/www.europesays.com\/fr\/wp-json\/wp\/v2\/posts\/1145526","targetHints":{"allow":["GET"]}}],"collection":[{"href":"https:\/\/www.europesays.com\/fr\/wp-json\/wp\/v2\/posts"}],"about":[{"href":"https:\/\/www.europesays.com\/fr\/wp-json\/wp\/v2\/types\/post"}],"author":[{"embeddable":true,"href":"https:\/\/www.europesays.com\/fr\/wp-json\/wp\/v2\/users\/2"}],"replies":[{"embeddable":true,"href":"https:\/\/www.europesays.com\/fr\/wp-json\/wp\/v2\/comments?post=1145526"}],"version-history":[{"count":0,"href":"https:\/\/www.europesays.com\/fr\/wp-json\/wp\/v2\/posts\/1145526\/revisions"}],"wp:featuredmedia":[{"embeddable":true,"href":"https:\/\/www.europesays.com\/fr\/wp-json\/wp\/v2\/media\/930637"}],"wp:attachment":[{"href":"https:\/\/www.europesays.com\/fr\/wp-json\/wp\/v2\/media?parent=1145526"}],"wp:term":[{"taxonomy":"category","embeddable":true,"href":"https:\/\/www.europesays.com\/fr\/wp-json\/wp\/v2\/categories?post=1145526"},{"taxonomy":"post_tag","embeddable":true,"href":"https:\/\/www.europesays.com\/fr\/wp-json\/wp\/v2\/tags?post=1145526"}],"curies":[{"name":"wp","href":"https:\/\/api.w.org\/{rel}","templated":true}]}}