{"id":114554,"date":"2025-05-20T14:51:10","date_gmt":"2025-05-20T14:51:10","guid":{"rendered":"https:\/\/www.europesays.com\/fr\/114554\/"},"modified":"2025-05-20T14:51:10","modified_gmt":"2025-05-20T14:51:10","slug":"un-incident-devant-une-association-revele-une-serie-de-vols","status":"publish","type":"post","link":"https:\/\/www.europesays.com\/fr\/114554\/","title":{"rendered":"un incident devant une association r\u00e9v\u00e8le une s\u00e9rie de vols"},"content":{"rendered":"<p>\n\t\t\t\t\tUne altercation devant une association \u00e0 Montpellier conduit un jeune homme devant la justice. Ce dernier est \u00e9galement mis en cause pour vols. \t\t\t\t<\/p>\n<p>\n\t\t\t\t\t\t\t\t\t\u00a9 Photo d\u2019illustration .\t\t\t\t\t\t\t\t<\/p>\n<p>Le 16 mai dernier, les policiers sont intervenus <strong>avenue de Boirargues<\/strong>, \u00e0 <a href=\"https:\/\/infoccitanie.fr\/tag\/montpellier\/\" target=\"_blank\" rel=\"noopener\">Montpellier<\/a>, suite \u00e0 l\u2019appel d\u2019un b\u00e9n\u00e9vole de <strong>l\u2019Association Humanitaire de Montpellier<\/strong>. Ce dernier affirme avoir \u00e9t\u00e9 <strong>insult\u00e9<\/strong> et <strong>menac\u00e9<\/strong> avec un <strong>couteau<\/strong> par un b\u00e9n\u00e9ficiaire. \u00c0 leur arriv\u00e9e, les forces de l\u2019ordre rep\u00e8rent un homme semblant se d\u00e9barrasser d\u2019un objet. Ils d\u00e9couvrent un couteau \u00e0 proximit\u00e9. Ils proc\u00e8dent imm\u00e9diatement \u00e0 son interpellation. <strong>Que s\u2019est-il pass\u00e9 devant les locaux de cette association ?<\/strong> D\u2019apr\u00e8s les informations recueillies, l\u2019individu \u00e9tait<strong> interdit d\u2019acc\u00e8s<\/strong> notamment en raison de soup\u00e7ons de vols dans les v\u00e9hicules de b\u00e9n\u00e9voles. Lorsqu\u2019il tente malgr\u00e9 tout d\u2019entrer, l\u2019agent de s\u00e9curit\u00e9 lui refuse l\u2019acc\u00e8s. S\u2019en suivent des insultes \u2026 d\u2019une telle violence qu\u2019elles n\u00e9cessitent l\u2019intervention d\u2019un second b\u00e9n\u00e9vole. C\u2019est \u00e0 ce moment que le b\u00e9n\u00e9vole alerte les forces de l\u2019ordre.<\/p>\n<p>Il aurait menac\u00e9 un b\u00e9n\u00e9vole avec un couteau<\/p>\n<p>Plac\u00e9 en <strong>garde \u00e0 vue<\/strong>, le suspect refuse de donner ses empreintes. <strong>L\u2019enqu\u00eate<\/strong> r\u00e9v\u00e8le par ailleurs sa possible implication dans des vols \u00e0 l\u2019int\u00e9rieur de voitures. En effet, son sang a \u00e9t\u00e9 retrouv\u00e9 sur le levier de vitesse d\u2019un v\u00e9hicule concern\u00e9.<\/p>\n<p>Mis en cause pour <strong>violences avec menaces d\u2019une arme et vols<\/strong>, le pr\u00e9venu a \u00e9t\u00e9 jug\u00e9 par <a href=\"https:\/\/infoccitanie.fr\/tag\/tribunal\/\" target=\"_blank\" rel=\"noopener\">le tribunal correctionnel de Montpellier<\/a> ce lundi 19 mai. Effectivement, il reconna\u00eet bien la dispute et les insultes \u00e0 l\u2019encontre des b\u00e9n\u00e9voles. Cependant, il nie fermement avoir \u00e9t\u00e9 en possession d\u2019un couteau. \u00ab\u00a0Comment votre sang s\u2019est retrouv\u00e9 dans la voiture\u00a0?\u00a0\u00bb, questionne le pr\u00e9sident \u00e0 propos des vols dans les voitures. Il nie toute implication dans ces faits. \u00c2g\u00e9 de 20 ans, visiblement boulevers\u00e9, il fond en larmes en croisant le regard de sa compagne enceinte, venue assister \u00e0 l\u2019audience.<\/p>\n<p>\u00c0 l\u2019issue des d\u00e9bats, le tribunal le d\u00e9clare <strong>coupable<\/strong>. Il est condamn\u00e9 \u00e0<strong> 12 mois de prison assortis du sursis simple<\/strong>. Il a \u00e9galement l\u2019interdiction de port d\u2019arme et d\u2019acc\u00e8s \u00e0 l\u2019Association Humanitaire de Montpellier durant 5 ans.<\/p>\n<p><a data-no-instant=\"1\" href=\"https:\/\/billetterie.usam-nimesgard.fr\/\" rel=\"noopener\" class=\"a2t-link\" aria-label=\"937-image\" target=\"_blank\"><img decoding=\"async\" src=\"https:\/\/www.europesays.com\/fr\/wp-content\/uploads\/2025\/05\/937-image.png\" alt=\"\"  \/><\/a>\t\t\t\t<\/p>\n","protected":false},"excerpt":{"rendered":"Une altercation devant une association \u00e0 Montpellier conduit un jeune homme devant la justice. Ce dernier est \u00e9galement&hellip;\n","protected":false},"author":2,"featured_media":114555,"comment_status":"","ping_status":"","sticky":false,"template":"","format":"standard","meta":{"footnotes":""},"categories":[9599],"tags":[1111,11,1777,674,1011,27,2208,12,2680,25,3693],"class_list":{"0":"post-114554","1":"post","2":"type-post","3":"status-publish","4":"format-standard","5":"has-post-thumbnail","7":"category-montpellier","8":"tag-actu","9":"tag-actualites","10":"tag-eu","11":"tag-europe","12":"tag-fr","13":"tag-france","14":"tag-montpellier","15":"tag-news","16":"tag-occitanie","17":"tag-republique-francaise","18":"tag-tribunal"},"share_on_mastodon":{"url":"https:\/\/pubeurope.com\/@fr\/114540726474242848","error":""},"_links":{"self":[{"href":"https:\/\/www.europesays.com\/fr\/wp-json\/wp\/v2\/posts\/114554","targetHints":{"allow":["GET"]}}],"collection":[{"href":"https:\/\/www.europesays.com\/fr\/wp-json\/wp\/v2\/posts"}],"about":[{"href":"https:\/\/www.europesays.com\/fr\/wp-json\/wp\/v2\/types\/post"}],"author":[{"embeddable":true,"href":"https:\/\/www.europesays.com\/fr\/wp-json\/wp\/v2\/users\/2"}],"replies":[{"embeddable":true,"href":"https:\/\/www.europesays.com\/fr\/wp-json\/wp\/v2\/comments?post=114554"}],"version-history":[{"count":0,"href":"https:\/\/www.europesays.com\/fr\/wp-json\/wp\/v2\/posts\/114554\/revisions"}],"wp:featuredmedia":[{"embeddable":true,"href":"https:\/\/www.europesays.com\/fr\/wp-json\/wp\/v2\/media\/114555"}],"wp:attachment":[{"href":"https:\/\/www.europesays.com\/fr\/wp-json\/wp\/v2\/media?parent=114554"}],"wp:term":[{"taxonomy":"category","embeddable":true,"href":"https:\/\/www.europesays.com\/fr\/wp-json\/wp\/v2\/categories?post=114554"},{"taxonomy":"post_tag","embeddable":true,"href":"https:\/\/www.europesays.com\/fr\/wp-json\/wp\/v2\/tags?post=114554"}],"curies":[{"name":"wp","href":"https:\/\/api.w.org\/{rel}","templated":true}]}}