{"id":114560,"date":"2025-05-20T14:56:10","date_gmt":"2025-05-20T14:56:10","guid":{"rendered":"https:\/\/www.europesays.com\/fr\/114560\/"},"modified":"2025-05-20T14:56:10","modified_gmt":"2025-05-20T14:56:10","slug":"pres-de-grenoble-quatre-copains-vont-faire-revivre-lunique-bistro-de-leur-village","status":"publish","type":"post","link":"https:\/\/www.europesays.com\/fr\/114560\/","title":{"rendered":"Pr\u00e8s de Grenoble. Quatre copains vont faire revivre l&rsquo;unique bistro de leur village"},"content":{"rendered":"<p>            Par<br \/>\n        <strong><br \/>\n            <a href=\"https:\/\/actu.fr\/auteur\/lisa-rodrigues\" title=\"Consulter tous les articles de Lisa Rodrigues\" rel=\"nofollow noopener\" target=\"_blank\">Lisa Rodrigues<\/a><br \/>\n        <\/strong><\/p>\n<p>        Publi\u00e9 le<\/p>\n<p>            20 mai 2025 \u00e0 16h42        <\/p>\n<p>Venon, un peu plus de 800 habitants au compteur, est nich\u00e9 sur les hauteurs de l\u2019agglom\u00e9ration de <a href=\"https:\/\/actu.fr\/grenoble\/\" rel=\"nofollow noopener\" target=\"_blank\">Grenoble<\/a>. Au c\u0153ur du village, \u00e0 deux pas de l\u2019\u00e9glise, se trouve le seul commerce du coin : Le Petit Bistro, <strong>une institution depuis presque 50 ans<\/strong> sur la commune.<br \/>Ferm\u00e9 depuis plusieurs mois, il <strong>va reprendre vie<\/strong> d\u2019ici quelques semaines gr\u00e2ce \u00e0 une bande de quatre copains, habitants de Venon.<\/p>\n<p>    <a href=\"https:\/\/www.google.com\/maps\/embed?pb=!1m18!1m12!1m3!1d2812.717273852121!2d5.801908076134634!3d45.17257477107068!2m3!1f0!2f0!3f0!3m2!1i1024!2i768!4f13.1!3m3!1m2!1s0x478a5fb8950f8535%3A0x5332ca3a1b0e393!2sLe%20Petit%20Bistro!5e0!3m2!1sfr!2sfr!4v1747735632469!5m2!1sfr!2sfr\" title=\"Ouvrie le lien\" rel=\"nofollow noopener\" target=\"_blank\">Cliquez ici pour visualiser le contenu<\/a><\/p>\n<p>\u00ab\u00a0Ce n\u2019est pas simplement un restaurant\u00a0\u00bb<\/p>\n<p class=\" wall-content\">Ayant eux-m\u00eames fr\u00e9quent\u00e9 les lieux, ils tombent rapidement sous le charme du bistrot. Au d\u00e9part, l\u2019id\u00e9e de racheter un jour le fonds de commerce est lanc\u00e9e \u00e0 la vol\u00e9e. \u00ab\u00a0On s\u2019\u00e9tait dit qu\u2019on allait reprendre le bistro quand l\u2019ancienne propri\u00e9taire allait vendre\u00a0\u00bb, relatent Alice D\u00e9lu et Manon Bocquentin \u00e0 actu Grenoble.<\/p>\n<blockquote class=\"ac-article-quote wall-content\">\n<p>Ce n&rsquo;est pas simplement un restaurant, c&rsquo;est autre chose. C&rsquo;est un lieu g\u00e9nial, un lieu de vie !<\/p>\n<p>    <strong>Alice D\u00e9lu et Manon Bocquentin<\/strong><br \/>\n        Co-g\u00e9rantes du Petit Bistro de Venon    <\/p><\/blockquote>\n<p class=\" wall-content\">L\u2019id\u00e9e de reprise ne sort pas vraiment de nulle part : les deux jeunes femmes connaissent bien le monde de la restauration. Manon Bocquentin est alors l\u2019une des cheffes du <a href=\"https:\/\/actu.fr\/auvergne-rhone-alpes\/grenoble_38185\/guide-michelin-ce-restaurant-de-grenoble-a-le-meilleur-rapport-qualite-prix_57346093.html\" rel=\"nofollow noopener\" target=\"_blank\">restaurant Jeanette<\/a> \u00e0 Grenoble (ferm\u00e9 en mars) et Alice D\u00e9lu travaille \u00e0 l\u2019association Les Mijot\u00e9es, qui propose un service de traiteur. Les deux autres membres du quatuor, Cl\u00e9ment Savornin et Willy Dutilleul, sont respectivement salari\u00e9s dans le b\u00e2timent et architecte.<\/p>\n<p class=\" wall-content\">Et il y a un an et demi, l\u2019opportunit\u00e9 de rachat se pr\u00e9sente au groupe. Ils reconsid\u00e8rent plus s\u00e9rieusement leur projet et finissent par se lancer. Ils cr\u00e9ent une SCOP (soci\u00e9t\u00e9 coop\u00e9rative et participative) et obtiennent le soutien d\u2019une fonci\u00e8re solidaire, <a href=\"https:\/\/villagesvivants.com\/\" rel=\"nofollow noopener\" target=\"_blank\">Villages vivants<\/a>, pour racheter les murs.\u00a0<\/p>\n<p>Un restaurant qui fait aussi \u00e9picerie et relais poste\u00a0<\/p>\n<p class=\" wall-content\">En cette fin du mois de mai, les quatre copains sont en plein dans les travaux de r\u00e9novation du restaurant : isolation, toiture, mise aux normes de la cuisine\u2026 Tout y passe.\u00a0<\/p>\n<p>    <img   decoding=\"async\" loading=\"lazy\" src=\"https:\/\/www.europesays.com\/fr\/wp-content\/uploads\/2025\/05\/petit-bistro-de-venon-960x640.jpeg\" alt=\"Les travaux sont en cours dans le bistro de Venon, institution du village depuis 50 ans.\" width=\"960\" height=\"640\"\/><br \/>\n    Les travaux sont en cours dans le bistro de Venon, institution du village depuis 50 ans. (\u00a9Lisa Rodrigues \/ actu Grenoble)<\/p>\n<p class=\" wall-content\">Les quatre associ\u00e9s veulent proposer leurs premiers rendez-vous festifs d\u00e8s le mois de juillet, sur la terrasse de l\u2019\u00e9tablissement transform\u00e9e pour l\u2019occasion. \u00ab\u00a0On va organiser des \u00e9v\u00e9nements deux fois par mois, \u00e9t\u00e9 comme hiver\u00a0\u00bb, assure Alice D\u00e9lu, qui assurera la programmation avec Willy Dutilleul. \u00c0 15 minutes en voiture de Grenoble et \u00e0 proximit\u00e9 du <a href=\"https:\/\/actu.fr\/auvergne-rhone-alpes\/grenoble_38185\/grenoble-agressions-en-serie-sur-le-campus-des-situations-prises-tres-au-serieux_62184163.html\" rel=\"nofollow noopener\" target=\"_blank\">domaine universitaire de Gi\u00e8res<\/a>, les trentenaires esp\u00e8rent attirer au-del\u00e0 des 800 \u00e2mes de Venon.\u00a0<\/p>\n<p class=\" wall-content\">Le restaurant, lui, <strong>n\u2019ouvrira qu\u2019en septembre<\/strong>. Le service du midi proposera une offre de restauration classique, tandis que le service du soir se concentrera sur une offre de bar avec assiettes et planches \u00e0 partager. Le tout, avec des produits locaux. En cuisine, Manon Bocquentin sera aid\u00e9e d\u2019une salari\u00e9e, tandis que Cl\u00e9ment Savornin s\u2019occupera du bar.<\/p>\n<p class=\" wall-content\">Et petite nouveaut\u00e9 :\u00a0 Le Petit Bistro fera \u00e9galement <strong>\u00e9picerie d\u2019appoint<\/strong> et <strong>relais La Poste<\/strong> pour les habitants.<\/p>\n<p>\u00ab\u00a0Les gens nous attendent\u00a0\u00bb<\/p>\n<p class=\" wall-content\">Les quatre amis sont impatients d\u2019ouvrir et n\u2019h\u00e9sitent pas \u00e0 pr\u00e9senter leur projet aux curieux et locaux qui passent les voir au restaurant. Ils ont \u00e9galement lanc\u00e9 des chantiers participatifs pour am\u00e9nager une partie des ext\u00e9rieurs et ont ouvert <a href=\"https:\/\/fr.ulule.com\/le-petit-bistro-de-venon\/\" rel=\"nofollow noopener\" target=\"_blank\">une cagnotte en ligne<\/a> pour les aider sur la fin des travaux.<\/p>\n<p class=\" wall-content\">\u00ab\u00a0Les gens nous attendent\u00a0\u00bb, sourit Manon Bocquentin. \u00ab\u00a0Mais c\u2019est une bonne pression, encha\u00eene Alice D\u00e9lu. <a href=\"https:\/\/actu.fr\/auvergne-rhone-alpes\/venon_38533\" rel=\"nofollow noopener\" target=\"_blank\">Venon<\/a> bouge d\u00e9j\u00e0 sans commerce, mais l\u00e0, Le Petit Bistro sera <strong>un lieu rep\u00e8re<\/strong>. On veut qu\u2019il corresponde \u00e0 tout le monde.\u00a0\u00bb<\/p>\n<p class=\" wall-content\">Tout en faisant en sorte de garder \u00ab\u00a0cet esprit bistrot de village\u00a0\u00bb cher aux habitants.<\/p>\n<p class=\" wall-content\">Suivez toute l\u2019actualit\u00e9 de vos villes et m\u00e9dias favoris en vous inscrivant \u00e0 <a href=\"https:\/\/moncompte.actu.fr\" title=\"D\u00e9couvez Mon Actu\" rel=\"nofollow noopener\" data-trk=\"{&quot;cta&quot;:{&quot;action&quot;:&quot;https:\\\/\\\/moncompte.actu.fr&quot;,&quot;category&quot;:&quot;mon compte&quot;,&quot;from&quot;:&quot;article footer&quot;,&quot;name&quot;:&quot;Mon actu&quot;,&quot;type&quot;:&quot;cta&quot;}}\" target=\"_blank\">Mon Actu<\/a>.<\/p>\n","protected":false},"excerpt":{"rendered":"Par Lisa Rodrigues Publi\u00e9 le 20 mai 2025 \u00e0 16h42 Venon, un peu plus de 800 habitants au&hellip;\n","protected":false},"author":2,"featured_media":114561,"comment_status":"","ping_status":"","sticky":false,"template":"","format":"standard","meta":{"footnotes":""},"categories":[9566],"tags":[1111,11,2430,215,1777,674,1011,27,2731,12,25,1340,104],"class_list":{"0":"post-114560","1":"post","2":"type-post","3":"status-publish","4":"format-standard","5":"has-post-thumbnail","7":"category-grenoble","8":"tag-actu","9":"tag-actualites","10":"tag-auvergne-rhone-alpes","11":"tag-commerce","12":"tag-eu","13":"tag-europe","14":"tag-fr","15":"tag-france","16":"tag-grenoble","17":"tag-news","18":"tag-republique-francaise","19":"tag-restaurant","20":"tag-societe"},"share_on_mastodon":{"url":"https:\/\/pubeurope.com\/@fr\/114540746167249496","error":""},"_links":{"self":[{"href":"https:\/\/www.europesays.com\/fr\/wp-json\/wp\/v2\/posts\/114560","targetHints":{"allow":["GET"]}}],"collection":[{"href":"https:\/\/www.europesays.com\/fr\/wp-json\/wp\/v2\/posts"}],"about":[{"href":"https:\/\/www.europesays.com\/fr\/wp-json\/wp\/v2\/types\/post"}],"author":[{"embeddable":true,"href":"https:\/\/www.europesays.com\/fr\/wp-json\/wp\/v2\/users\/2"}],"replies":[{"embeddable":true,"href":"https:\/\/www.europesays.com\/fr\/wp-json\/wp\/v2\/comments?post=114560"}],"version-history":[{"count":0,"href":"https:\/\/www.europesays.com\/fr\/wp-json\/wp\/v2\/posts\/114560\/revisions"}],"wp:featuredmedia":[{"embeddable":true,"href":"https:\/\/www.europesays.com\/fr\/wp-json\/wp\/v2\/media\/114561"}],"wp:attachment":[{"href":"https:\/\/www.europesays.com\/fr\/wp-json\/wp\/v2\/media?parent=114560"}],"wp:term":[{"taxonomy":"category","embeddable":true,"href":"https:\/\/www.europesays.com\/fr\/wp-json\/wp\/v2\/categories?post=114560"},{"taxonomy":"post_tag","embeddable":true,"href":"https:\/\/www.europesays.com\/fr\/wp-json\/wp\/v2\/tags?post=114560"}],"curies":[{"name":"wp","href":"https:\/\/api.w.org\/{rel}","templated":true}]}}